

{"id":36390,"date":"2017-01-09T14:58:25","date_gmt":"2017-01-09T16:58:25","guid":{"rendered":"https:\/\/siteshom.goias.gov.br\/educacao\/ufg-abre-vagas-em-programa-inclusivo\/"},"modified":"2017-01-09T14:58:25","modified_gmt":"2017-01-09T16:58:25","slug":"ufg-abre-vagas-em-programa-inclusivo","status":"publish","type":"post","link":"https:\/\/goias.gov.br\/educacao\/ufg-abre-vagas-em-programa-inclusivo\/","title":{"rendered":"UFG abre vagas em programa inclusivo"},"content":{"rendered":"<p><em>Programa UFGInclui abre portas da Universidade Federal de Goi\u00e1s para ind\u00edgenas e quilombolas<\/em><\/p>\n<p>&nbsp;<\/p>\n<p>A Universidade Federal de Goi\u00e1s (UFG) est\u00e1 com inscri\u00e7\u00f5es abertas para o Programa UFGInclui at\u00e9 o dia 26\/1 no \u00a0<a href=\"https:\/\/www.cs.ufg.br\/\" target=\"_blank\" rel=\"noopener\"><em><strong>site<\/strong><\/em> do Centro de Sele\u00e7\u00e3o da UFG<\/a>. A iniciativa gera uma vaga extra em cada curso que tiver demanda de ind\u00edgena e quilombola, bem como para candidatos surdos na gradua\u00e7\u00e3o Letras Libras, quando oriundos de escola p\u00fablica.<\/p>\n<p>Podem se inscrever no programa, integrantes de comunidades ind\u00edgenas e de quilombolas que tenham cursado todo o Ensino M\u00e9dio em escola p\u00fablica. A sele\u00e7\u00e3o tem como crit\u00e9rio a pontua\u00e7\u00e3o obtida pelo candidato no Exame Nacional do Ensino M\u00e9dio (ENEM). Assim como os estudantes ind\u00edgenas e quilombolas que ingressem por outras modalidades, o acad\u00eamico do UFGInclui desfruta de uma\u00a0<a href=\"https:\/\/procom.ufg.br\/pages\/46864-programa-de-bolsa-permanencia-mec\" target=\"_blank\" rel=\"noopener\"><strong>bolsa perman\u00eancia do Minist\u00e9rio da Educa\u00e7\u00e3o de R$ 900 reais<\/strong><\/a>, bem como de acompanhamento acad\u00eamico por parte da UFG.<\/p>\n<p>Os candidatos quilombolas e ind\u00edgenas s\u00e3o classificados por curso, em ordem decrescente de pontua\u00e7\u00e3o. Os melhores classificados em cada curso ofertado na UFG preencher\u00e3o a vaga extra destinada a essa categoria de candidatos. O resultado preliminar do Processo Seletivo ser\u00e1 divulgado no dia 23 de fevereiro no <em>site<\/em> da institui\u00e7\u00e3o de ensino.<\/p>\n<p>&nbsp;<\/p>\n<p>Goi\u00e2nia, 9 de janeiro de 2017.<\/p>\n<p><em>Comunica\u00e7\u00e3o Setorial da Seduce<\/em><\/p>\n","protected":false},"excerpt":{"rendered":"<p>Programa UFGInclui abre portas da Universidade Federal de Goi\u00e1s para ind\u00edgenas e quilombolas &nbsp; A Universidade Federal de Goi\u00e1s (UFG) est\u00e1 com inscri\u00e7\u00f5es abertas para o Programa UFGInclui at\u00e9 o dia 26\/1 no \u00a0site do Centro de Sele\u00e7\u00e3o da UFG. A iniciativa gera uma vaga extra em cada curso que tiver demanda de ind\u00edgena e [&hellip;]<\/p>\n","protected":false},"author":861,"featured_media":0,"comment_status":"closed","ping_status":"open","sticky":false,"template":"","format":"standard","meta":{"footnotes":""},"categories":[4801],"tags":[4851,4850],"class_list":["post-36390","post","type-post","status-publish","format-standard","hentry","category-noticias","tag-destaque","tag-educacao"],"rttpg_featured_image_url":null,"rttpg_author":{"display_name":"gustavomgomes","author_link":"https:\/\/goias.gov.br\/educacao\/author\/gustavomgomes\/"},"rttpg_comment":0,"rttpg_category":"<a href=\"https:\/\/goias.gov.br\/educacao\/categoria\/noticias\/\" rel=\"category tag\">Not\u00edcias<\/a>","rttpg_excerpt":"Programa UFGInclui abre portas da Universidade Federal de Goi\u00e1s para ind\u00edgenas e quilombolas &nbsp; A Universidade Federal de Goi\u00e1s (UFG) est\u00e1 com inscri\u00e7\u00f5es abertas para o Programa UFGInclui at\u00e9 o dia 26\/1 no \u00a0site do Centro de Sele\u00e7\u00e3o da UFG. A iniciativa gera uma vaga extra em cada curso que tiver demanda de ind\u00edgena e&hellip;","_links":{"self":[{"href":"https:\/\/goias.gov.br\/educacao\/wp-json\/wp\/v2\/posts\/36390","targetHints":{"allow":["GET"]}}],"collection":[{"href":"https:\/\/goias.gov.br\/educacao\/wp-json\/wp\/v2\/posts"}],"about":[{"href":"https:\/\/goias.gov.br\/educacao\/wp-json\/wp\/v2\/types\/post"}],"author":[{"embeddable":true,"href":"https:\/\/goias.gov.br\/educacao\/wp-json\/wp\/v2\/users\/861"}],"replies":[{"embeddable":true,"href":"https:\/\/goias.gov.br\/educacao\/wp-json\/wp\/v2\/comments?post=36390"}],"version-history":[{"count":0,"href":"https:\/\/goias.gov.br\/educacao\/wp-json\/wp\/v2\/posts\/36390\/revisions"}],"wp:attachment":[{"href":"https:\/\/goias.gov.br\/educacao\/wp-json\/wp\/v2\/media?parent=36390"}],"wp:term":[{"taxonomy":"category","embeddable":true,"href":"https:\/\/goias.gov.br\/educacao\/wp-json\/wp\/v2\/categories?post=36390"},{"taxonomy":"post_tag","embeddable":true,"href":"https:\/\/goias.gov.br\/educacao\/wp-json\/wp\/v2\/tags?post=36390"}],"curies":[{"name":"wp","href":"https:\/\/api.w.org\/{rel}","templated":true}]}}