

{"id":36373,"date":"2017-01-18T12:51:47","date_gmt":"2017-01-18T14:51:47","guid":{"rendered":"https:\/\/siteshom.goias.gov.br\/educacao\/faca-uma-selfie-no-museu-e-poste-nas-redes-sociais\/"},"modified":"2017-01-18T12:51:47","modified_gmt":"2017-01-18T14:51:47","slug":"faca-uma-selfie-no-museu-e-poste-nas-redes-sociais","status":"publish","type":"post","link":"https:\/\/goias.gov.br\/educacao\/faca-uma-selfie-no-museu-e-poste-nas-redes-sociais\/","title":{"rendered":"Fa\u00e7a uma selfie no museu e poste nas redes sociais"},"content":{"rendered":"<p><p class=\"xmsonormal\" align=\"center\"><em>Museus da Seduce participam nesta quarta-feira, 18\/1, da iniciativa mundial que busca estimular maior interesse do p\u00fablico pelas institui\u00e7\u00f5es museol\u00f3gicas<\/em><\/p>\n<\/p>\n<p class=\"xmsonormal\">\n<\/p>\n<p><p class=\"xmsonormal\">Nesta quarta-feira, 18\/1, durante todo o dia, os seis museus administrados pela Superintend\u00eancia de Patrim\u00f4nio Hist\u00f3rico e Art\u00edstico da Secretaria de Educa\u00e7\u00e3o, Cultura e Esporte de Goi\u00e1s (Seduce) participam do\u00a0<em>Museum Selfie Day<\/em>, uma iniciativa mundial criada com o objetivo de estimular as pessoas a fazerem uma<em>selfie<\/em>\u00a0no museu e postar nas redes sociais com a\u00a0<em>hahstag<\/em>\u00a0#MuseumSelfie.<\/p>\n<\/p>\n<p><p class=\"xmsonormal\">A a\u00e7\u00e3o come\u00e7ou a ser realizada em 2014 e agora, em sua terceira edi\u00e7\u00e3o, j\u00e1 conta com a ades\u00e3o de centenas de museus em todas as partes do mundo. A contrapartida das institui\u00e7\u00f5es participantes \u00e9 divulgar as fotos que forem publicadas com a\u00a0<em>hashtag<\/em>\u00a0#MuseumSelfie em seus perfis virtuais.<\/p>\n<\/p>\n<p><p class=\"xmsonormal\">Por meio dessa campanha nas redes sociais, a proposta dos organizadores \u00e9 atrair a aten\u00e7\u00e3o do p\u00fablico e, ao mesmo tempo, despertar o interesse das pessoas pelos museus. Gerente de museus da Seduce, a historiadora Keith Val\u00e9ria Tito considera a ideia como uma excelente oportunidade para instigar o visitante na produ\u00e7\u00e3o e na circula\u00e7\u00e3o de fotografias e ainda divulgar as institui\u00e7\u00f5es museol\u00f3gicas de Goi\u00e1s.<\/p>\n<\/p>\n<p><p class=\"xmsonormal\">\u201cUma iniciativa desta natureza \u00e9 important\u00edssima. Al\u00e9m de divulgar as a\u00e7\u00f5es museol\u00f3gicas nas redes sociais, o\u00a0<em>Museum Selfie Day<\/em>\u00a0mostra aos visitantes, especialmente aos jovens, que os museus s\u00e3o espa\u00e7os atraentes, divertidos, agrad\u00e1veis, alegres, festivos e conectados com as novas m\u00eddias, deixando para tr\u00e1s a imagem de in\u00e9rcia, muitas vezes, associada a eles\u201d, informa Keith Val\u00e9ria, gerente de Salas e Museus da Seduce.<\/p>\n<\/p>\n<p><p class=\"xmsonormal\"><strong>Participe!<\/strong><\/p>\n<\/p>\n<p><p class=\"xmsonormal\">Para participar, basta postar nas redes sociais um autorretrato durante visita a qualquer um dos museus da Seduce com a\u00a0<em>hashtag<\/em>\u00a0#MuseumSelfie. As imagens ser\u00e3o publicadas no\u00a0<em>Facebook<\/em>,\u00a0<em>Instagram<\/em>\u00a0e\u00a0<em>Twitter<\/em>\u00a0das institui\u00e7\u00f5es participantes. E para acompanhar as postagens ao longo do dia, basta pesquisar por #MuseumSelfie.<\/p>\n<\/p>\n<p class=\"xmsonormal\">\n<\/p>\n<p><p class=\"xmsonormal\"><strong>Confira os museus de Goi\u00e1s que aderiram \u00e0 iniciativa<\/strong><\/p>\n<\/p>\n<p><p class=\"xmsonormal\">\u00b7\u00a0\u00a0\u00a0\u00a0\u00a0\u00a0\u00a0\u00a0\u00a0<strong>Museu da Imagem e do Som \u00a0<\/strong><\/p>\n<\/p>\n<p><p class=\"xmsonormal\">Pra\u00e7a C\u00edvica, n\u00ba 2, Centro (Centro Cultural Marieta Telles Machado) &#8211; Goi\u00e2nia<\/p>\n<\/p>\n<p><p class=\"xmsonormal\"><strong>Hor\u00e1rio de visita\u00e7\u00e3o:<\/strong>\u00a0De segunda a sexta, das 9:00 \u00e0s 17:30<\/p>\n<\/p>\n<p><p class=\"xmsonormal\"><strong>Contato:<\/strong>\u00a0(62) 3201-4625<\/p>\n<\/p>\n<p><p class=\"xmsonormal\"><strong>\u00a0<\/strong><\/p>\n<\/p>\n<p><p class=\"xmsonormal\">\u00b7\u00a0\u00a0\u00a0\u00a0\u00a0\u00a0\u00a0\u00a0\u00a0<strong>Museu Zoroastro Artiaga<\/strong><\/p>\n<\/p>\n<p><p class=\"xmsonormal\">Pra\u00e7a C\u00edvica, n\u00ba 13, Centro. Goi\u00e2nia<\/p>\n<\/p>\n<p><p class=\"xmsonormal\"><strong>Hor\u00e1rio de visita\u00e7\u00e3o:\u00a0<\/strong>De ter\u00e7a-feira \u00e0 sexta-feira, das 8:00 \u00e0s 18:00 horas. S\u00e1bados, domingos e feriados, das 9:00 \u00e0s 15:00 horas<\/p>\n<\/p>\n<p><p class=\"xmsonormal\"><strong>Contato:<\/strong>\u00a0(62) 3201-4675<\/p>\n<\/p>\n<p class=\"xmsonormal\">\n<\/p>\n<p><p class=\"xmsonormal\">\u00b7\u00a0\u00a0\u00a0\u00a0\u00a0\u00a0\u00a0\u00a0\u00a0<strong>Museu Pedro Ludovico<\/strong><\/p>\n<\/p>\n<p><p class=\"xmsonormal\">Rua Dona Gercina Borges Teixeira, n\u00ba 47, Centro. Goi\u00e2nia<\/p>\n<\/p>\n<p><p class=\"xmsonormal\"><strong>Hor\u00e1rio de visita\u00e7\u00e3o<\/strong>:\u00a0De ter\u00e7a-feira \u00e0 sexta-feira, das 8:00 \u00e0s 18:00 horas. S\u00e1bados, domingos e feriados, das 9:00 \u00e0s 15:00 horas<\/p>\n<\/p>\n<p><p class=\"xmsonormal\"><strong>Contato:<\/strong>\u00a0(62) 3201-4678<\/p>\n<\/p>\n<p class=\"xmsonormal\">\n<\/p>\n<p><p class=\"xmsonormal\">\u00b7\u00a0\u00a0\u00a0\u00a0\u00a0\u00a0\u00a0\u00a0\u00a0<strong>Museu de Arte Contempor\u00e2nea<\/strong><\/p>\n<\/p>\n<p><p class=\"xmsonormal\">Ch\u00e1caras Alto da Gl\u00f3ria. Centro Cultural Oscar Niemeyer. Goi\u00e2nia<\/p>\n<\/p>\n<p><p class=\"xmsonormal\">(62) 3201-4933<\/p>\n<\/p>\n<p class=\"xmsonormal\">\n<\/p>\n<p><p class=\"xmsonormal\">\u00b7\u00a0\u00a0\u00a0\u00a0\u00a0\u00a0\u00a0\u00a0\u00a0<strong>Museu Ferrovi\u00e1rio de Pires do Rio<\/strong><\/p>\n<\/p>\n<p><p class=\"xmsonormal\">Av. Coronel Lino Teixeira de Sampaio, s\/n\u00ba, Centro. Pires do Rio<\/p>\n<\/p>\n<p><p class=\"xmsonormal\"><strong>Hor\u00e1rio de Funcionamento:\u00a0<\/strong>Das 8:00 \u00e0s 11:00 horas e das 13 \u00e0s 17:00:00 horas.<\/p>\n<\/p>\n<p><p class=\"xmsonormal\"><strong>Contato:\u00a0<\/strong>(64) 3461-5504<\/p>\n<\/p>\n<p class=\"xmsonormal\">\n<\/p>\n<p><p class=\"xmsonormal\">\u00b7\u00a0\u00a0\u00a0\u00a0\u00a0\u00a0\u00a0\u00a0\u00a0<strong>Pal\u00e1cio Conde dos Arcos<\/strong><\/p>\n<\/p>\n<p><p class=\"xmsonormal\">Pra\u00e7a Tasso Camargo, n\u00ba 1, Centro. Cidade de Goi\u00e1s<\/p>\n<\/p>\n<p><p class=\"xmsonormal\"><strong>Hor\u00e1rio de Funcionamento:\u00a0<\/strong>Das 8:00 \u00e0s 17:00 horas.<\/p>\n<p>S\u00e1bados, domingos e feriados, das 8 \u00e0s 12 horas<\/p>\n<\/p>\n<p><p class=\"xmsonormal\"><strong>Contato:\u00a0<\/strong>(62) 3371.1200<\/p>\n<\/p>\n<p class=\"xmsonormal\">\n<\/p>\n<p><p class=\"xmsonormal\">Goi\u00e2nia, 18 de janeiro de 2017.<\/p>\n<\/p>\n<p><p class=\"xmsonormal\"><em>Comunica\u00e7\u00e3o Setorial da Seduce<\/em><\/p><\/p>\n","protected":false},"excerpt":{"rendered":"<p>Museus da Seduce participam nesta quarta-feira, 18\/1, da iniciativa mundial que busca estimular maior interesse do p\u00fablico pelas institui\u00e7\u00f5es museol\u00f3gicas Nesta quarta-feira, 18\/1, durante todo o dia, os seis museus administrados pela Superintend\u00eancia de Patrim\u00f4nio Hist\u00f3rico e Art\u00edstico da Secretaria de Educa\u00e7\u00e3o, Cultura e Esporte de Goi\u00e1s (Seduce) participam do\u00a0Museum Selfie Day, uma iniciativa mundial [&hellip;]<\/p>\n","protected":false},"author":861,"featured_media":0,"comment_status":"closed","ping_status":"open","sticky":false,"template":"","format":"standard","meta":{"footnotes":""},"categories":[4801],"tags":[4851,4850],"class_list":["post-36373","post","type-post","status-publish","format-standard","hentry","category-noticias","tag-destaque","tag-educacao"],"rttpg_featured_image_url":null,"rttpg_author":{"display_name":"gustavomgomes","author_link":"https:\/\/goias.gov.br\/educacao\/author\/gustavomgomes\/"},"rttpg_comment":0,"rttpg_category":"<a href=\"https:\/\/goias.gov.br\/educacao\/categoria\/noticias\/\" rel=\"category tag\">Not\u00edcias<\/a>","rttpg_excerpt":"Museus da Seduce participam nesta quarta-feira, 18\/1, da iniciativa mundial que busca estimular maior interesse do p\u00fablico pelas institui\u00e7\u00f5es museol\u00f3gicas Nesta quarta-feira, 18\/1, durante todo o dia, os seis museus administrados pela Superintend\u00eancia de Patrim\u00f4nio Hist\u00f3rico e Art\u00edstico da Secretaria de Educa\u00e7\u00e3o, Cultura e Esporte de Goi\u00e1s (Seduce) participam do\u00a0Museum Selfie Day, uma iniciativa mundial&hellip;","_links":{"self":[{"href":"https:\/\/goias.gov.br\/educacao\/wp-json\/wp\/v2\/posts\/36373","targetHints":{"allow":["GET"]}}],"collection":[{"href":"https:\/\/goias.gov.br\/educacao\/wp-json\/wp\/v2\/posts"}],"about":[{"href":"https:\/\/goias.gov.br\/educacao\/wp-json\/wp\/v2\/types\/post"}],"author":[{"embeddable":true,"href":"https:\/\/goias.gov.br\/educacao\/wp-json\/wp\/v2\/users\/861"}],"replies":[{"embeddable":true,"href":"https:\/\/goias.gov.br\/educacao\/wp-json\/wp\/v2\/comments?post=36373"}],"version-history":[{"count":0,"href":"https:\/\/goias.gov.br\/educacao\/wp-json\/wp\/v2\/posts\/36373\/revisions"}],"wp:attachment":[{"href":"https:\/\/goias.gov.br\/educacao\/wp-json\/wp\/v2\/media?parent=36373"}],"wp:term":[{"taxonomy":"category","embeddable":true,"href":"https:\/\/goias.gov.br\/educacao\/wp-json\/wp\/v2\/categories?post=36373"},{"taxonomy":"post_tag","embeddable":true,"href":"https:\/\/goias.gov.br\/educacao\/wp-json\/wp\/v2\/tags?post=36373"}],"curies":[{"name":"wp","href":"https:\/\/api.w.org\/{rel}","templated":true}]}}