

{"id":36368,"date":"2017-01-23T13:52:38","date_gmt":"2017-01-23T15:52:38","guid":{"rendered":"https:\/\/siteshom.goias.gov.br\/educacao\/comecam-as-aulas-nas-1-152-escolas-da-rede-estadual\/"},"modified":"2017-01-23T13:52:38","modified_gmt":"2017-01-23T15:52:38","slug":"comecam-as-aulas-nas-1-152-escolas-da-rede-estadual","status":"publish","type":"post","link":"https:\/\/goias.gov.br\/educacao\/comecam-as-aulas-nas-1-152-escolas-da-rede-estadual\/","title":{"rendered":"Come\u00e7am as aulas nas 1.152 escolas da rede estadual"},"content":{"rendered":"<p><em>Primeiro semestre letivo foi aberto pela secret\u00e1ria Raquel Teixeira durante visita nesta segunda-feira, 23\/1, \u00e0 Escola Estadual Presidente Dutra, em Goi\u00e2nia<\/em><\/p>\n<p>Na manh\u00e3 desta segunda-feira, 23\/1, durante visita \u00e0 Escola Estadual Presidente Dutra, no Setor Universit\u00e1rio, em Goi\u00e2nia, a secret\u00e1ria Raquel Teixeira abriu oficialmente o calend\u00e1rio letivo de 2017 na rede p\u00fablica de Goi\u00e1s. Recebida por alunos e professores, a secret\u00e1ria estadual de Educa\u00e7\u00e3o, Cultura e Esporte deu boas vindas a todos e destacou os esfor\u00e7os do Governo de Goi\u00e1s no sentido de levar um ensino p\u00fablico de qualidade para todas as escolas da rede, a exemplo do que j\u00e1 acontece na E. E. Presidente Dutra, que alcan\u00e7ou nota 6,4 no mais recente Ideb (\u00cdndice de Desenvolvimento da Educa\u00e7\u00e3o B\u00e1sica).<\/p>\n<p>Por conta da excel\u00eancia do trabalho pedag\u00f3gico desenvolvido pela equipe de educadores, Raquel comentou que a institui\u00e7\u00e3o de ensino atende hoje 200 alunos do Ensino Fundamental, mas conta com uma lista de espera de outros 200. &#8220;Essa \u00e9 uma escola refer\u00eancia na rede estadual&#8221;, comentou. Ela tamb\u00e9m aproveitou a oportunidade para anunciar a libera\u00e7\u00e3o de recursos para a pintura do pr\u00e9dio.<\/p>\n<p><strong>Calend\u00e1rio diferenciado<\/strong><\/p>\n<p>Em entrevista coletiva \u00e0 imprensa, a secret\u00e1ria lembrou que, entre as novidades para 2017, est\u00e3o a amplia\u00e7\u00e3o das escolas de Ensino M\u00e9dio em tempo integral, que passar\u00e3o a totalizar 43 unidades em todo o Estado, e a implanta\u00e7\u00e3o da gest\u00e3o por OS nas regionais de An\u00e1polis, \u00c1guas Lindas e Luzi\u00e2nia.<\/p>\n<p>Em fase final de adapta\u00e7\u00e3o, as novas escolas de tempo integral ter\u00e3o um calend\u00e1rio letivo diferenciado, com o in\u00edcio das aulas previsto para o dia 13 de fevereiro. Nessa data, a Seduce preparou uma acolhida toda especial para os alunos dos 27 novos Centros de Ensino em Per\u00edodo Integral (Cepis), que fazem parte do programa de expans\u00e3o do modelo feito pela Seduce, com o apoio do Minist\u00e9rio da Educa\u00e7\u00e3o. O acolhimento ser\u00e1 feito pelos veteranos das escolas que j\u00e1 funcionam em tempo integral. &#8220;Ningu\u00e9m melhor do que eles para falar aos colegas sobre como funciona essa experi\u00eancia e o que ela pode acrescentar na forma\u00e7\u00e3o desses jovens&#8221;, acrescentou Raquel.<\/p>\n<p>A secret\u00e1ria tamb\u00e9m comentou sobre o processo de implanta\u00e7\u00e3o da gest\u00e3o compartilhada com organiza\u00e7\u00e3o social na educa\u00e7\u00e3o, que come\u00e7ar\u00e1 por 23 escolas da regional de An\u00e1polis. Sobre a liminar na Justi\u00e7a que interrompeu temporariamente o processo, Raquel Teixeira tranquilizou os pais dizendo que as aulas come\u00e7aram normalmente nesta segunda, 23\/1. Isso porque, segundo ela, do ponto de vista pedag\u00f3gico, n\u00e3o muda nada.<\/p>\n<p>Ela adiantou ainda que o mesmo modelo ser\u00e1 levado nos pr\u00f3ximos meses para 25 escolas sendo 14\u00a0nas cidades de Luzi\u00e2nia, Valpara\u00edso, Novo Gama e Cidade Ocidental, referentes \u00e0 Macrorregi\u00e3o V, e outras 11 nas cidades de Planaltina, \u00c1guas Lindas de Goi\u00e1s, Santo Ant\u00f4nio do Descoberto e \u00c1gua Fria de Goi\u00e1s e S\u00e3o Jo\u00e3o da Alian\u00e7a, referentes \u00e0 Macrorregi\u00e3o VIII. &#8220;Vamos publicar os chamamentos essa semana e como temos que atender a uma certa burocracia, acredito que a gest\u00e3o por OS nessas regionais do entorno de Bras\u00edlia deve come\u00e7ar para valer daqui uns dois meses&#8221;.<\/p>\n<p><strong>Rede estadual hoje<\/strong><\/p>\n<p>Composta por 1.152 escolas de Ensino Fundamental e M\u00e9dio, a rede p\u00fablica estadual registrou em 2017 uma demanda recorde de 86.299 novas matr\u00edculas, um acr\u00e9scimo de 18,5% em rela\u00e7\u00e3o ao ano passado, quando foram incorporados 72.820 novatos. Ao todo, em 2016, a rede atendeu 530 mil alunos. Este ano, o n\u00famero total s\u00f3 ser\u00e1 conhecido no in\u00edcio do pr\u00f3ximo m\u00eas, quando o processo de matr\u00edculas for finalizado.<\/p>\n<p>O calend\u00e1rio letivo deste ano totaliza 202 dias letivos. As f\u00e9rias escolares est\u00e3o programadas para o per\u00edodo de 3 de julho a 1\u00ba de agosto. O segundo semestre vai de 2 de agosto a 22 de dezembro. O primeiro semestre ter\u00e1 107 dias letivos e o segundo, 95.<\/p>\n<p>Goi\u00e2nia, 23 de janeiro de 2017.<\/p>\n<p><em>Comunica\u00e7\u00e3o Setorial da Seduce<\/em><\/p>\n","protected":false},"excerpt":{"rendered":"<p>Primeiro semestre letivo foi aberto pela secret\u00e1ria Raquel Teixeira durante visita nesta segunda-feira, 23\/1, \u00e0 Escola Estadual Presidente Dutra, em Goi\u00e2nia Na manh\u00e3 desta segunda-feira, 23\/1, durante visita \u00e0 Escola Estadual Presidente Dutra, no Setor Universit\u00e1rio, em Goi\u00e2nia, a secret\u00e1ria Raquel Teixeira abriu oficialmente o calend\u00e1rio letivo de 2017 na rede p\u00fablica de Goi\u00e1s. Recebida [&hellip;]<\/p>\n","protected":false},"author":861,"featured_media":0,"comment_status":"closed","ping_status":"open","sticky":false,"template":"","format":"standard","meta":{"footnotes":""},"categories":[4801],"tags":[4851,4850],"class_list":["post-36368","post","type-post","status-publish","format-standard","hentry","category-noticias","tag-destaque","tag-educacao"],"rttpg_featured_image_url":null,"rttpg_author":{"display_name":"gustavomgomes","author_link":"https:\/\/goias.gov.br\/educacao\/author\/gustavomgomes\/"},"rttpg_comment":0,"rttpg_category":"<a href=\"https:\/\/goias.gov.br\/educacao\/categoria\/noticias\/\" rel=\"category tag\">Not\u00edcias<\/a>","rttpg_excerpt":"Primeiro semestre letivo foi aberto pela secret\u00e1ria Raquel Teixeira durante visita nesta segunda-feira, 23\/1, \u00e0 Escola Estadual Presidente Dutra, em Goi\u00e2nia Na manh\u00e3 desta segunda-feira, 23\/1, durante visita \u00e0 Escola Estadual Presidente Dutra, no Setor Universit\u00e1rio, em Goi\u00e2nia, a secret\u00e1ria Raquel Teixeira abriu oficialmente o calend\u00e1rio letivo de 2017 na rede p\u00fablica de Goi\u00e1s. Recebida&hellip;","_links":{"self":[{"href":"https:\/\/goias.gov.br\/educacao\/wp-json\/wp\/v2\/posts\/36368","targetHints":{"allow":["GET"]}}],"collection":[{"href":"https:\/\/goias.gov.br\/educacao\/wp-json\/wp\/v2\/posts"}],"about":[{"href":"https:\/\/goias.gov.br\/educacao\/wp-json\/wp\/v2\/types\/post"}],"author":[{"embeddable":true,"href":"https:\/\/goias.gov.br\/educacao\/wp-json\/wp\/v2\/users\/861"}],"replies":[{"embeddable":true,"href":"https:\/\/goias.gov.br\/educacao\/wp-json\/wp\/v2\/comments?post=36368"}],"version-history":[{"count":0,"href":"https:\/\/goias.gov.br\/educacao\/wp-json\/wp\/v2\/posts\/36368\/revisions"}],"wp:attachment":[{"href":"https:\/\/goias.gov.br\/educacao\/wp-json\/wp\/v2\/media?parent=36368"}],"wp:term":[{"taxonomy":"category","embeddable":true,"href":"https:\/\/goias.gov.br\/educacao\/wp-json\/wp\/v2\/categories?post=36368"},{"taxonomy":"post_tag","embeddable":true,"href":"https:\/\/goias.gov.br\/educacao\/wp-json\/wp\/v2\/tags?post=36368"}],"curies":[{"name":"wp","href":"https:\/\/api.w.org\/{rel}","templated":true}]}}