

{"id":36274,"date":"2017-03-15T13:09:16","date_gmt":"2017-03-15T16:09:16","guid":{"rendered":"https:\/\/siteshom.goias.gov.br\/educacao\/seduce-reune-gestores-do-ppa-para-alinhamento-de-acoes\/"},"modified":"2017-03-15T13:09:16","modified_gmt":"2017-03-15T16:09:16","slug":"seduce-reune-gestores-do-ppa-para-alinhamento-de-acoes","status":"publish","type":"post","link":"https:\/\/goias.gov.br\/educacao\/seduce-reune-gestores-do-ppa-para-alinhamento-de-acoes\/","title":{"rendered":"Seduce re\u00fane gestores do PPA para alinhamento de a\u00e7\u00f5es"},"content":{"rendered":"<p>A Secretaria de Educa\u00e7\u00e3o, Cultura e Esporte (Seduce), por meio da\u00a0Superintend\u00eancia de Gest\u00e3o, Planejamento e Finan\u00e7as, realiza, na segunda-feira, 20\/3, uma reuni\u00e3o de alinhamento de esfor\u00e7os para efetiva\u00e7\u00e3o das a\u00e7\u00f5es previstas no Plano Plurianual (PPA) para o quadri\u00eanio 2016-2019. O evento \u00e9 voltado a todos os respons\u00e1veis por programas e a\u00e7\u00f5es do PPA desenvolvidos na Secretaria.<\/p>\n<p>O encontro come\u00e7a \u00e0s 8h30min e segue at\u00e9 \u00e0s 11h30min, no Audit\u00f3rio da Superintend\u00eancia de Ensino Fundamental, localizado na Quinta Avenida, quadra 70, lote 10, no Setor Vila Nova, em Goi\u00e2nia.<\/p>\n<p>Participam da reuni\u00e3o gestores de programas e a\u00e7\u00f5es do PPA e tamb\u00e9m os respons\u00e1veis pela Administra\u00e7\u00e3o Financeira do Tesouro. O foco do encontro \u00e9 promover um maior alinhamento do trabalho realizado pelos gestores. Com isso, \u00e9 esperado o aprimoramento do desempenho no alcance das metas previstas no PPA.<\/p>\n<p>A gerente de Planejamento da Seduce, Raimunda Vel\u00e1zquez, destaca a relev\u00e2ncia da reuni\u00e3o. \u201cEsse encontro \u00e9 de fundamental import\u00e2ncia para o avan\u00e7o das a\u00e7\u00f5es, planejamento e alcance das metas dos programas\u201d, afirma.<\/p>\n<p>Mais informa\u00e7\u00f5es: (62) 3201-3166 ou\u00a0no e-mail\u00a0<a href=\"mailto:planejamento@seduc.go.gov.br\">planejamento@seduc.go.gov.br<\/a><\/p>\n<p>Goi\u00e2nia, 15 de mar\u00e7o de 2017.<\/p>\n<p><em>Comunica\u00e7\u00e3o Setorial da Seduce<\/em><\/p>\n","protected":false},"excerpt":{"rendered":"<p>A Secretaria de Educa\u00e7\u00e3o, Cultura e Esporte (Seduce), por meio da\u00a0Superintend\u00eancia de Gest\u00e3o, Planejamento e Finan\u00e7as, realiza, na segunda-feira, 20\/3, uma reuni\u00e3o de alinhamento de esfor\u00e7os para efetiva\u00e7\u00e3o das a\u00e7\u00f5es previstas no Plano Plurianual (PPA) para o quadri\u00eanio 2016-2019. O evento \u00e9 voltado a todos os respons\u00e1veis por programas e a\u00e7\u00f5es do PPA desenvolvidos na [&hellip;]<\/p>\n","protected":false},"author":861,"featured_media":0,"comment_status":"closed","ping_status":"open","sticky":false,"template":"","format":"standard","meta":{"footnotes":""},"categories":[4801],"tags":[4850],"class_list":["post-36274","post","type-post","status-publish","format-standard","hentry","category-noticias","tag-educacao"],"rttpg_featured_image_url":null,"rttpg_author":{"display_name":"gustavomgomes","author_link":"https:\/\/goias.gov.br\/educacao\/author\/gustavomgomes\/"},"rttpg_comment":0,"rttpg_category":"<a href=\"https:\/\/goias.gov.br\/educacao\/categoria\/noticias\/\" rel=\"category tag\">Not\u00edcias<\/a>","rttpg_excerpt":"A Secretaria de Educa\u00e7\u00e3o, Cultura e Esporte (Seduce), por meio da\u00a0Superintend\u00eancia de Gest\u00e3o, Planejamento e Finan\u00e7as, realiza, na segunda-feira, 20\/3, uma reuni\u00e3o de alinhamento de esfor\u00e7os para efetiva\u00e7\u00e3o das a\u00e7\u00f5es previstas no Plano Plurianual (PPA) para o quadri\u00eanio 2016-2019. O evento \u00e9 voltado a todos os respons\u00e1veis por programas e a\u00e7\u00f5es do PPA desenvolvidos na&hellip;","_links":{"self":[{"href":"https:\/\/goias.gov.br\/educacao\/wp-json\/wp\/v2\/posts\/36274","targetHints":{"allow":["GET"]}}],"collection":[{"href":"https:\/\/goias.gov.br\/educacao\/wp-json\/wp\/v2\/posts"}],"about":[{"href":"https:\/\/goias.gov.br\/educacao\/wp-json\/wp\/v2\/types\/post"}],"author":[{"embeddable":true,"href":"https:\/\/goias.gov.br\/educacao\/wp-json\/wp\/v2\/users\/861"}],"replies":[{"embeddable":true,"href":"https:\/\/goias.gov.br\/educacao\/wp-json\/wp\/v2\/comments?post=36274"}],"version-history":[{"count":0,"href":"https:\/\/goias.gov.br\/educacao\/wp-json\/wp\/v2\/posts\/36274\/revisions"}],"wp:attachment":[{"href":"https:\/\/goias.gov.br\/educacao\/wp-json\/wp\/v2\/media?parent=36274"}],"wp:term":[{"taxonomy":"category","embeddable":true,"href":"https:\/\/goias.gov.br\/educacao\/wp-json\/wp\/v2\/categories?post=36274"},{"taxonomy":"post_tag","embeddable":true,"href":"https:\/\/goias.gov.br\/educacao\/wp-json\/wp\/v2\/tags?post=36274"}],"curies":[{"name":"wp","href":"https:\/\/api.w.org\/{rel}","templated":true}]}}