

{"id":36269,"date":"2017-03-16T13:31:21","date_gmt":"2017-03-16T16:31:21","guid":{"rendered":"https:\/\/siteshom.goias.gov.br\/educacao\/neste-sabado-tem-feirinha-do-coracao-na-vila-cultural\/"},"modified":"2017-03-16T13:31:21","modified_gmt":"2017-03-16T16:31:21","slug":"neste-sabado-tem-feirinha-do-coracao-na-vila-cultural","status":"publish","type":"post","link":"https:\/\/goias.gov.br\/educacao\/neste-sabado-tem-feirinha-do-coracao-na-vila-cultural\/","title":{"rendered":"Neste s\u00e1bado tem Feirinha do Cora\u00e7\u00e3o na Vila Cultural"},"content":{"rendered":"<p>A Vila Cultural Cora Coralina, unidade da Secretaria de Educa\u00e7\u00e3o, Cultura e Esporte de Goi\u00e1s (Seduce), recebe neste s\u00e1bado, 18\/3, mais uma edi\u00e7\u00e3o da <em>Feirinha do Cora\u00e7\u00e3o<\/em>. O evento, que re\u00fane artesanato, gastronomia e muita interatividade, ser\u00e1 realizado das 11 \u00e0s 17 horas, com entrada gratuita.<\/p>\n<p>Artesanato,<em> bijoux<\/em>, semijoias, brech\u00f3, bordados, artigos de decora\u00e7\u00e3o, lembrancinhas, entre outros produtos, al\u00e9m da apetitosa culin\u00e1ria ser\u00e3o comercializados na feira, a pre\u00e7os populares.<\/p>\n<p>A Feirinha \u00e9 promovida pela Associa\u00e7\u00e3o Down de Goi\u00e1s \u2013 Asdown, com ajuda de parceiros, e \u00e9 uma inciativa beneficente que visa contribuir para a manuten\u00e7\u00e3o de projetos para pessoas com s\u00edndrome de Down. Ela foi criada h\u00e1 dois anos, e \u00e9 realizada no terceiro s\u00e1bado de cada m\u00eas, na Vila Cultural.<\/p>\n<p>Segundo a coordenadora da <em>Feirinha do Cora\u00e7\u00e3o<\/em>, Ana Maria Ferreira M. Bernardes, a feira tamb\u00e9m \u00e9 itinerante e pode ser levada a outros munic\u00edpios onde h\u00e1 entidades voltadas para pessoas com s\u00edndrome de Down ou outras defici\u00eancias. At\u00e9 agora, a feira j\u00e1 foi realizada na cidade de Rio Verde e est\u00e1 aberta a outras regi\u00f5es que tenham interesse em receber a iniciativa.<\/p>\n<p>A Asdown \u00e9 uma entidade sem fins lucrativos, de abrang\u00eancia estadual e de car\u00e1ter social, educativo, cient\u00edfico e cultural, que tem como finalidade combater preconceitos relativos \u00e0 pessoa com a s\u00edndrome de Down.<\/p>\n<p>&nbsp;<\/p>\n<p><strong>Anote:<\/strong><\/p>\n<p><em>Feirinha do Cora\u00e7\u00e3o<\/em><\/p>\n<p><strong>Data<\/strong>: S\u00e1bado, 18\/3\/2017<\/p>\n<p><strong>Hor\u00e1rio<\/strong>: Das 11h \u00e0s 17h<\/p>\n<p><strong>Local<\/strong>: Vila Cultural Cora Coralina (Atr\u00e1s do Teatro Goi\u00e2nia)<\/p>\n<p><strong>Entrada gratuita<\/strong><\/p>\n<p><strong>Contato: Ana Maria \u2013 <\/strong>(62) 9 8581-0575<\/p>\n\n<p>Goi\u00e2nia, 16 de mar\u00e7o de 2017.<\/p>\n<p><em>Comunica\u00e7\u00e3o Setorial da Seduce<\/em><\/p>\n<p>&nbsp;<\/p>\n","protected":false},"excerpt":{"rendered":"<p>A Vila Cultural Cora Coralina, unidade da Secretaria de Educa\u00e7\u00e3o, Cultura e Esporte de Goi\u00e1s (Seduce), recebe neste s\u00e1bado, 18\/3, mais uma edi\u00e7\u00e3o da Feirinha do Cora\u00e7\u00e3o. O evento, que re\u00fane artesanato, gastronomia e muita interatividade, ser\u00e1 realizado das 11 \u00e0s 17 horas, com entrada gratuita. Artesanato, bijoux, semijoias, brech\u00f3, bordados, artigos de decora\u00e7\u00e3o, lembrancinhas, [&hellip;]<\/p>\n","protected":false},"author":861,"featured_media":0,"comment_status":"closed","ping_status":"open","sticky":false,"template":"","format":"standard","meta":{"footnotes":""},"categories":[4801],"tags":[4851,4850],"class_list":["post-36269","post","type-post","status-publish","format-standard","hentry","category-noticias","tag-destaque","tag-educacao"],"rttpg_featured_image_url":null,"rttpg_author":{"display_name":"gustavomgomes","author_link":"https:\/\/goias.gov.br\/educacao\/author\/gustavomgomes\/"},"rttpg_comment":0,"rttpg_category":"<a href=\"https:\/\/goias.gov.br\/educacao\/categoria\/noticias\/\" rel=\"category tag\">Not\u00edcias<\/a>","rttpg_excerpt":"A Vila Cultural Cora Coralina, unidade da Secretaria de Educa\u00e7\u00e3o, Cultura e Esporte de Goi\u00e1s (Seduce), recebe neste s\u00e1bado, 18\/3, mais uma edi\u00e7\u00e3o da Feirinha do Cora\u00e7\u00e3o. O evento, que re\u00fane artesanato, gastronomia e muita interatividade, ser\u00e1 realizado das 11 \u00e0s 17 horas, com entrada gratuita. Artesanato, bijoux, semijoias, brech\u00f3, bordados, artigos de decora\u00e7\u00e3o, lembrancinhas,&hellip;","_links":{"self":[{"href":"https:\/\/goias.gov.br\/educacao\/wp-json\/wp\/v2\/posts\/36269","targetHints":{"allow":["GET"]}}],"collection":[{"href":"https:\/\/goias.gov.br\/educacao\/wp-json\/wp\/v2\/posts"}],"about":[{"href":"https:\/\/goias.gov.br\/educacao\/wp-json\/wp\/v2\/types\/post"}],"author":[{"embeddable":true,"href":"https:\/\/goias.gov.br\/educacao\/wp-json\/wp\/v2\/users\/861"}],"replies":[{"embeddable":true,"href":"https:\/\/goias.gov.br\/educacao\/wp-json\/wp\/v2\/comments?post=36269"}],"version-history":[{"count":0,"href":"https:\/\/goias.gov.br\/educacao\/wp-json\/wp\/v2\/posts\/36269\/revisions"}],"wp:attachment":[{"href":"https:\/\/goias.gov.br\/educacao\/wp-json\/wp\/v2\/media?parent=36269"}],"wp:term":[{"taxonomy":"category","embeddable":true,"href":"https:\/\/goias.gov.br\/educacao\/wp-json\/wp\/v2\/categories?post=36269"},{"taxonomy":"post_tag","embeddable":true,"href":"https:\/\/goias.gov.br\/educacao\/wp-json\/wp\/v2\/tags?post=36269"}],"curies":[{"name":"wp","href":"https:\/\/api.w.org\/{rel}","templated":true}]}}