

{"id":36171,"date":"2017-04-19T10:54:55","date_gmt":"2017-04-19T13:54:55","guid":{"rendered":"https:\/\/siteshom.goias.gov.br\/educacao\/palestra-aborda-desafios-da-conservacao-em-museus-2\/"},"modified":"2017-04-19T10:54:55","modified_gmt":"2017-04-19T13:54:55","slug":"palestra-aborda-desafios-da-conservacao-em-museus-2","status":"publish","type":"post","link":"https:\/\/goias.gov.br\/educacao\/palestra-aborda-desafios-da-conservacao-em-museus-2\/","title":{"rendered":"Palestra aborda desafios da conserva\u00e7\u00e3o em museus"},"content":{"rendered":"<p><p style=\"text-align: center;\"><em>Restauradora da UFG \u00e9 a convidada do terceiro encontro do Ciclo de Estudos \u201cO Museu e seus Saberes\u201d<\/em><\/p>\n<\/p>\n<p>&nbsp;<\/p>\n<p><em>Prevenir e preservar: desafios e caminhos da conserva\u00e7\u00e3o em museus<\/em> \u00e9 o tema do terceiro encontro do Ciclo de Estudos <em>O Museu e seus Saberes<\/em>. A palestra com a restauradora Ana Cristina Santoro est\u00e1 marcada para esta quinta-feira, 20\/4, \u00e0s 14 horas, no Audit\u00f3rio Tadeu Batista do Centro Cultural Oscar Niemeyer (CCON). O evento foi antecipado \u2013 inicialmente, estava previsto para dia 28.<\/p>\n<p>Ana Cristina \u00e9 atualmente coordenadora do Departamento de Museologia do Museu Antropol\u00f3gico da Universidade Federal de Goi\u00e1s (UFG). Na institui\u00e7\u00e3o, desenvolve o projeto de revis\u00e3o e confer\u00eancia do invent\u00e1rio e atua como conservadora e restauradora. Tamb\u00e9m j\u00e1 coordenou obras de restaura\u00e7\u00e3o em monumentos tombados pelo Instituto do Patrim\u00f4nio Hist\u00f3rico e Art\u00edstico Nacional (Iphan).<\/p>\n<p>O p\u00fablico-alvo do evento \u00e9 formado por estudantes, artistas, professores, servidores p\u00fablicos e outros interessados no tema. Para participar, basta preencher e enviar o formul\u00e1rio dispon\u00edvel no link: https:\/\/goo.gl\/aoKTzm. A inscri\u00e7\u00e3o \u00e9 gratuita e d\u00e1 direito a certificado de participa\u00e7\u00e3o para estudantes universit\u00e1rios.<\/p>\n<p>O Ciclo de Estudos <em>O Museu e Seus Saberes<\/em> \u00e9 uma realiza\u00e7\u00e3o Secretaria de Educa\u00e7\u00e3o, Cultura e Esporte de Goi\u00e1s (Seduce), por meio de seu N\u00facleo de A\u00e7\u00e3o Educativa do Museu de Arte Contempor\u00e2nea de Goi\u00e1s (MAC | Goi\u00e1s), em parceria com a Ger\u00eancia Especial de Museus e Galerias.<\/p>\n<p>&nbsp;<\/p>\n<p><strong>RESUMO<\/strong><\/p>\n<p><em>Ciclo de Estudos \u201cO Museu e seus Saberes\u201d &#8211; 3\u00ba encontro<\/em><\/p>\n<p><strong>Data<\/strong>: Quinta-feira, 20\/4<\/p>\n<p><strong>Hor\u00e1rio<\/strong>: 14h<\/p>\n<p><strong>Palestra<\/strong>: <em>Prevenir e preservar: desafios e caminhos da conserva\u00e7\u00e3o em museus<\/em>, com Ana Cristina Santoro<\/p>\n<p><strong>Local<\/strong>: Audit\u00f3rio Tadeu Batista, no segundo andar do pr\u00e9dio administrativo do Centro Cultural Oscar Niemeyer (CCON)<\/p>\n<p><strong>Entrada gratuita<\/strong><\/p>\n<p><strong>Inscri\u00e7\u00f5es<\/strong>: https:\/\/goo.gl\/aoKTzm<\/p>\n<p><strong>Mais informa\u00e7\u00f5es<\/strong>: (62) 3201-4918<\/p>\n<p>&nbsp;<\/p>\n<p><strong>Pr\u00f3ximos encontros<\/strong><\/p>\n<p>19\/5, 14 horas \u2013 A responsabilidade social do museu, com Camila Moraes<\/p>\n<p>23\/6, 14 horas \u2013 Debate: Museus em Goi\u00e1s &#8211; desafios, possibilidades e solu\u00e7\u00f5es, com T\u00e2nia Mendon\u00e7a<\/p>\n<p>&nbsp;<\/p>\n","protected":false},"excerpt":{"rendered":"<p>Restauradora da UFG \u00e9 a convidada do terceiro encontro do Ciclo de Estudos \u201cO Museu e seus Saberes\u201d &nbsp; Prevenir e preservar: desafios e caminhos da conserva\u00e7\u00e3o em museus \u00e9 o tema do terceiro encontro do Ciclo de Estudos O Museu e seus Saberes. A palestra com a restauradora Ana Cristina Santoro est\u00e1 marcada para [&hellip;]<\/p>\n","protected":false},"author":861,"featured_media":0,"comment_status":"closed","ping_status":"open","sticky":false,"template":"","format":"standard","meta":{"footnotes":""},"categories":[4801],"tags":[4850],"class_list":["post-36171","post","type-post","status-publish","format-standard","hentry","category-noticias","tag-educacao"],"rttpg_featured_image_url":null,"rttpg_author":{"display_name":"gustavomgomes","author_link":"https:\/\/goias.gov.br\/educacao\/author\/gustavomgomes\/"},"rttpg_comment":0,"rttpg_category":"<a href=\"https:\/\/goias.gov.br\/educacao\/categoria\/noticias\/\" rel=\"category tag\">Not\u00edcias<\/a>","rttpg_excerpt":"Restauradora da UFG \u00e9 a convidada do terceiro encontro do Ciclo de Estudos \u201cO Museu e seus Saberes\u201d &nbsp; Prevenir e preservar: desafios e caminhos da conserva\u00e7\u00e3o em museus \u00e9 o tema do terceiro encontro do Ciclo de Estudos O Museu e seus Saberes. A palestra com a restauradora Ana Cristina Santoro est\u00e1 marcada para&hellip;","_links":{"self":[{"href":"https:\/\/goias.gov.br\/educacao\/wp-json\/wp\/v2\/posts\/36171","targetHints":{"allow":["GET"]}}],"collection":[{"href":"https:\/\/goias.gov.br\/educacao\/wp-json\/wp\/v2\/posts"}],"about":[{"href":"https:\/\/goias.gov.br\/educacao\/wp-json\/wp\/v2\/types\/post"}],"author":[{"embeddable":true,"href":"https:\/\/goias.gov.br\/educacao\/wp-json\/wp\/v2\/users\/861"}],"replies":[{"embeddable":true,"href":"https:\/\/goias.gov.br\/educacao\/wp-json\/wp\/v2\/comments?post=36171"}],"version-history":[{"count":0,"href":"https:\/\/goias.gov.br\/educacao\/wp-json\/wp\/v2\/posts\/36171\/revisions"}],"wp:attachment":[{"href":"https:\/\/goias.gov.br\/educacao\/wp-json\/wp\/v2\/media?parent=36171"}],"wp:term":[{"taxonomy":"category","embeddable":true,"href":"https:\/\/goias.gov.br\/educacao\/wp-json\/wp\/v2\/categories?post=36171"},{"taxonomy":"post_tag","embeddable":true,"href":"https:\/\/goias.gov.br\/educacao\/wp-json\/wp\/v2\/tags?post=36171"}],"curies":[{"name":"wp","href":"https:\/\/api.w.org\/{rel}","templated":true}]}}