

{"id":36137,"date":"2017-04-28T13:07:37","date_gmt":"2017-04-28T16:07:37","guid":{"rendered":"https:\/\/siteshom.goias.gov.br\/educacao\/festival-de-danca-dolhar-movimenta-a-cidade\/"},"modified":"2017-04-28T13:07:37","modified_gmt":"2017-04-28T16:07:37","slug":"festival-de-danca-dolhar-movimenta-a-cidade","status":"publish","type":"post","link":"https:\/\/goias.gov.br\/educacao\/festival-de-danca-dolhar-movimenta-a-cidade\/","title":{"rendered":"Festival de Dan\u00e7a D\u2019Olhar movimenta a cidade"},"content":{"rendered":"<p><p style=\"text-align: center;\"><em>Iniciativa tem o apoio do Governo de Goi\u00e1s por meio do Fundo de Arte e Cultura<\/em><\/p>\n<\/p>\n<p>A 1\u00aa edi\u00e7\u00e3o do <em>Festival Itinerante de Dan\u00e7a e V\u00eddeo D\u2019 Olhar<\/em> movimenta a capital goiana a partir desta quarta-feira, 26\/4. Cineastas, artistas e p\u00fablico em geral poder\u00e3o conferir produ\u00e7\u00f5es de videodan\u00e7a e document\u00e1rio, al\u00e9m de uma ampla programa\u00e7\u00e3o com palestras, oficinas e mesa redonda no Centro Cultural da Universidade Federal de Goi\u00e1s (UFG), na Pra\u00e7a Universit\u00e1ria, e, ainda, mostras itinerantes pelos parques da cidade.\u00a0 O evento segue at\u00e9 o dia 30 deste m\u00eas, com entrada gratuita.<\/p>\n<p>Al\u00e9m da mostra competitiva, haver\u00e1 mostras de filmes vindos de festivais parceiros do evento\u00a0(fora de competi\u00e7\u00e3o), e mostras de filmes em parques e pra\u00e7as de Goi\u00e2nia, uma ideia que pretende aproximar a videodan\u00e7a e o document\u00e1rio de dan\u00e7a do grande p\u00fablico.<\/p>\n<p>O festival recebeu, ao todo, 103 inscri\u00e7\u00f5es de obras de diversos pa\u00edses, das quais foram selecionadas 46 produ\u00e7\u00f5es, sendo 26 goianas, 32 brasileiras fora do estado de Goi\u00e1s e 45 estrangeiras. Os filmes selecionados mesclam a diversidade de olhares, ritmos, linguagens, fotografias, cenografias e temas que oferecem um amplo painel do que vem sendo produzido regionalmente e no universo da dan\u00e7a.<\/p>\n<p><em>D\u00b4Olhar<\/em>\u00a0\u00e9 uma iniciativa que visa se estabelecer como um canal de oportunidades para ideias criativas que unam o fazer da dan\u00e7a ao olhar da c\u00e2mera, estimulando novos realizadores em Goi\u00e1s, bem como a conex\u00e3o com artistas de toda a parte do mundo. O evento \u00e9\u00a0promovido pela\u00a0Mova-se Projetos Culturais e tem o apoio do Fundo de Arte e Cultura da Secretaria de Educa\u00e7\u00e3o, Cultura e Esporte de Goi\u00e1s (Seduce).<\/p>\n<p>&nbsp;<\/p>\n<p><strong>Confira a programa\u00e7\u00e3o completa no site:<\/strong> <a href=\"https:\/\/www.dolhar.com.br\/\">www.dolhar.com.br<\/a><\/p>\n<p><strong>Contato:<\/strong>\u00a0(62) 3432-0327 (62) 98249-4722 com L\u00edvia Batista de S\u00e1<\/p>\n<p>&nbsp;<\/p>\n<p>&nbsp;<\/p>\n<p>Goi\u00e2nia, 26 de abril de 2017.<\/p>\n<p><em>Comunica\u00e7\u00e3o Setorial da Seduce<\/em><\/p>\n<p>&nbsp;<\/p>\n<p>&nbsp;<\/p>\n","protected":false},"excerpt":{"rendered":"<p>Iniciativa tem o apoio do Governo de Goi\u00e1s por meio do Fundo de Arte e Cultura A 1\u00aa edi\u00e7\u00e3o do Festival Itinerante de Dan\u00e7a e V\u00eddeo D\u2019 Olhar movimenta a capital goiana a partir desta quarta-feira, 26\/4. Cineastas, artistas e p\u00fablico em geral poder\u00e3o conferir produ\u00e7\u00f5es de videodan\u00e7a e document\u00e1rio, al\u00e9m de uma ampla programa\u00e7\u00e3o [&hellip;]<\/p>\n","protected":false},"author":861,"featured_media":0,"comment_status":"closed","ping_status":"open","sticky":false,"template":"","format":"standard","meta":{"footnotes":""},"categories":[4801],"tags":[4850],"class_list":["post-36137","post","type-post","status-publish","format-standard","hentry","category-noticias","tag-educacao"],"rttpg_featured_image_url":null,"rttpg_author":{"display_name":"gustavomgomes","author_link":"https:\/\/goias.gov.br\/educacao\/author\/gustavomgomes\/"},"rttpg_comment":0,"rttpg_category":"<a href=\"https:\/\/goias.gov.br\/educacao\/categoria\/noticias\/\" rel=\"category tag\">Not\u00edcias<\/a>","rttpg_excerpt":"Iniciativa tem o apoio do Governo de Goi\u00e1s por meio do Fundo de Arte e Cultura A 1\u00aa edi\u00e7\u00e3o do Festival Itinerante de Dan\u00e7a e V\u00eddeo D\u2019 Olhar movimenta a capital goiana a partir desta quarta-feira, 26\/4. Cineastas, artistas e p\u00fablico em geral poder\u00e3o conferir produ\u00e7\u00f5es de videodan\u00e7a e document\u00e1rio, al\u00e9m de uma ampla programa\u00e7\u00e3o&hellip;","_links":{"self":[{"href":"https:\/\/goias.gov.br\/educacao\/wp-json\/wp\/v2\/posts\/36137","targetHints":{"allow":["GET"]}}],"collection":[{"href":"https:\/\/goias.gov.br\/educacao\/wp-json\/wp\/v2\/posts"}],"about":[{"href":"https:\/\/goias.gov.br\/educacao\/wp-json\/wp\/v2\/types\/post"}],"author":[{"embeddable":true,"href":"https:\/\/goias.gov.br\/educacao\/wp-json\/wp\/v2\/users\/861"}],"replies":[{"embeddable":true,"href":"https:\/\/goias.gov.br\/educacao\/wp-json\/wp\/v2\/comments?post=36137"}],"version-history":[{"count":0,"href":"https:\/\/goias.gov.br\/educacao\/wp-json\/wp\/v2\/posts\/36137\/revisions"}],"wp:attachment":[{"href":"https:\/\/goias.gov.br\/educacao\/wp-json\/wp\/v2\/media?parent=36137"}],"wp:term":[{"taxonomy":"category","embeddable":true,"href":"https:\/\/goias.gov.br\/educacao\/wp-json\/wp\/v2\/categories?post=36137"},{"taxonomy":"post_tag","embeddable":true,"href":"https:\/\/goias.gov.br\/educacao\/wp-json\/wp\/v2\/tags?post=36137"}],"curies":[{"name":"wp","href":"https:\/\/api.w.org\/{rel}","templated":true}]}}