

{"id":36118,"date":"2017-05-08T07:04:18","date_gmt":"2017-05-08T10:04:18","guid":{"rendered":"https:\/\/siteshom.goias.gov.br\/educacao\/enem-2017-abre-as-inscricoes-confira-as-mudancas\/"},"modified":"2017-05-08T07:04:18","modified_gmt":"2017-05-08T10:04:18","slug":"enem-2017-abre-as-inscricoes-confira-as-mudancas","status":"publish","type":"post","link":"https:\/\/goias.gov.br\/educacao\/enem-2017-abre-as-inscricoes-confira-as-mudancas\/","title":{"rendered":"Enem 2017 abre as inscri\u00e7\u00f5es; confira as mudan\u00e7as"},"content":{"rendered":"<p><p style=\"text-align: center;\"><em>Cadastro deve ser feito at\u00e9 dia 19 de maio e a prova ser\u00e1 aplicada em dois domingos<\/em><\/p>\n<\/p>\n<p>As inscri\u00e7\u00f5es para o Exame Nacional do Ensino M\u00e9dio (Enem) come\u00e7am \u00e0s 10h (hor\u00e1rio oficial de Bras\u00edlia) desta segunda-feira, 8\/5. O formul\u00e1rio deve ser preenchido at\u00e9 as 23h59 do dia 19 apenas pelo endere\u00e7o eletr\u00f4nico: <a href=\"https:\/\/www.enem.inep.gov.br\/participante\/#!\/inicial\">enem.inep.gov.br\/participante.<\/a><\/p>\n<p>A taxa de inscri\u00e7\u00e3o \u00e9 R$ 82 e o valor deve ser quitado at\u00e9 o dia 24 de maio em qualquer ag\u00eancia banc\u00e1ria, casas lot\u00e9ricas ou ag\u00eancia dos correios. O aumento na tarifa foi atualizado com base no IPCA (\u00cdndice Nacional de Pre\u00e7os ao Consumidor Amplo), visando tamb\u00e9m arcar com as melhorias que ser\u00e3o implementadas na aplica\u00e7\u00e3o e com os custos operacionais delas. O n\u00e3o pagamento corresponder\u00e1 \u00e0 desclassifica\u00e7\u00e3o autom\u00e1tica.<\/p>\n<p>Este ano, a prova ser\u00e1 aplicada em dois domingos consecutivos: 5 e 12 de novembro. O primeiro domingo ter\u00e1 linguagens, ci\u00eancias humanas e reda\u00e7\u00e3o, com cinco horas e meia de prova; no segundo, matem\u00e1tica e ci\u00eancias da natureza, com quatro horas e meia de prova. Os cadernos de prova ser\u00e3o personalizados, com nome e n\u00famero de inscri\u00e7\u00e3o na capa e no cart\u00e3o de respostas.<\/p>\n<p>O hor\u00e1rio de abertura e fechamento dos port\u00f5es do Enem 2017 ser\u00e1 o mesmo nos dois domingos: meio dia e 13h, respectivamente. A organiza\u00e7\u00e3o n\u00e3o tolera nenhum minuto de atraso, para n\u00e3o atrapalhar o in\u00edcio das provas, marcado para 13h30. Em todos os locais de prova do Pa\u00eds ser\u00e1 levado em conta o hor\u00e1rio oficial de Bras\u00edlia. Quem for v\u00edtima de roubo ou furto e n\u00e3o tiver condi\u00e7\u00f5es de apresentar nenhum dos documentos, dever\u00e1 registrar um boletim de ocorr\u00eancia para apresent\u00e1-lo nos dias de prova.<\/p>\n<p>Os estudantes poder\u00e3o acessar o resultado individual do Enem 2017 a partir do dia 19 de janeiro de 2018. As notas estar\u00e3o separadas por \u00e1rea de conhecimento e reda\u00e7\u00e3o, que ter\u00e1 valor m\u00ednimo de 0 e m\u00e1ximo de 1000 pontos.<\/p>\n<p>A expectativa do Instituto Nacional de Estudos e Pesquisas Educacionais An\u00edsio Teixeira (Inep), \u00e9 de que este ano 7,5 milh\u00f5es de pessoas se inscrevam para a prova. No ano passado foram 8,6 milh\u00f5es de estudantes inscritos. A queda \u00e9 prevista porque, a partir deste ano, o Enem n\u00e3o conceder\u00e1 a certifica\u00e7\u00e3o do ensino m\u00e9dio.<\/p>\n<p><a href=\"https:\/\/goias.gov.br\/educacao\/wp-content\/uploads\/sites\/40\/2017\/05\/edital_enem_2017-0c1.pdf\">Confira o edital<\/a><\/p>\n<p><a href=\"https:\/\/enem.inep.gov.br\/#\/antes?_k=p9rj30\">Confira o cronograma<\/a><\/p>\n<p><strong>Confira mais detalhes de algumas mudan\u00e7as deste ano:<\/strong><\/p>\n<p><strong>1 \u2013 Isen\u00e7\u00e3o de taxa<\/strong><\/p>\n<p>O benef\u00edcio \u00e9 dado para tr\u00eas grupos: alunos da rede p\u00fablica que concluem este ano o ensino m\u00e9dio; integrantes de fam\u00edlia de baixa renda em situa\u00e7\u00e3o de vulnerabilidade socioecon\u00f4mica inscritos no Cadastro \u00danico para Programas Sociais do Governo Federal, e integrantes de fam\u00edlias com renda per capita igual ou inferior a um sal\u00e1rio m\u00ednimo e meio e que cursaram todo ensino m\u00e9dio na rede p\u00fablica ou que tinham bolsa\u00a0integral na rede privada.<\/p>\n<p>At\u00e9 ano passado, o benef\u00edcio era dado por meio de autodeclara\u00e7\u00e3o, sem verifica\u00e7\u00e3o dos dados. Na edi\u00e7\u00e3o de 2017, a isen\u00e7\u00e3o deve ser solicitada no Sistema de Inscri\u00e7\u00e3o por meio da Declara\u00e7\u00e3o de Car\u00eancia Socioecon\u00f4mica. Os dados do question\u00e1rio s\u00e3o cruzados com informa\u00e7\u00f5es do Censo Escolar, da Receita Federal e do Minist\u00e9rio de Desenvolvimento Social. O question\u00e1rio socioecon\u00f4mico teve o n\u00famero de quest\u00f5es reduzidas de 50 para 27.<\/p>\n<p>O candidato isento da taxa no Enem 2016 que n\u00e3o compareceu \u00e0 prova somente ter\u00e1 direito \u00e0 isen\u00e7\u00e3o da prova neste ano caso justifique o motivo da aus\u00eancia.<\/p>\n<p><strong>2 \u2013 Aplica\u00e7\u00e3o das provas<\/strong><\/p>\n<p>As provas n\u00e3o mais acontecer\u00e3o em dois dias consecutivos (um s\u00e1bado e um domingo), mas em dois domingos consecutivos: 5 e 12 de novembro. Os estudantes precisam escolher o munic\u00edpio onde querem fazer as provas no momento da inscri\u00e7\u00e3o, na p\u00e1gina do participante. O endere\u00e7o completo do local de prova do Enem 2017 ser\u00e1 informado pelo Inep semanas antes da aplica\u00e7\u00e3o do Exame, quando forem divulgados os cart\u00f5es de confirma\u00e7\u00e3o de inscri\u00e7\u00e3o.<\/p>\n<p>A reda\u00e7\u00e3o do Enem 2017 ser\u00e1 aplicada no primeiro dia (5\/11), junto das provas de Linguagens, C\u00f3digos e suas Tecnologias e Ci\u00eancias Humanas e suas Tecnologias. A reda\u00e7\u00e3o ser\u00e1 um texto dissertativo-argumentativo a partir de uma situa\u00e7\u00e3o-problema (pol\u00edtica, social ou cultural) de 30 linhas, no m\u00e1ximo. No segundo domingo (12\/11), ser\u00e3o aplicadas as provas de Matem\u00e1tica e suas Tecnologias e Ci\u00eancias da Natureza e suas Tecnologias. O n\u00famero de quest\u00f5es continua o mesmo, com 45 perguntas em cada \u00e1rea de conhecimento.<\/p>\n<p>Nos dois dias de aplica\u00e7\u00e3o do Exame, os candidatos precisam apresentar um documento original de identifica\u00e7\u00e3o com foto: carteira de identidade, Carteira Nacional de Habilita\u00e7\u00e3o (CNH), passaporte, carteira de trabalho, certificado de reservista, certificado de dispensa de incorpora\u00e7\u00e3o.<\/p>\n<p><strong>3 &#8211; Atendimento especializado<\/strong><\/p>\n<p>Foram alteradas as regras para o atendimento especializado. A partir de agora, ser\u00e1 preciso apresentar, al\u00e9m do c\u00f3digo da Classifica\u00e7\u00e3o Internacional de Doen\u00e7as (CID), uma c\u00f3pia digitalizada do laudo m\u00e9dico. Encaixam-se nesse atendimento, por exemplo, pessoas com autismo, baixa vis\u00e3o, cegueira, defici\u00eancia f\u00edsica, intelectual ou mental, d\u00e9ficit de aten\u00e7\u00e3o, discalculia, dislexia, surdez, defici\u00eancia auditiva, surdo-cegueira e vis\u00e3o monocular. A solicita\u00e7\u00e3o de tempo adicional para atendimento especial deve ser solicitada na inscri\u00e7\u00e3o.<\/p>\n<p>H\u00e1 ainda atendimento espec\u00edfico para gestantes, lactantes, estudantes em classe hospitalar e idosos. Neste ano, o atendimento ser\u00e1 estendido para outras condi\u00e7\u00f5es, como pessoas com diabetes. Quem precisar, por exemplo, usar bomba de infus\u00e3o, as condi\u00e7\u00f5es necess\u00e1rias ser\u00e3o providenciadas.<\/p>\n<p>Tamb\u00e9m foi anunciada uma mudan\u00e7a no atendimento para inscritos que apresentem defici\u00eancia auditiva. Este ano ser\u00e1 apresentada a prova em v\u00eddeo em libras. O dispositivo que traduz em um v\u00eddeo os itens da prova estar\u00e1 dispon\u00edvel, em car\u00e1ter experimental, para participantes com defici\u00eancia auditiva e surdez que solicitarem o recurso, na inscri\u00e7\u00e3o. Quem quiser a ferramenta, no entanto, n\u00e3o ter\u00e1 acesso a provas feitas com tradutor int\u00e9rprete para Libras.<\/p>\n<p>Participantes de provas que desejarem o tratamento pelo nome social dever\u00e3o fazer a inscri\u00e7\u00e3o com nome civil entre os dias 29 de maio e 4 de junho.<\/p>\n<p><strong>4 \u2013 Dados por participante e certificado<\/strong><\/p>\n<p>Com a divulga\u00e7\u00e3o exclusiva das notas do Enem 2017 por participante, o Exame continua servindo de mecanismo para acesso ao ensino superior em institui\u00e7\u00f5es federais, por meio do Sisu e Sisutec, al\u00e9m de instrumento que garante a chance de concorrer a vagas em programas de financiamento e apoio ao estudante, como ProUni e Fies.<\/p>\n<p>At\u00e9 a edi\u00e7\u00e3o do ano passado, os estudantes maiores de 18 anos que n\u00e3o haviam conclu\u00eddo o ensino m\u00e9dio podiam se inscrever no Exame para tentar obter o diploma de conclus\u00e3o do ciclo b\u00e1sico de ensino. No entanto, agora, a certifica\u00e7\u00e3o do ensino m\u00e9dio deixa de ser um dos benef\u00edcios aos participantes do Enem, que ser\u00e1 voltado especialmente aos programas do MEC de perman\u00eancia e acesso ao ensino superior.<\/p>\n<p>Os candidatos que pretendiam participar das provas com o objetivo de obter a certifica\u00e7\u00e3o no Enem 2017, dever\u00e3o se inscrever no Exame Nacional para Certifica\u00e7\u00e3o de Compet\u00eancias de Jovens e Adultos (Encceja).<\/p>\n","protected":false},"excerpt":{"rendered":"<p>Cadastro deve ser feito at\u00e9 dia 19 de maio e a prova ser\u00e1 aplicada em dois domingos As inscri\u00e7\u00f5es para o Exame Nacional do Ensino M\u00e9dio (Enem) come\u00e7am \u00e0s 10h (hor\u00e1rio oficial de Bras\u00edlia) desta segunda-feira, 8\/5. O formul\u00e1rio deve ser preenchido at\u00e9 as 23h59 do dia 19 apenas pelo endere\u00e7o eletr\u00f4nico: enem.inep.gov.br\/participante. A taxa [&hellip;]<\/p>\n","protected":false},"author":759,"featured_media":0,"comment_status":"closed","ping_status":"open","sticky":false,"template":"","format":"standard","meta":{"footnotes":""},"categories":[4801],"tags":[4851,4850,7474,7479],"class_list":["post-36118","post","type-post","status-publish","format-standard","hentry","category-noticias","tag-destaque","tag-educacao","tag-enem-2017","tag-incricoes"],"rttpg_featured_image_url":null,"rttpg_author":{"display_name":"caiosoliveira","author_link":"https:\/\/goias.gov.br\/educacao\/author\/caiosoliveira\/"},"rttpg_comment":0,"rttpg_category":"<a href=\"https:\/\/goias.gov.br\/educacao\/categoria\/noticias\/\" rel=\"category tag\">Not\u00edcias<\/a>","rttpg_excerpt":"Cadastro deve ser feito at\u00e9 dia 19 de maio e a prova ser\u00e1 aplicada em dois domingos As inscri\u00e7\u00f5es para o Exame Nacional do Ensino M\u00e9dio (Enem) come\u00e7am \u00e0s 10h (hor\u00e1rio oficial de Bras\u00edlia) desta segunda-feira, 8\/5. O formul\u00e1rio deve ser preenchido at\u00e9 as 23h59 do dia 19 apenas pelo endere\u00e7o eletr\u00f4nico: enem.inep.gov.br\/participante. A taxa&hellip;","_links":{"self":[{"href":"https:\/\/goias.gov.br\/educacao\/wp-json\/wp\/v2\/posts\/36118","targetHints":{"allow":["GET"]}}],"collection":[{"href":"https:\/\/goias.gov.br\/educacao\/wp-json\/wp\/v2\/posts"}],"about":[{"href":"https:\/\/goias.gov.br\/educacao\/wp-json\/wp\/v2\/types\/post"}],"author":[{"embeddable":true,"href":"https:\/\/goias.gov.br\/educacao\/wp-json\/wp\/v2\/users\/759"}],"replies":[{"embeddable":true,"href":"https:\/\/goias.gov.br\/educacao\/wp-json\/wp\/v2\/comments?post=36118"}],"version-history":[{"count":0,"href":"https:\/\/goias.gov.br\/educacao\/wp-json\/wp\/v2\/posts\/36118\/revisions"}],"wp:attachment":[{"href":"https:\/\/goias.gov.br\/educacao\/wp-json\/wp\/v2\/media?parent=36118"}],"wp:term":[{"taxonomy":"category","embeddable":true,"href":"https:\/\/goias.gov.br\/educacao\/wp-json\/wp\/v2\/categories?post=36118"},{"taxonomy":"post_tag","embeddable":true,"href":"https:\/\/goias.gov.br\/educacao\/wp-json\/wp\/v2\/tags?post=36118"}],"curies":[{"name":"wp","href":"https:\/\/api.w.org\/{rel}","templated":true}]}}