

{"id":36097,"date":"2017-05-12T15:11:20","date_gmt":"2017-05-12T18:11:20","guid":{"rendered":"https:\/\/siteshom.goias.gov.br\/educacao\/mis-tera-programacao-especial-na-15a-semana-nacional-de-museus\/"},"modified":"2017-05-12T15:11:20","modified_gmt":"2017-05-12T18:11:20","slug":"mis-tera-programacao-especial-na-15a-semana-nacional-de-museus","status":"publish","type":"post","link":"https:\/\/goias.gov.br\/educacao\/mis-tera-programacao-especial-na-15a-semana-nacional-de-museus\/","title":{"rendered":"MIS ter\u00e1 programa\u00e7\u00e3o especial na 15\u00aa Semana Nacional de Museus"},"content":{"rendered":"<p>O Museu da Imagem e do Som (MIS), unidade da Secretaria de Educa\u00e7\u00e3o, Cultura e Esporte (Seduce Goi\u00e1s) preparou uma programa\u00e7\u00e3o especial para comemorar a <em>15\u00aa Semana Nacional de Museus, <\/em>que este ano tem como tema<em> Museus e Hist\u00f3rias Controversas: Dizer o Indiz\u00edvel em Museus<\/em>. \u00a0As atividades s\u00e3o gratuitas e ter\u00e3o in\u00edcio na pr\u00f3xima ter\u00e7a-feira, 16\/5, e seguem at\u00e9 o dia 20, com a participa\u00e7\u00e3o de muse\u00f3logos convidados.<\/p>\n<p>A programa\u00e7\u00e3o \u00e9 aberta com o <em>V Encontro Fotogr\u00e1fico<\/em>\u00a0e traz a ess\u00eancia do universo fotogr\u00e1fico por meio de oficinas, palestras, sa\u00eddas e viv\u00eancias fotogr\u00e1ficas, al\u00e9m da troca de fotografias pelo projeto <em>TrocaFoto<\/em>. Haver\u00e1 tamb\u00e9m visitas mediadas \u00e0 exposi\u00e7\u00e3o <em>Pra\u00e7a Dr. Pedro Ludovico Teixeira Atrav\u00e9s da Imagem, <\/em>uma<em>\u00a0<\/em>exposi\u00e7\u00e3o para crian\u00e7as, uma audi\u00e7\u00e3o comentada de discos de vinil e palestras abordando o universo LGBT, com os muse\u00f3logos Tony Boita e Lu\u00eds Felipe Pinheiro.<\/p>\n<p>A Semana de Museus ocorre de 15 a 20\/5, e \u00e9 promovida anualmente em v\u00e1rias capitais brasileiras para comemorar o <em>Dia Internacional de Museus<\/em>, celebrado em 18 de maio, quando as institui\u00e7\u00f5es museol\u00f3gicas convidadas pelo Instituto Brasileiro de Museus &#8211; Ibram desenvolvem uma programa\u00e7\u00e3o especial em prol dessa data.<\/p>\n<p>Inscri\u00e7\u00f5es para as oficinas no MIS podem ser feitas pelo telefone: (62) 3201-4625, ou pelo e-mail: <a href=\"mailto:goias.mis@gmail.com\">goias.mis@gmail.com<\/a>.\u00a0O museu funciona no pr\u00e9dio do Centro Cultural Marieta Telles Machado, Pra\u00e7a C\u00edvica, n\u00ba 2, no Centro.<\/p>\n<p>Confira a\u00a0<a href=\"https:\/\/site.seduce.go.gov.br\/wp-content\/uploads\/2017\/05\/Programa\u00e7\u00e3o-Museus-15-Semana-de-Museus.doc\">Programa\u00e7\u00e3o da 15\u00aa Semana de Museus<\/a><\/p>\n","protected":false},"excerpt":{"rendered":"<p>O Museu da Imagem e do Som (MIS), unidade da Secretaria de Educa\u00e7\u00e3o, Cultura e Esporte (Seduce Goi\u00e1s) preparou uma programa\u00e7\u00e3o especial para comemorar a 15\u00aa Semana Nacional de Museus, que este ano tem como tema Museus e Hist\u00f3rias Controversas: Dizer o Indiz\u00edvel em Museus. \u00a0As atividades s\u00e3o gratuitas e ter\u00e3o in\u00edcio na pr\u00f3xima ter\u00e7a-feira, [&hellip;]<\/p>\n","protected":false},"author":861,"featured_media":0,"comment_status":"closed","ping_status":"open","sticky":false,"template":"","format":"standard","meta":{"footnotes":""},"categories":[4801],"tags":[4851,4850,6715],"class_list":["post-36097","post","type-post","status-publish","format-standard","hentry","category-noticias","tag-destaque","tag-educacao","tag-museu"],"rttpg_featured_image_url":null,"rttpg_author":{"display_name":"gustavomgomes","author_link":"https:\/\/goias.gov.br\/educacao\/author\/gustavomgomes\/"},"rttpg_comment":0,"rttpg_category":"<a href=\"https:\/\/goias.gov.br\/educacao\/categoria\/noticias\/\" rel=\"category tag\">Not\u00edcias<\/a>","rttpg_excerpt":"O Museu da Imagem e do Som (MIS), unidade da Secretaria de Educa\u00e7\u00e3o, Cultura e Esporte (Seduce Goi\u00e1s) preparou uma programa\u00e7\u00e3o especial para comemorar a 15\u00aa Semana Nacional de Museus, que este ano tem como tema Museus e Hist\u00f3rias Controversas: Dizer o Indiz\u00edvel em Museus. \u00a0As atividades s\u00e3o gratuitas e ter\u00e3o in\u00edcio na pr\u00f3xima ter\u00e7a-feira,&hellip;","_links":{"self":[{"href":"https:\/\/goias.gov.br\/educacao\/wp-json\/wp\/v2\/posts\/36097","targetHints":{"allow":["GET"]}}],"collection":[{"href":"https:\/\/goias.gov.br\/educacao\/wp-json\/wp\/v2\/posts"}],"about":[{"href":"https:\/\/goias.gov.br\/educacao\/wp-json\/wp\/v2\/types\/post"}],"author":[{"embeddable":true,"href":"https:\/\/goias.gov.br\/educacao\/wp-json\/wp\/v2\/users\/861"}],"replies":[{"embeddable":true,"href":"https:\/\/goias.gov.br\/educacao\/wp-json\/wp\/v2\/comments?post=36097"}],"version-history":[{"count":0,"href":"https:\/\/goias.gov.br\/educacao\/wp-json\/wp\/v2\/posts\/36097\/revisions"}],"wp:attachment":[{"href":"https:\/\/goias.gov.br\/educacao\/wp-json\/wp\/v2\/media?parent=36097"}],"wp:term":[{"taxonomy":"category","embeddable":true,"href":"https:\/\/goias.gov.br\/educacao\/wp-json\/wp\/v2\/categories?post=36097"},{"taxonomy":"post_tag","embeddable":true,"href":"https:\/\/goias.gov.br\/educacao\/wp-json\/wp\/v2\/tags?post=36097"}],"curies":[{"name":"wp","href":"https:\/\/api.w.org\/{rel}","templated":true}]}}