

{"id":36061,"date":"2017-05-23T13:43:36","date_gmt":"2017-05-23T16:43:36","guid":{"rendered":"https:\/\/siteshom.goias.gov.br\/educacao\/relacao-entre-corpo-e-arte-e-tema-de-evento-voltado-para-educadores\/"},"modified":"2017-05-23T13:43:36","modified_gmt":"2017-05-23T16:43:36","slug":"relacao-entre-corpo-e-arte-e-tema-de-evento-voltado-para-educadores","status":"publish","type":"post","link":"https:\/\/goias.gov.br\/educacao\/relacao-entre-corpo-e-arte-e-tema-de-evento-voltado-para-educadores\/","title":{"rendered":"Rela\u00e7\u00e3o entre corpo e arte \u00e9 tema de evento voltado para educadores"},"content":{"rendered":"<p><em>\u00a0<\/em><\/p>\n<p><em>Fruto de parceria entre MAC e formadores, dial\u00f3gica vivencial est\u00e1 marcada para sexta-feira, 26, no CCON<\/em><\/p>\n<p>O N\u00facleo de A\u00e7\u00e3o Educativa do Museu de Arte Contempor\u00e2nea (MAC) e os formadores Fabienne Bruce e Eduardo Costa realizam nesta sexta-feira,\u00a0 26\/5, uma dial\u00f3gica vivencial com o tema <em>Onde Est\u00e1 o Corpo do Educador?<\/em> O evento est\u00e1 marcado para as 13 horas no Audit\u00f3rio Tadeu Batista do Centro Cultural Oscar Niemeyer (CCON). A participa\u00e7\u00e3o \u00e9 gratuita e est\u00e1 limitada a 50 vagas. As inscri\u00e7\u00f5es podem ser feitas pelo telefone (62) 3201-4923 e pelo e-mail <a href=\"mailto:acaoeducativa.mac@gmail.com\">acaoeducativa.mac@gmail.com<\/a>.<\/p>\n<p>O p\u00fablico-alvo da iniciativa \u00e9 o educador. \u201c\u00c9 um convite para ampliar o olhar para o pr\u00f3prio corpo e para uma viv\u00eancia corporal que aprofunde esse tema para al\u00e9m do pensamento, construindo sentidos por meio do pr\u00f3prio corpo na rela\u00e7\u00e3o com o outro, utilizando a arte como mais uma maneira de express\u00e3o e discutindo o lugar do corpo do educador na escola, microcosmo da sociedade, e como produtor de cultura\u201d, afirma Costa.<\/p>\n<p><strong>M\u00e9todo<\/strong><\/p>\n<p>A \u201cdial\u00f3gica vivencial\u201d \u00e9 um encontro dividido em duas etapas: na primeira, h\u00e1 um di\u00e1logo entre os palestrantes e o p\u00fablico com o intuito de estimular o debate e a reflex\u00e3o; em seguida, os formadores conduzem uma s\u00e9rie de atividades corporais para possibilitar uma experi\u00eancia pr\u00e1tica relacionada ao tema.<\/p>\n<p><strong>Formadores<\/strong><\/p>\n<p>Eduardo Costa \u00e9 doutor e mestre em Ci\u00eancias (IFF\/Fiocruz), psicomotricista educacional e cl\u00ednico, fonoaudi\u00f3logo e terapeuta corporal. Criou e coordena a Forma\u00e7\u00e3o em Transpsicomotricidade Educacional e Cl\u00ednica realizada em parceria com institui\u00e7\u00f5es de Goi\u00e2nia (GO), Fortaleza (CE), Rio de Janeiro (RJ) e outras cidades. A Forma\u00e7\u00e3o em Transpsicomotricidade \u00e9 afiliada \u00e0 Associa\u00e7\u00e3o Brasileira de Psicomotricidade (ABP) e \u00e0 Rede Latino-americana de Universidades com Forma\u00e7\u00e3o em Psicomotricidade (RED Fortaleza).<\/p>\n<p>Fabienne Bruce \u00e9 graduada em Letras (FMU\/SP) e especialista em Dificuldades de Aprendizagem (UERJ). Tem Forma\u00e7\u00e3o em Transpsicomotricidade Educacional (UERJ) e Arte-Educa\u00e7\u00e3o (Formae\/RJ). Trabalha como psicomotricista da Associa\u00e7\u00e3o de Apoio \u00e0s Causas Sociais (AACS\/RJ) e educadora na rede municipal do Rio de Janeiro.<\/p>\n<p>A dial\u00f3gica vivencial tem o apoio do Centro Cultural Oscar Niemeyer, da Secretaria de Educa\u00e7\u00e3o, Cultura e Esporte (Seduce) e do Governo de Goi\u00e1s.<\/p>\n<p>&nbsp;<\/p>\n<p><strong>ANOTE:<\/strong><\/p>\n<p><em>Dial\u00f3gica Vivencial \u201cOnde Est\u00e1 o Corpo do Educador?<\/em>\u201d<\/p>\n<p><strong>Data<\/strong>: 26 de maio de 2017 (sexta-feira)<\/p>\n<p><strong>Hor\u00e1rio<\/strong>: 13 \u00e0s 16 horas<\/p>\n<p><strong>Formadores<\/strong>: Fabienne Bruce e Eduardo Costa<\/p>\n<p><strong>Vagas:<\/strong> 50<\/p>\n<p><strong>Inscri\u00e7\u00f5es gratuitas<\/strong>: (62) 3201-4923 e acaoeducativa.mac@gmail.com<\/p>\n<p><strong>Local<\/strong>: Audit\u00f3rio Tadeu Batista, no segundo andar do pr\u00e9dio administrativo do Centro Cultural Oscar Niemeyer (CCON)<\/p>\n<p><strong>Facebook<\/strong>: https:\/\/www.facebook.com\/events\/1879673378957857\/<\/p>\n<p><img fetchpriority=\"high\" decoding=\"async\" class=\"alignnone size-full wp-image-4237\" src=\"https:\/\/site.seduce.go.gov.br\/wp-content\/uploads\/2017\/05\/EduardoCosta_Foto_ArquivoPessoal_.jpg\" alt=\"\" width=\"500\" height=\"667\" \/><img decoding=\"async\" class=\"alignnone size-full wp-image-4238\" src=\"https:\/\/site.seduce.go.gov.br\/wp-content\/uploads\/2017\/05\/FabienneBruce_Foto_ArquivoPessoal_1_.jpg\" alt=\"\" width=\"500\" height=\"500\" \/><\/p>\n","protected":false},"excerpt":{"rendered":"<p>\u00a0 Fruto de parceria entre MAC e formadores, dial\u00f3gica vivencial est\u00e1 marcada para sexta-feira, 26, no CCON O N\u00facleo de A\u00e7\u00e3o Educativa do Museu de Arte Contempor\u00e2nea (MAC) e os formadores Fabienne Bruce e Eduardo Costa realizam nesta sexta-feira,\u00a0 26\/5, uma dial\u00f3gica vivencial com o tema Onde Est\u00e1 o Corpo do Educador? O evento est\u00e1 [&hellip;]<\/p>\n","protected":false},"author":861,"featured_media":0,"comment_status":"closed","ping_status":"open","sticky":false,"template":"","format":"standard","meta":{"footnotes":""},"categories":[4801],"tags":[4850,6715,5654],"class_list":["post-36061","post","type-post","status-publish","format-standard","hentry","category-noticias","tag-educacao","tag-museu","tag-palestra"],"rttpg_featured_image_url":null,"rttpg_author":{"display_name":"gustavomgomes","author_link":"https:\/\/goias.gov.br\/educacao\/author\/gustavomgomes\/"},"rttpg_comment":0,"rttpg_category":"<a href=\"https:\/\/goias.gov.br\/educacao\/categoria\/noticias\/\" rel=\"category tag\">Not\u00edcias<\/a>","rttpg_excerpt":"\u00a0 Fruto de parceria entre MAC e formadores, dial\u00f3gica vivencial est\u00e1 marcada para sexta-feira, 26, no CCON O N\u00facleo de A\u00e7\u00e3o Educativa do Museu de Arte Contempor\u00e2nea (MAC) e os formadores Fabienne Bruce e Eduardo Costa realizam nesta sexta-feira,\u00a0 26\/5, uma dial\u00f3gica vivencial com o tema Onde Est\u00e1 o Corpo do Educador? O evento est\u00e1&hellip;","_links":{"self":[{"href":"https:\/\/goias.gov.br\/educacao\/wp-json\/wp\/v2\/posts\/36061","targetHints":{"allow":["GET"]}}],"collection":[{"href":"https:\/\/goias.gov.br\/educacao\/wp-json\/wp\/v2\/posts"}],"about":[{"href":"https:\/\/goias.gov.br\/educacao\/wp-json\/wp\/v2\/types\/post"}],"author":[{"embeddable":true,"href":"https:\/\/goias.gov.br\/educacao\/wp-json\/wp\/v2\/users\/861"}],"replies":[{"embeddable":true,"href":"https:\/\/goias.gov.br\/educacao\/wp-json\/wp\/v2\/comments?post=36061"}],"version-history":[{"count":0,"href":"https:\/\/goias.gov.br\/educacao\/wp-json\/wp\/v2\/posts\/36061\/revisions"}],"wp:attachment":[{"href":"https:\/\/goias.gov.br\/educacao\/wp-json\/wp\/v2\/media?parent=36061"}],"wp:term":[{"taxonomy":"category","embeddable":true,"href":"https:\/\/goias.gov.br\/educacao\/wp-json\/wp\/v2\/categories?post=36061"},{"taxonomy":"post_tag","embeddable":true,"href":"https:\/\/goias.gov.br\/educacao\/wp-json\/wp\/v2\/tags?post=36061"}],"curies":[{"name":"wp","href":"https:\/\/api.w.org\/{rel}","templated":true}]}}