

{"id":35995,"date":"2017-06-16T06:00:46","date_gmt":"2017-06-16T09:00:46","guid":{"rendered":"https:\/\/siteshom.goias.gov.br\/educacao\/cia-gustav-ritter-volta-ao-palco-com-o-espetaculo-brega-chique\/"},"modified":"2017-06-16T06:00:46","modified_gmt":"2017-06-16T09:00:46","slug":"cia-gustav-ritter-volta-ao-palco-com-o-espetaculo-brega-chique","status":"publish","type":"post","link":"https:\/\/goias.gov.br\/educacao\/cia-gustav-ritter-volta-ao-palco-com-o-espetaculo-brega-chique\/","title":{"rendered":"Cia. Gustav Ritter volta ao palco com o espet\u00e1culo Brega &#038; Chique"},"content":{"rendered":"<p>Alunos, estagi\u00e1rios e professores da Cia. de Teatro Gustav Ritter sobem ao palco para atuar, cantar e dan\u00e7ar com o espet\u00e1culo <em>Brega &amp; Chique<\/em>. A apresenta\u00e7\u00e3o ser\u00e1 neste s\u00e1bado, dia 17\/06, \u00a0em duas sess\u00f5es: \u00e0s 17 e \u00e0s 20 horas, no Teatro Goi\u00e2nia.<\/p>\n<p><em>Brega &amp; Chique<\/em>, que chega a sua 6\u00aa edi\u00e7\u00e3o, \u00e9 produzido pelo N\u00facleo de Teatro do Instituto de Educa\u00e7\u00e3o em Artes Professor Gustav Ritter, com dire\u00e7\u00e3o de Edson Fernandes. A montagem mistura dan\u00e7a, m\u00fasica e teatro, tendo como inspira\u00e7\u00e3o um show de calouros. Em cena, os atores d\u00e3o voz a estrelas como Katy Perry, Queen, Ney Matogrosso, Rita Lee, Genival Lacerda, Carmen Miranda, Elis Regina, dentre outros.<\/p>\n<p>Segundo os organizadores da produ\u00e7\u00e3o, a ideia \u00e9 potencializar o talento dos alunos do N\u00facleo de Teatro, e, claro, levar divers\u00e3o e entretenimento ao p\u00fablico.<\/p>\n<p>O Instituto de Educa\u00e7\u00e3o em Artes Professor Gustav Ritter \u00e9 uma unidade da Secretaria de Educa\u00e7\u00e3o, Cultura e Esporte de Goias (Seduce), e funciona no bairro de Campinas, em Goi\u00e2nia.<\/p>\n<p>&nbsp;<\/p>\n<p><strong>Anote:<\/strong><\/p>\n<p><strong>Espet\u00e1culo: <\/strong><em>Brega &amp; Chique<\/em><\/p>\n<p><strong>Data<\/strong>: S\u00e1bado, 17\/06, \u00e0s 17h e 20h<\/p>\n<p><strong>Local<\/strong>: Teatro Goi\u00e2nia &#8211; Avenida Tocantins com Rua 23, Centro<\/p>\n<p><strong>Ingresso<\/strong>: R$10 (antecipados)<\/p>\n<p>R$ 30 (inteira) R$ 15 (meia) \u2013 No dia do espet\u00e1culo<\/p>\n<p><strong>Classifica\u00e7\u00e3o indicativa<\/strong>: Livre<\/p>\n<p><strong>Informa\u00e7\u00f5es<\/strong>: (62) 3201-4688<\/p>\n<p>&nbsp;<\/p>\n<p>Goi\u00e2nia, 12 de junho de 2017.<\/p>\n<p>Comunica\u00e7\u00e3o Setorial da Seduce<\/p>\n<p><img fetchpriority=\"high\" decoding=\"async\" class=\"alignnone size-full wp-image-4786\" src=\"https:\/\/site.seduce.go.gov.br\/wp-content\/uploads\/2017\/06\/Cartaz-1.jpg\" alt=\"\" width=\"500\" height=\"506\" \/><\/p>\n<p><img decoding=\"async\" class=\"alignnone size-full wp-image-4788\" src=\"https:\/\/site.seduce.go.gov.br\/wp-content\/uploads\/2017\/06\/Brega-e-Chique.jpg\" alt=\"\" width=\"500\" height=\"333\" \/><\/p>\n<p>&nbsp;<\/p>\n<p>&nbsp;<\/p>\n","protected":false},"excerpt":{"rendered":"<p>Alunos, estagi\u00e1rios e professores da Cia. de Teatro Gustav Ritter sobem ao palco para atuar, cantar e dan\u00e7ar com o espet\u00e1culo Brega &amp; Chique. A apresenta\u00e7\u00e3o ser\u00e1 neste s\u00e1bado, dia 17\/06, \u00a0em duas sess\u00f5es: \u00e0s 17 e \u00e0s 20 horas, no Teatro Goi\u00e2nia. Brega &amp; Chique, que chega a sua 6\u00aa edi\u00e7\u00e3o, \u00e9 produzido pelo [&hellip;]<\/p>\n","protected":false},"author":861,"featured_media":0,"comment_status":"closed","ping_status":"open","sticky":false,"template":"","format":"standard","meta":{"footnotes":""},"categories":[4801],"tags":[5749,4850,5794,5518,5556],"class_list":["post-35995","post","type-post","status-publish","format-standard","hentry","category-noticias","tag-danca","tag-educacao","tag-gustav-ritter","tag-musica","tag-teatro"],"rttpg_featured_image_url":null,"rttpg_author":{"display_name":"gustavomgomes","author_link":"https:\/\/goias.gov.br\/educacao\/author\/gustavomgomes\/"},"rttpg_comment":0,"rttpg_category":"<a href=\"https:\/\/goias.gov.br\/educacao\/categoria\/noticias\/\" rel=\"category tag\">Not\u00edcias<\/a>","rttpg_excerpt":"Alunos, estagi\u00e1rios e professores da Cia. de Teatro Gustav Ritter sobem ao palco para atuar, cantar e dan\u00e7ar com o espet\u00e1culo Brega &amp; Chique. A apresenta\u00e7\u00e3o ser\u00e1 neste s\u00e1bado, dia 17\/06, \u00a0em duas sess\u00f5es: \u00e0s 17 e \u00e0s 20 horas, no Teatro Goi\u00e2nia. Brega &amp; Chique, que chega a sua 6\u00aa edi\u00e7\u00e3o, \u00e9 produzido pelo&hellip;","_links":{"self":[{"href":"https:\/\/goias.gov.br\/educacao\/wp-json\/wp\/v2\/posts\/35995","targetHints":{"allow":["GET"]}}],"collection":[{"href":"https:\/\/goias.gov.br\/educacao\/wp-json\/wp\/v2\/posts"}],"about":[{"href":"https:\/\/goias.gov.br\/educacao\/wp-json\/wp\/v2\/types\/post"}],"author":[{"embeddable":true,"href":"https:\/\/goias.gov.br\/educacao\/wp-json\/wp\/v2\/users\/861"}],"replies":[{"embeddable":true,"href":"https:\/\/goias.gov.br\/educacao\/wp-json\/wp\/v2\/comments?post=35995"}],"version-history":[{"count":0,"href":"https:\/\/goias.gov.br\/educacao\/wp-json\/wp\/v2\/posts\/35995\/revisions"}],"wp:attachment":[{"href":"https:\/\/goias.gov.br\/educacao\/wp-json\/wp\/v2\/media?parent=35995"}],"wp:term":[{"taxonomy":"category","embeddable":true,"href":"https:\/\/goias.gov.br\/educacao\/wp-json\/wp\/v2\/categories?post=35995"},{"taxonomy":"post_tag","embeddable":true,"href":"https:\/\/goias.gov.br\/educacao\/wp-json\/wp\/v2\/tags?post=35995"}],"curies":[{"name":"wp","href":"https:\/\/api.w.org\/{rel}","templated":true}]}}