

{"id":35987,"date":"2017-06-21T07:47:53","date_gmt":"2017-06-21T10:47:53","guid":{"rendered":"https:\/\/siteshom.goias.gov.br\/educacao\/homenagens-e-documentario-inedito-abrem-fica-2017\/"},"modified":"2017-06-21T07:47:53","modified_gmt":"2017-06-21T10:47:53","slug":"homenagens-e-documentario-inedito-abrem-fica-2017","status":"publish","type":"post","link":"https:\/\/goias.gov.br\/educacao\/homenagens-e-documentario-inedito-abrem-fica-2017\/","title":{"rendered":"Homenagens e document\u00e1rio in\u00e9dito abrem Fica 2017"},"content":{"rendered":"<p><p class=\"m_-8148590843697390737m_-3282930622891169474p2\"><em><span class=\"m_-8148590843697390737m_-3282930622891169474s3\">Filme Caminho do Mar fez estreia mundial na abertura da 19a edi\u00e7\u00e3o do festival<span class=\"m_-8148590843697390737m_-3282930622891169474Apple-converted-space\">\u00a0<\/span><\/span><\/em><\/p>\n<\/p>\n<p><p class=\"m_-8148590843697390737m_-3282930622891169474p2\"><span class=\"m_-8148590843697390737m_-3282930622891169474s1\">De volta ao Cineteatro S\u00e3o Joaquim, o Festival Internacional de Cinema e V\u00eddeo Ambiental deu in\u00edcio a sua d\u00e9cima nona edi\u00e7\u00e3o. A abertura oficial do evento foi marcada por discursos breves, que abordaram a import\u00e2ncia da discuss\u00e3o sobre cidades sustent\u00e1veis e da arte como instrumento para provocar mudan\u00e7as sociais, pela homenagem ao cineasta Manoel Rangel, ex-diretor da Ag\u00eancia Nacional do Cinema (Ancine), e pela estreia mundial do document\u00e1rio Caminho do Mar, dos diretores Bebeto Abrantes e Juliana Antunes.<\/span><\/p>\n<\/p>\n<p><p class=\"m_-8148590843697390737m_-3282930622891169474p2\"><span class=\"m_-8148590843697390737m_-3282930622891169474s1\">Em sua fala inicial, a secret\u00e1ria de Educa\u00e7\u00e3o, Cultura e Esporte de Goi\u00e1s, Raquel Teixeira, refor\u00e7ou a preocupa\u00e7\u00e3o do Festival em privilegiar as discuss\u00f5es sobre o cinema ambiental na maior parte da programa\u00e7\u00e3o do evento e destacou a capacidade do cinema de promover reflex\u00f5es. \u201cA arte \u00e9 maravilhosa porque ela propicia ocasi\u00e3o para den\u00fancias, \u00e0s vezes de forma sutil, \u00e0s vezes de forma conflituosa. Atrav\u00e9s da arte, do cinema, atrav\u00e9s da sensibilidade, eu fico sabendo de um problema que afeta a ecologia na Amaz\u00f4nia e em todo planeta\u201d, exemplificou a secret\u00e1ria ao falar da fun\u00e7\u00e3o do cinema ambiental.<\/span><\/p>\n<\/p>\n<p><p class=\"m_-8148590843697390737m_-3282930622891169474p2\"><span class=\"m_-8148590843697390737m_-3282930622891169474s1\">Ap\u00f3s anunciar que o Fica 2017 ampliou o n\u00famero de mostras de cinema e que nessa edi\u00e7\u00e3o ser\u00e3o mais de 100 filmes, totalizando mais de 50 horas de produ\u00e7\u00e3o audiovisual, Raquel Teixeira convidou o cineasta Manoel Rangel para receber um trof\u00e9u simb\u00f3lico por sua contribui\u00e7\u00e3o ao cinema brasileiro. \u201cA iniciativa do Fica trouxe a quest\u00e3o ambiental para a cena cinematogr\u00e1fica e fez de Goi\u00e1s uma refer\u00eancia nessa discuss\u00e3o\u201d, destacou o ex-diretor da Ancine ao agradecer a homenagem<\/span><\/p>\n<\/p>\n<p><p class=\"m_-8148590843697390737m_-3282930622891169474p2\"><span class=\"m_-8148590843697390737m_-3282930622891169474s1\">e falar sobre o carinho especial que tem pelo estado, onde viveu parte de sua juventude.<\/span><\/p>\n<\/p>\n<p><p class=\"m_-8148590843697390737m_-3282930622891169474p2\"><span class=\"m_-8148590843697390737m_-3282930622891169474s1\">Os diretores Bebeto Abrantes e Juliana Antunes encerraram a cerim\u00f4nia de abertura apresentando o document\u00e1rio Caminho do mar e destacando o di\u00e1logo que o filme estabelece com o Festival ao falar da essencialidade da \u00e1gua e de sustentabilidade, mas tamb\u00e9m de luta e da necessidade de reflex\u00e3o. \u200b<\/span><\/p>\n<\/p>\n<p><p class=\"m_-8148590843697390737m_-3282930622891169474p1\"><span class=\"m_-8148590843697390737m_-3282930622891169474s1\"><span class=\"m_-8148590843697390737m_-3282930622891169474Apple-converted-space\">\u00a0<\/span><\/span><strong><span class=\"m_-8148590843697390737m_-3282930622891169474s2\">Homenagem dos Correios<\/span><\/strong><\/p>\n<\/p>\n<p><p class=\"m_-8148590843697390737m_-3282930622891169474p2\"><span class=\"m_-8148590843697390737m_-3282930622891169474s1\">A abertura oficial do evento tamb\u00e9m foi marcada pelo lan\u00e7amento de carimbos comemorativos e selos personalizados dos Correios em homenagem aos dezenove anos do Fica e aos 160 anos do Cineteatro S\u00e3o Joaquim. As estampilhas possuem quantidade limitada, j\u00e1 os dois carimbos comemorativos estar\u00e3o dispon\u00edveis na Ag\u00eancia dos Correios de Goi\u00e1s pelos pr\u00f3ximos 30 dias para aqueles que tiverem interesse em identificar suas correspond\u00eancias.<\/span><\/p>\n<\/p>\n\n","protected":false},"excerpt":{"rendered":"<p>Filme Caminho do Mar fez estreia mundial na abertura da 19a edi\u00e7\u00e3o do festival\u00a0 De volta ao Cineteatro S\u00e3o Joaquim, o Festival Internacional de Cinema e V\u00eddeo Ambiental deu in\u00edcio a sua d\u00e9cima nona edi\u00e7\u00e3o. A abertura oficial do evento foi marcada por discursos breves, que abordaram a import\u00e2ncia da discuss\u00e3o sobre cidades sustent\u00e1veis e [&hellip;]<\/p>\n","protected":false},"author":861,"featured_media":0,"comment_status":"closed","ping_status":"open","sticky":false,"template":"","format":"standard","meta":{"footnotes":""},"categories":[4801],"tags":[4851,4850],"class_list":["post-35987","post","type-post","status-publish","format-standard","hentry","category-noticias","tag-destaque","tag-educacao"],"rttpg_featured_image_url":null,"rttpg_author":{"display_name":"gustavomgomes","author_link":"https:\/\/goias.gov.br\/educacao\/author\/gustavomgomes\/"},"rttpg_comment":0,"rttpg_category":"<a href=\"https:\/\/goias.gov.br\/educacao\/categoria\/noticias\/\" rel=\"category tag\">Not\u00edcias<\/a>","rttpg_excerpt":"Filme Caminho do Mar fez estreia mundial na abertura da 19a edi\u00e7\u00e3o do festival\u00a0 De volta ao Cineteatro S\u00e3o Joaquim, o Festival Internacional de Cinema e V\u00eddeo Ambiental deu in\u00edcio a sua d\u00e9cima nona edi\u00e7\u00e3o. A abertura oficial do evento foi marcada por discursos breves, que abordaram a import\u00e2ncia da discuss\u00e3o sobre cidades sustent\u00e1veis e&hellip;","_links":{"self":[{"href":"https:\/\/goias.gov.br\/educacao\/wp-json\/wp\/v2\/posts\/35987","targetHints":{"allow":["GET"]}}],"collection":[{"href":"https:\/\/goias.gov.br\/educacao\/wp-json\/wp\/v2\/posts"}],"about":[{"href":"https:\/\/goias.gov.br\/educacao\/wp-json\/wp\/v2\/types\/post"}],"author":[{"embeddable":true,"href":"https:\/\/goias.gov.br\/educacao\/wp-json\/wp\/v2\/users\/861"}],"replies":[{"embeddable":true,"href":"https:\/\/goias.gov.br\/educacao\/wp-json\/wp\/v2\/comments?post=35987"}],"version-history":[{"count":0,"href":"https:\/\/goias.gov.br\/educacao\/wp-json\/wp\/v2\/posts\/35987\/revisions"}],"wp:attachment":[{"href":"https:\/\/goias.gov.br\/educacao\/wp-json\/wp\/v2\/media?parent=35987"}],"wp:term":[{"taxonomy":"category","embeddable":true,"href":"https:\/\/goias.gov.br\/educacao\/wp-json\/wp\/v2\/categories?post=35987"},{"taxonomy":"post_tag","embeddable":true,"href":"https:\/\/goias.gov.br\/educacao\/wp-json\/wp\/v2\/tags?post=35987"}],"curies":[{"name":"wp","href":"https:\/\/api.w.org\/{rel}","templated":true}]}}