

{"id":35958,"date":"2017-06-27T13:51:59","date_gmt":"2017-06-27T16:51:59","guid":{"rendered":"https:\/\/siteshom.goias.gov.br\/educacao\/projeto-arte-viva-do-gustav-ritter-traz-12-horas-de-arte\/"},"modified":"2017-06-27T13:51:59","modified_gmt":"2017-06-27T16:51:59","slug":"projeto-arte-viva-do-gustav-ritter-traz-12-horas-de-arte","status":"publish","type":"post","link":"https:\/\/goias.gov.br\/educacao\/projeto-arte-viva-do-gustav-ritter-traz-12-horas-de-arte\/","title":{"rendered":"Projeto Arte Viva do Gustav Ritter traz 12 horas de arte"},"content":{"rendered":"<p><em>Em sua 10\u00aa edi\u00e7\u00e3o, a iniciativa presta\u00a0homenagem\u00a0ao\u00a0maestro Joaquim Jayme, fundador do Instituto<\/em><\/p>\n<p>Um dia inteiro de programa\u00e7\u00e3o cultural, com mais de 100 atividades art\u00edsticas realizadas pelos professores e alunos, \u00e9 o que promete<em>\u00a0<\/em>o\u00a0Instituto de Educa\u00e7\u00e3o em Artes Professor Gustav Ritter, com o\u00a0<em>Projeto<\/em>\u00a0<em>Arte Viva<\/em>. A iniciativa, promovida pelos n\u00facleos de M\u00fasica, Dan\u00e7a e Teatro do Ritter, ser\u00e1 nesta quarta-feira, dia 28\/06, tendo como palco a sede do Instituto. O evento \u00e9 aberto a toda a comunidade e a entrada \u00e9 a doa\u00e7\u00e3o de um quilo de alimento n\u00e3o perec\u00edvel.<\/p>\n<p>Em sua 10\u00aa edi\u00e7\u00e3o, o\u00a0<em>Projeto<\/em>\u00a0<em>Arte Viva<\/em>\u00a0presta uma justa homenagem ao Maestro Joaquim Jayme, fundador do Instituto Gustav Ritter, que faleceu em maio deste ano. \u201cM\u00fasico talentoso e de esp\u00edrito empreendedor, o maestro Joaquim Jayme fundou a ent\u00e3o Escola de M\u00fasica, com o objetivo de ser um n\u00facleo para forma\u00e7\u00e3o de instrumentistas de orquestra. E hoje, quase 30 anos depois, o Instituto Gustav Ritter se tornou um dos mais importantes centros de forma\u00e7\u00e3o em artes do Estado de Goi\u00e1s\u201d,\u00a0destaca o diretor do Instituto, Edmar Carneiro.<\/p>\n<p>Sobre o\u00a0<em>Arte Viva<\/em>, Edmar Carneiro ressalta o quanto o evento cresceu desde a sua \u00faltima edi\u00e7\u00e3o ocorrida em novembro de 2016. \u201cSa\u00edmos de 50 para 100 apresenta\u00e7\u00f5es, ser\u00e3o 12 horas de atividades art\u00edsticas, um palco aberto, mais de 1.700 pessoas envolvidas no planejamento, organiza\u00e7\u00e3o e realiza\u00e7\u00e3o do evento, entre professores, alunos e servidores. \u00c9 um dia que abrimos as portas da escola para que toda a comunidade goiana prestigie o nosso trabalho\u201d, enfatiza.<\/p>\n<p><strong>Atividades art\u00edsticas<\/strong><\/p>\n<p>A programa\u00e7\u00e3o do evento inclui apresenta\u00e7\u00f5es dos corais adulto, juvenil e infantil, Orquestra de C\u00e2mara,<em>Big Band<\/em>, Orquestra de Viol\u00f5es, recitais de m\u00fasica, Duo de Violoncelos, Quarteto de Sax, Banda Sinf\u00f4nica, Grupo de Choro, recitais de instrumentos diversos, coreografias de bal\u00e9 cl\u00e1ssico,\u00a0jazz<em>,\u00a0performances\u00a0<\/em>teatrais, espet\u00e1culo circense, entre outras.<\/p>\n<p><strong>\u00a0<\/strong>\u201cO\u00a0<em>Projeto Arte Viva<\/em>\u00a0\u00e9 a manifesta\u00e7\u00e3o da diversidade cultural que agrega a todos. \u00c9 tamb\u00e9m uma forma de devolvermos para a sociedade, que tanto nos apoia e confia, bel\u00edssimas apresenta\u00e7\u00f5es art\u00edsticas, al\u00e9m de mostrar como nossos alunos e corpo docente s\u00e3o dedicados e talentosos\u201d, explica Edson Fernandes, coordenador do N\u00facleo de Teatro do Instituto Gustav Ritter.<\/p>\n<p><strong>Fazendo arte<\/strong><\/p>\n<p>H\u00e1 28 anos o Instituto Gustav Ritter, unidade da Secretaria de Educa\u00e7\u00e3o, Cultura e Esporte de Goi\u00e1s (Seduce), promove a forma\u00e7\u00e3o art\u00edstica e cultural de crian\u00e7as, jovens e adultos, por meio de seus n\u00facleos de M\u00fasica, Dan\u00e7a e Teatro, reunindo, diariamente, 1.500 alunos, nos turnos matutino, vespertino e noturno.<\/p>\n<p>O espa\u00e7o, localizado no tradicional bairro de Campinas, em Goi\u00e2nia, atende a popula\u00e7\u00e3o de diversos setores da capital e tamb\u00e9m de cidades da regi\u00e3o metropolitana, como Trindade, Senador Canedo e Aparecida de Goi\u00e2nia.<\/p>\n<p>Contribuindo para a democratiza\u00e7\u00e3o do acesso \u00e0 cultura, o Instituto Gustav Ritter oferece oportunidades para os alunos desenvolverem suas habilidades art\u00edsticas. Tradicionalmente, o Instituto exporta talentos, tendo ex-alunos que, hoje, atuam no cen\u00e1rio cultural nacional e internacional, em pa\u00edses como: Estados Unidos, Alemanha, Canad\u00e1, Su\u00ed\u00e7a e Fran\u00e7a.<\/p>\n<p>&nbsp;<\/p>\n<p><strong>SERVI\u00c7O<\/strong><\/p>\n<p><em>10\u00aa Edi\u00e7\u00e3o do Projeto Arte Viva<\/em><\/p>\n<p><strong>Data<\/strong>: Quarta-feira, 28\/06<\/p>\n<p><strong>Hor\u00e1rio<\/strong>: Das 8h \u00e0s 20h<\/p>\n<p><strong>Local<\/strong>: Instituto de Educa\u00e7\u00e3o em Artes Professor Gustav Ritter (Pra\u00e7a da Matriz &#8211; Av. Marechal Deodoro da Fonseca, n\u00ba 237, Campinas).<\/p>\n<p><strong>Telefones:<\/strong>\u00a03201-4700 (recep\u00e7\u00e3o)<\/p>\n<p><strong>Entrada<\/strong>: 1 kg de alimento n\u00e3o perec\u00edvel.<\/p>\n<p>&nbsp;<\/p>\n<p>Goi\u00e2nia, 27 de junho de 2017.<\/p>\n<p><em>Comunica\u00e7\u00e3o Setorial da Seduce<\/em><\/p>\n<p><img fetchpriority=\"high\" decoding=\"async\" class=\"alignnone size-full wp-image-5113\" src=\"https:\/\/site.seduce.go.gov.br\/wp-content\/uploads\/2017\/06\/DSC_8808.jpg\" alt=\"\" width=\"500\" height=\"332\" \/><\/p>\n<p><img decoding=\"async\" class=\"alignnone size-full wp-image-5114\" src=\"https:\/\/site.seduce.go.gov.br\/wp-content\/uploads\/2017\/06\/DSC_8856.jpg\" alt=\"\" width=\"500\" height=\"332\" \/><\/p>\n<p><img decoding=\"async\" class=\"alignnone size-full wp-image-5115\" src=\"https:\/\/site.seduce.go.gov.br\/wp-content\/uploads\/2017\/06\/DSC_8902.jpg\" alt=\"\" width=\"500\" height=\"332\" \/><\/p>\n<p><img loading=\"lazy\" decoding=\"async\" class=\"alignnone size-full wp-image-5117\" src=\"https:\/\/site.seduce.go.gov.br\/wp-content\/uploads\/2017\/06\/DSC_8547.jpg\" alt=\"\" width=\"500\" height=\"332\" \/><\/p>\n<p>&nbsp;<\/p>\n","protected":false},"excerpt":{"rendered":"<p>Em sua 10\u00aa edi\u00e7\u00e3o, a iniciativa presta\u00a0homenagem\u00a0ao\u00a0maestro Joaquim Jayme, fundador do Instituto Um dia inteiro de programa\u00e7\u00e3o cultural, com mais de 100 atividades art\u00edsticas realizadas pelos professores e alunos, \u00e9 o que promete\u00a0o\u00a0Instituto de Educa\u00e7\u00e3o em Artes Professor Gustav Ritter, com o\u00a0Projeto\u00a0Arte Viva. A iniciativa, promovida pelos n\u00facleos de M\u00fasica, Dan\u00e7a e Teatro do Ritter, [&hellip;]<\/p>\n","protected":false},"author":861,"featured_media":0,"comment_status":"closed","ping_status":"open","sticky":false,"template":"","format":"standard","meta":{"footnotes":""},"categories":[4801],"tags":[7399,4851,4850,5794],"class_list":["post-35958","post","type-post","status-publish","format-standard","hentry","category-noticias","tag-arte-viva","tag-destaque","tag-educacao","tag-gustav-ritter"],"rttpg_featured_image_url":null,"rttpg_author":{"display_name":"gustavomgomes","author_link":"https:\/\/goias.gov.br\/educacao\/author\/gustavomgomes\/"},"rttpg_comment":0,"rttpg_category":"<a href=\"https:\/\/goias.gov.br\/educacao\/categoria\/noticias\/\" rel=\"category tag\">Not\u00edcias<\/a>","rttpg_excerpt":"Em sua 10\u00aa edi\u00e7\u00e3o, a iniciativa presta\u00a0homenagem\u00a0ao\u00a0maestro Joaquim Jayme, fundador do Instituto Um dia inteiro de programa\u00e7\u00e3o cultural, com mais de 100 atividades art\u00edsticas realizadas pelos professores e alunos, \u00e9 o que promete\u00a0o\u00a0Instituto de Educa\u00e7\u00e3o em Artes Professor Gustav Ritter, com o\u00a0Projeto\u00a0Arte Viva. A iniciativa, promovida pelos n\u00facleos de M\u00fasica, Dan\u00e7a e Teatro do Ritter,&hellip;","_links":{"self":[{"href":"https:\/\/goias.gov.br\/educacao\/wp-json\/wp\/v2\/posts\/35958","targetHints":{"allow":["GET"]}}],"collection":[{"href":"https:\/\/goias.gov.br\/educacao\/wp-json\/wp\/v2\/posts"}],"about":[{"href":"https:\/\/goias.gov.br\/educacao\/wp-json\/wp\/v2\/types\/post"}],"author":[{"embeddable":true,"href":"https:\/\/goias.gov.br\/educacao\/wp-json\/wp\/v2\/users\/861"}],"replies":[{"embeddable":true,"href":"https:\/\/goias.gov.br\/educacao\/wp-json\/wp\/v2\/comments?post=35958"}],"version-history":[{"count":0,"href":"https:\/\/goias.gov.br\/educacao\/wp-json\/wp\/v2\/posts\/35958\/revisions"}],"wp:attachment":[{"href":"https:\/\/goias.gov.br\/educacao\/wp-json\/wp\/v2\/media?parent=35958"}],"wp:term":[{"taxonomy":"category","embeddable":true,"href":"https:\/\/goias.gov.br\/educacao\/wp-json\/wp\/v2\/categories?post=35958"},{"taxonomy":"post_tag","embeddable":true,"href":"https:\/\/goias.gov.br\/educacao\/wp-json\/wp\/v2\/tags?post=35958"}],"curies":[{"name":"wp","href":"https:\/\/api.w.org\/{rel}","templated":true}]}}