

{"id":35947,"date":"2017-06-30T13:39:47","date_gmt":"2017-06-30T16:39:47","guid":{"rendered":"https:\/\/siteshom.goias.gov.br\/educacao\/gustav-ritter-realiza-workshop-e-oficinas-de-teatro-nas-ferias\/"},"modified":"2017-06-30T13:39:47","modified_gmt":"2017-06-30T16:39:47","slug":"gustav-ritter-realiza-workshop-e-oficinas-de-teatro-nas-ferias","status":"publish","type":"post","link":"https:\/\/goias.gov.br\/educacao\/gustav-ritter-realiza-workshop-e-oficinas-de-teatro-nas-ferias\/","title":{"rendered":"Gustav Ritter realiza workshop e oficinas de teatro nas f\u00e9rias"},"content":{"rendered":"<p><p style=\"text-align: center;\"><em>As inscri\u00e7\u00f5es das oficinas come\u00e7am neste s\u00e1bado, dia 1\u00ba<\/em><\/p>\n<\/p>\n<p>Quer experimentar teatro de uma forma intensiva em um fim de semana? A oportunidade chegou\u200b! O Instituto de Educa\u00e7\u00e3o em Artes Prof\u00ba Gustav Ritter ir\u00e1 promover entre os dias 22 e 23\/07 um\u00a0workshop c\u00eanico.\u00a0 O Instituto tamb\u00e9m est\u00e1 com inscri\u00e7\u00f5es abertas, de 1\u00ba a 14 \/07, para oficinas de teatro.<\/p>\n<p>Os participantes do\u00a0workshop ter\u00e3o\u00a0atividades essencialmente pr\u00e1ticas, alternadas com momentos te\u00f3ricos e reflexivos.\u00a0\u201cA atividade \u00e9 direcionada a todos aqueles que desejam fazer teatro como profiss\u00e3o, como incremento ao curr\u00edculo profissional art\u00edstico, como exerc\u00edcio ou como alternativa de socializa\u00e7\u00e3o\u201d, explica Edson Fernandes, coordenador do N\u00facleo de Teatro.<\/p>\n<p>As aulas ser\u00e3o ministradas no N\u00facleo de Teatro do Ritter, que funciona no Centro Cultural Martim Cerer\u00ea, das 14 \u00e0s\u00a018 horas\u200b. As aulas ir\u00e3o abranger express\u00e3o corporal, cria\u00e7\u00e3o de cenas, jogos teatrais e teste de elenco. Podem participar adolescentes acima de 15 anos e as vagas s\u00e3o limitadas. O workshop ser\u00e1 ministrado pelo professor Edson Fernandes e a participa\u00e7\u00e3o de convidados da \u00e1rea, com carga hor\u00e1ria de 20 horas.\u00a0A taxa de inscri\u00e7\u00e3o\u00a0\u00e9 de R$ 100\u200b, com direito a certificado de conclus\u00e3o.<\/p>\n<p><strong>Oficinas de teatro<\/strong><\/p>\n<p><strong>\u00a0<\/strong>Para os interessados em participar das oficinas de teatro\u200b, as inscri\u00e7\u00f5es podem ser feitas no per\u00edodo de 1\u00ba a 14\/07, no Centro Cultural Martim Cerer\u00ea, no hor\u00e1rio das 8 \u00e0s 12 e das 14 \u00e0s 18 horas.\u00a0 As aulas come\u00e7am na segunda semana de agosto e os cursos ter\u00e3o dura\u00e7\u00e3o de quatro meses. As oficinas ter\u00e3o uma taxa semestral.<\/p>\n<p>Est\u00e3o sendo oferecidas oficinas de teatro infantil, tecido acrob\u00e1tico e express\u00e3o corporal. Para os participantes da faixa et\u00e1ria de 6 a 10 anos, as aulas ser\u00e3o ministradas nos turnos matutino e vespertino, no Instituto Gustav Ritter, para os adolescentes acima de 11 anos, as aulas ser\u00e3o aos s\u00e1bados, das 9 \u00e0s 12h. Para os adultos, acima de 18 anos, as aulas ser\u00e3o aos s\u00e1bados, das 14h \u00e0s 17h. Ambas ser\u00e3o no Martim Cerer\u00ea.<\/p>\n<p>O Instituto Gustav Ritter \u00e9 uma unidade da Secretaria de Educa\u00e7\u00e3o, Cultura e Esporte de Goi\u00e1s (Seduce), e est\u00e1 localizado no bairro de Campinas, em Goi\u00e2nia.<\/p>\n<p>&nbsp;<\/p>\n<p><strong>SERVI\u00c7O:<\/strong><\/p>\n<p><strong>Workshop de Teatro<\/strong><\/p>\n<p><strong>Data:\u00a0<\/strong>Dias 22 e 23\/07<\/p>\n<p><strong>Hor\u00e1rio<\/strong>: 14 \u00e0s 18h<\/p>\n<p><strong>Local da aula:<\/strong>\u00a0N\u00facleo de Teatro Gustav Ritter \u2013 Centro Cultural Martim Cerer\u00ea<\/p>\n<p>(Rua 94 A, s\/n, Quadra 18, lote 1, Setor Sul)<\/p>\n<p>&nbsp;<\/p>\n<p><strong>Oficinas de teatro<\/strong><\/p>\n<p><strong>Inscri\u00e7\u00f5es<\/strong>: De 1\u00ba a 14 \/07, no Centro Cultural Martim Cerer\u00ea<\/p>\n<p><strong>Aulas<\/strong>: Segunda semana de agosto<\/p>\n<p><strong>Local das aulas<\/strong>: Instituto Gustav Ritter e Martim Cerer\u00ea<\/p>\n<p><strong>Mais informa\u00e7\u00f5es<\/strong>:<strong>\u00a0<\/strong>(62) 3201-4688 ou\u00a0<a href=\"mailto:producaoteatro@hotmail.com\">producaoteatro@hotmail.com<\/a><\/p>\n<p><img fetchpriority=\"high\" decoding=\"async\" class=\"alignnone size-full wp-image-5239\" src=\"https:\/\/site.seduce.go.gov.br\/wp-content\/uploads\/2017\/06\/folder.jpg\" alt=\"\" width=\"500\" height=\"502\" \/><\/p>\n","protected":false},"excerpt":{"rendered":"<p>As inscri\u00e7\u00f5es das oficinas come\u00e7am neste s\u00e1bado, dia 1\u00ba Quer experimentar teatro de uma forma intensiva em um fim de semana? A oportunidade chegou\u200b! O Instituto de Educa\u00e7\u00e3o em Artes Prof\u00ba Gustav Ritter ir\u00e1 promover entre os dias 22 e 23\/07 um\u00a0workshop c\u00eanico.\u00a0 O Instituto tamb\u00e9m est\u00e1 com inscri\u00e7\u00f5es abertas, de 1\u00ba a 14 \/07, [&hellip;]<\/p>\n","protected":false},"author":861,"featured_media":0,"comment_status":"closed","ping_status":"open","sticky":false,"template":"","format":"standard","meta":{"footnotes":""},"categories":[4801],"tags":[4851,4850,6511,5794,6188,7393],"class_list":["post-35947","post","type-post","status-publish","format-standard","hentry","category-noticias","tag-destaque","tag-educacao","tag-fundo-de-cultura","tag-gustav-ritter","tag-oficinas","tag-workshop"],"rttpg_featured_image_url":null,"rttpg_author":{"display_name":"gustavomgomes","author_link":"https:\/\/goias.gov.br\/educacao\/author\/gustavomgomes\/"},"rttpg_comment":0,"rttpg_category":"<a href=\"https:\/\/goias.gov.br\/educacao\/categoria\/noticias\/\" rel=\"category tag\">Not\u00edcias<\/a>","rttpg_excerpt":"As inscri\u00e7\u00f5es das oficinas come\u00e7am neste s\u00e1bado, dia 1\u00ba Quer experimentar teatro de uma forma intensiva em um fim de semana? A oportunidade chegou\u200b! O Instituto de Educa\u00e7\u00e3o em Artes Prof\u00ba Gustav Ritter ir\u00e1 promover entre os dias 22 e 23\/07 um\u00a0workshop c\u00eanico.\u00a0 O Instituto tamb\u00e9m est\u00e1 com inscri\u00e7\u00f5es abertas, de 1\u00ba a 14 \/07,&hellip;","_links":{"self":[{"href":"https:\/\/goias.gov.br\/educacao\/wp-json\/wp\/v2\/posts\/35947","targetHints":{"allow":["GET"]}}],"collection":[{"href":"https:\/\/goias.gov.br\/educacao\/wp-json\/wp\/v2\/posts"}],"about":[{"href":"https:\/\/goias.gov.br\/educacao\/wp-json\/wp\/v2\/types\/post"}],"author":[{"embeddable":true,"href":"https:\/\/goias.gov.br\/educacao\/wp-json\/wp\/v2\/users\/861"}],"replies":[{"embeddable":true,"href":"https:\/\/goias.gov.br\/educacao\/wp-json\/wp\/v2\/comments?post=35947"}],"version-history":[{"count":0,"href":"https:\/\/goias.gov.br\/educacao\/wp-json\/wp\/v2\/posts\/35947\/revisions"}],"wp:attachment":[{"href":"https:\/\/goias.gov.br\/educacao\/wp-json\/wp\/v2\/media?parent=35947"}],"wp:term":[{"taxonomy":"category","embeddable":true,"href":"https:\/\/goias.gov.br\/educacao\/wp-json\/wp\/v2\/categories?post=35947"},{"taxonomy":"post_tag","embeddable":true,"href":"https:\/\/goias.gov.br\/educacao\/wp-json\/wp\/v2\/tags?post=35947"}],"curies":[{"name":"wp","href":"https:\/\/api.w.org\/{rel}","templated":true}]}}