

{"id":35923,"date":"2017-07-13T10:10:23","date_gmt":"2017-07-13T13:10:23","guid":{"rendered":"https:\/\/siteshom.goias.gov.br\/educacao\/escolas-estaduais-de-goianesia-promovem-evento-pela-paz\/"},"modified":"2017-07-13T10:10:23","modified_gmt":"2017-07-13T13:10:23","slug":"escolas-estaduais-de-goianesia-promovem-evento-pela-paz","status":"publish","type":"post","link":"https:\/\/goias.gov.br\/educacao\/escolas-estaduais-de-goianesia-promovem-evento-pela-paz\/","title":{"rendered":"Escolas estaduais de Goian\u00e9sia promovem evento pela paz"},"content":{"rendered":"<p>O Col\u00e9gio Estadual Jalles Machado, de Goian\u00e9sia, desenvolveu, no m\u00eas de junho, v\u00e1rias atividades culturais e educativas envolvendo os estudantes em debates sobre a paz e sobre como contribuir para melhorar, cada vez mais, o relacionamento entre os jovens, a toler\u00e2ncia e o respeito \u00e0s diferen\u00e7as e o amor ao pr\u00f3ximo. A a\u00e7\u00e3o culminou com a entrega da Bandeira da Paz \u00e0 Escola Estadual Pe. Ast\u00e9rio Pascoal, em solenidade em que os alunos das duas escolas lan\u00e7aram ao c\u00e9u uma Bandeira da Paz erguida por bal\u00f5es brancos.<\/p>\n<p>Com o projeto, o col\u00e9gio incentivou, por meio da pr\u00e1tica pedag\u00f3gica, promover a Paz. Foram realizadas diferentes atividades com os alunos como a elabora\u00e7\u00e3o de cartazes, poesias, pe\u00e7as de teatro e par\u00f3dias, al\u00e9m da apresenta\u00e7\u00e3o, do acolhimento e da entrega da Bandeira da Paz. De acordo com informa\u00e7\u00f5es do Col\u00e9gio Jalles Machado, uma frase do Papa Francisco \u201cA paz \u00e9 um bem que supera qualquer barreira, porque \u00e9 um bem de toda a humanidade\u201d, foi utilizada como inspira\u00e7\u00e3o nas atividades.<\/p>\n<p>&nbsp;<\/p>\n<p>&nbsp;<\/p>\n<p>Goi\u00e2nia, 13 de julho de 2017.<\/p>\n<p><em>Comunica\u00e7\u00e3o Setorial da Seduce<\/em><\/p>\n","protected":false},"excerpt":{"rendered":"<p>O Col\u00e9gio Estadual Jalles Machado, de Goian\u00e9sia, desenvolveu, no m\u00eas de junho, v\u00e1rias atividades culturais e educativas envolvendo os estudantes em debates sobre a paz e sobre como contribuir para melhorar, cada vez mais, o relacionamento entre os jovens, a toler\u00e2ncia e o respeito \u00e0s diferen\u00e7as e o amor ao pr\u00f3ximo. A a\u00e7\u00e3o culminou com [&hellip;]<\/p>\n","protected":false},"author":861,"featured_media":0,"comment_status":"closed","ping_status":"open","sticky":false,"template":"","format":"standard","meta":{"footnotes":""},"categories":[4801],"tags":[4850,5173],"class_list":["post-35923","post","type-post","status-publish","format-standard","hentry","category-noticias","tag-educacao","tag-goianesia"],"rttpg_featured_image_url":null,"rttpg_author":{"display_name":"gustavomgomes","author_link":"https:\/\/goias.gov.br\/educacao\/author\/gustavomgomes\/"},"rttpg_comment":0,"rttpg_category":"<a href=\"https:\/\/goias.gov.br\/educacao\/categoria\/noticias\/\" rel=\"category tag\">Not\u00edcias<\/a>","rttpg_excerpt":"O Col\u00e9gio Estadual Jalles Machado, de Goian\u00e9sia, desenvolveu, no m\u00eas de junho, v\u00e1rias atividades culturais e educativas envolvendo os estudantes em debates sobre a paz e sobre como contribuir para melhorar, cada vez mais, o relacionamento entre os jovens, a toler\u00e2ncia e o respeito \u00e0s diferen\u00e7as e o amor ao pr\u00f3ximo. A a\u00e7\u00e3o culminou com&hellip;","_links":{"self":[{"href":"https:\/\/goias.gov.br\/educacao\/wp-json\/wp\/v2\/posts\/35923","targetHints":{"allow":["GET"]}}],"collection":[{"href":"https:\/\/goias.gov.br\/educacao\/wp-json\/wp\/v2\/posts"}],"about":[{"href":"https:\/\/goias.gov.br\/educacao\/wp-json\/wp\/v2\/types\/post"}],"author":[{"embeddable":true,"href":"https:\/\/goias.gov.br\/educacao\/wp-json\/wp\/v2\/users\/861"}],"replies":[{"embeddable":true,"href":"https:\/\/goias.gov.br\/educacao\/wp-json\/wp\/v2\/comments?post=35923"}],"version-history":[{"count":0,"href":"https:\/\/goias.gov.br\/educacao\/wp-json\/wp\/v2\/posts\/35923\/revisions"}],"wp:attachment":[{"href":"https:\/\/goias.gov.br\/educacao\/wp-json\/wp\/v2\/media?parent=35923"}],"wp:term":[{"taxonomy":"category","embeddable":true,"href":"https:\/\/goias.gov.br\/educacao\/wp-json\/wp\/v2\/categories?post=35923"},{"taxonomy":"post_tag","embeddable":true,"href":"https:\/\/goias.gov.br\/educacao\/wp-json\/wp\/v2\/tags?post=35923"}],"curies":[{"name":"wp","href":"https:\/\/api.w.org\/{rel}","templated":true}]}}