

{"id":35899,"date":"2017-07-25T05:00:17","date_gmt":"2017-07-25T08:00:17","guid":{"rendered":"https:\/\/siteshom.goias.gov.br\/educacao\/programacao-no-cine-cultura-continua-em-cartaz\/"},"modified":"2017-07-25T05:00:17","modified_gmt":"2017-07-25T08:00:17","slug":"programacao-no-cine-cultura-continua-em-cartaz","status":"publish","type":"post","link":"https:\/\/goias.gov.br\/educacao\/programacao-no-cine-cultura-continua-em-cartaz\/","title":{"rendered":"Programa\u00e7\u00e3o no Cine Cultura continua em cartaz"},"content":{"rendered":"<p>Para quem n\u00e3o viu, ainda d\u00e1 tempo de conferir os filmes em cartaz no Cine Cultura. At\u00e9 o dia 2 de agosto, continuam em exibi\u00e7\u00e3o na sala os longas\u00a0<em>Faces de Uma Mulher<\/em>, do cineasta Arnaud des Palli\u00e8res;\u00a0<em>Al\u00e9m da Ilus\u00e3o<\/em>, de Rebecca Zlotowski, e<em>\u00a0Paterson<\/em>, de\u00a0Jim Jarmusch. As obras est\u00e3o sendo exibidas em hor\u00e1rios alternados. No dia 3\/8, o cinema abre a programa\u00e7\u00e3o com a estreia de outras tr\u00eas produ\u00e7\u00f5es.<\/p>\n<p>A trama de\u00a0<em>Faces de Uma Mulher<\/em>\u00a0revela as v\u00e1rias facetas da personagem Karine (Ad\u00e8le Haenel), uma mulher que leva uma vida tranquila trabalhando como professora na escola prim\u00e1ria, enquanto pensa em ter um filho com o namorado por meio de insemina\u00e7\u00e3o artificial. Um dia, no entanto, a pol\u00edcia bate \u00e0 sua porta para prend\u00ea-la. Voltando em sua hist\u00f3ria, compreendemos que esta mulher \u00f3rf\u00e3 j\u00e1 teve vidas muito diferentes, adotando outros nomes e sobrevivendo ao passado de viol\u00eancias e abusos. A cada retorno ao passado, Karine \u00e9 vivida por uma atriz diferente.<\/p>\n<p>No filme <em>Al\u00e9m da Ilus\u00e3o<\/em> a hist\u00f3ria gira em torno da mediunidade. O roteiro se passa em Paris, no ano de 1943, onde as irm\u00e3s\u00a0Laura (Natalie Portman) e Kate Barlow (Lily-Rose Depp),\u00a0realizam uma s\u00e9rie de apresenta\u00e7\u00f5es onde se comunicam com os mortos. Fascinado com a possibilidade, o produtor franc\u00eas Andr\u00e9 Korben (Emmanuel Salinger) solicita uma sess\u00e3o particular com as jovens. Decidido a encontrar um meio de filmar seres sobrenaturais, ele apresenta o cinema \u00e0s irm\u00e3s. Enquanto Laura experimenta a possibilidade de se tornar atriz, Korben realiza seguidas grava\u00e7\u00f5es ao lado de Kate, que possui poderes medi\u00fanicos.<\/p>\n<p>J\u00e1 o longa\u00a0<em>Paterson<\/em>\u00a0foi filmado na cidade de mesmo nome, que fica no \u200bestado de\u200b\u00a0Nova Jersey, nos EUA, e traz um personagem que tamb\u00e9m se chama Paterson (Adam Driver). O jovem \u00e9 um pacato motorista de \u00f4nibus local, que leva uma vida simples e rotineira ao lado de sua namorada. Por\u00e9m, uma caracter\u00edstica o torna conhecido por se destacar em uma arte diferente da condu\u00e7\u00e3o de ve\u00edculos: o rapaz \u00e9 tamb\u00e9m um poeta.<\/p>\n<p>O Cine Cultura \u00e9 uma unidade da Secretaria de Educa\u00e7\u00e3o, Cultura e Esporte (Seduce) e funciona no pr\u00e9dio do Centro Cultural Marieta Telles Machado, na Pra\u00e7a C\u00edvica, em Goi\u00e2nia. O ingresso da sala custa R$ 8 (inteira) e R$ 4 (meia). Pessoas acima de 60 anos t\u00eam acesso livre. Toda segunda-feira tem pre\u00e7o promocional de R$ 4.<\/p>\n<p><strong>Confira a programa\u00e7\u00e3o da sala:<\/strong><\/p>\n<p>16h30:\u00a0<em>Faces de Uma Mulher\u00a0<\/em><\/p>\n<p>18h30:\u00a0<em>Al\u00e9m da Ilus\u00e3o\u00a0<\/em><\/p>\n<p>20h30:\u00a0<em>Paterson<\/em><\/p>\n<p><img fetchpriority=\"high\" decoding=\"async\" class=\"alignnone size-full wp-image-5393\" src=\"https:\/\/site.seduce.go.gov.br\/wp-content\/uploads\/2017\/07\/Al\u00e9m-da-Ilus\u00e3o.jpg\" alt=\"\" width=\"500\" height=\"728\" \/><\/p>\n<p><img decoding=\"async\" class=\"alignnone size-full wp-image-5394\" src=\"https:\/\/site.seduce.go.gov.br\/wp-content\/uploads\/2017\/07\/Paterson.jpg\" alt=\"\" width=\"500\" height=\"751\" \/><\/p>\n","protected":false},"excerpt":{"rendered":"<p>Para quem n\u00e3o viu, ainda d\u00e1 tempo de conferir os filmes em cartaz no Cine Cultura. At\u00e9 o dia 2 de agosto, continuam em exibi\u00e7\u00e3o na sala os longas\u00a0Faces de Uma Mulher, do cineasta Arnaud des Palli\u00e8res;\u00a0Al\u00e9m da Ilus\u00e3o, de Rebecca Zlotowski, e\u00a0Paterson, de\u00a0Jim Jarmusch. As obras est\u00e3o sendo exibidas em hor\u00e1rios alternados. No dia [&hellip;]<\/p>\n","protected":false},"author":861,"featured_media":0,"comment_status":"closed","ping_status":"open","sticky":false,"template":"","format":"standard","meta":{"footnotes":""},"categories":[4801],"tags":[6489,4850],"class_list":["post-35899","post","type-post","status-publish","format-standard","hentry","category-noticias","tag-cine-cultura","tag-educacao"],"rttpg_featured_image_url":null,"rttpg_author":{"display_name":"gustavomgomes","author_link":"https:\/\/goias.gov.br\/educacao\/author\/gustavomgomes\/"},"rttpg_comment":0,"rttpg_category":"<a href=\"https:\/\/goias.gov.br\/educacao\/categoria\/noticias\/\" rel=\"category tag\">Not\u00edcias<\/a>","rttpg_excerpt":"Para quem n\u00e3o viu, ainda d\u00e1 tempo de conferir os filmes em cartaz no Cine Cultura. At\u00e9 o dia 2 de agosto, continuam em exibi\u00e7\u00e3o na sala os longas\u00a0Faces de Uma Mulher, do cineasta Arnaud des Palli\u00e8res;\u00a0Al\u00e9m da Ilus\u00e3o, de Rebecca Zlotowski, e\u00a0Paterson, de\u00a0Jim Jarmusch. As obras est\u00e3o sendo exibidas em hor\u00e1rios alternados. No dia&hellip;","_links":{"self":[{"href":"https:\/\/goias.gov.br\/educacao\/wp-json\/wp\/v2\/posts\/35899","targetHints":{"allow":["GET"]}}],"collection":[{"href":"https:\/\/goias.gov.br\/educacao\/wp-json\/wp\/v2\/posts"}],"about":[{"href":"https:\/\/goias.gov.br\/educacao\/wp-json\/wp\/v2\/types\/post"}],"author":[{"embeddable":true,"href":"https:\/\/goias.gov.br\/educacao\/wp-json\/wp\/v2\/users\/861"}],"replies":[{"embeddable":true,"href":"https:\/\/goias.gov.br\/educacao\/wp-json\/wp\/v2\/comments?post=35899"}],"version-history":[{"count":0,"href":"https:\/\/goias.gov.br\/educacao\/wp-json\/wp\/v2\/posts\/35899\/revisions"}],"wp:attachment":[{"href":"https:\/\/goias.gov.br\/educacao\/wp-json\/wp\/v2\/media?parent=35899"}],"wp:term":[{"taxonomy":"category","embeddable":true,"href":"https:\/\/goias.gov.br\/educacao\/wp-json\/wp\/v2\/categories?post=35899"},{"taxonomy":"post_tag","embeddable":true,"href":"https:\/\/goias.gov.br\/educacao\/wp-json\/wp\/v2\/tags?post=35899"}],"curies":[{"name":"wp","href":"https:\/\/api.w.org\/{rel}","templated":true}]}}