

{"id":35875,"date":"2017-08-03T13:25:28","date_gmt":"2017-08-03T16:25:28","guid":{"rendered":"https:\/\/siteshom.goias.gov.br\/educacao\/classicos-da-filarmonica-chegam-ao-interior-de-goias\/"},"modified":"2017-08-03T13:25:28","modified_gmt":"2017-08-03T16:25:28","slug":"classicos-da-filarmonica-chegam-ao-interior-de-goias","status":"publish","type":"post","link":"https:\/\/goias.gov.br\/educacao\/classicos-da-filarmonica-chegam-ao-interior-de-goias\/","title":{"rendered":"Cl\u00e1ssicos da Filarm\u00f4nica chegam ao interior de Goi\u00e1s"},"content":{"rendered":"<p>A Orquestra Filarm\u00f4nica de Goi\u00e1s chega ao interior do Estado com o melhor da m\u00fasica cl\u00e1ssica. An\u00e1polis ser\u00e1 o primeiro munic\u00edpio a receber a apresenta\u00e7\u00e3o nesta sexta-feira, dia 4, \u00e0s 20h30, no Teatro S\u00e3o Francisco. O ingresso para o espet\u00e1culo ser\u00e1 1kg de alimento n\u00e3o perec\u00edvel. No s\u00e1bado, dia 5, \u00e9 a vez da cidade de Goi\u00e1s ser contemplada com o concerto, \u00e0s 19 horas, no Teatro S\u00e3o Joaquim, com entrada gratuita.<\/p>\n<p>Os concertos fazem parte da <em>V Turn\u00ea Estadual da Filarm\u00f4nica<\/em>, cujo objetivo da iniciativa \u00e9 fazer com que os moradores de diversas cidades goianas tenham acesso a m\u00fasica de concerto.<\/p>\n<p>Um repert\u00f3rio in\u00e9dito marca as duas apresenta\u00e7\u00f5es que ter\u00e3o reg\u00eancia e solo do maestro Alessandro Borgomanero. No programa est\u00e3o as obras <em>Concerto para Violino<\/em>, de Mendelssohn e a <em>Sinfonia n\u00ba5<\/em>, de Schubert.<\/p>\n<p><strong>A Orquestra<\/strong><\/p>\n<p>Desde sua funda\u00e7\u00e3o em 1980, pelo maestro Braz de Pina Filho, a Orquestra Filarm\u00f4nica de Goi\u00e1s passou por diversas modifica\u00e7\u00f5es, buscando sempre se adaptar \u00e0s particularidades de cada tempo. Na sua \u00faltima e mais importante reestrutura\u00e7\u00e3o, ocorrida em 2012, a Filarm\u00f4nica deixou de ser um conjunto de atua\u00e7\u00e3o eminentemente local, para se tornar um dos mais interessantes e celebrados projetos de m\u00fasica sinf\u00f4nica do pa\u00eds. Como parte fundamental dessa reestrutura\u00e7\u00e3o, a dire\u00e7\u00e3o art\u00edstica da orquestra passa, a partir de 2014, ao maestro brit\u00e2nico Neil Thomson, que desde ent\u00e3o, desenvolve um \u00e1rduo trabalho que conferiu \u00e0 Filarm\u00f4nica um padr\u00e3o internacional de excel\u00eancia art\u00edstica.<\/p>\n<p>Atualmente, a Filarm\u00f4nica \u00e9 um programa do Governo do Estado, vinculado \u00e0 Secretaria Estadual de Educa\u00e7\u00e3o, Cultura e Esporte (Seduce), com sede no Centro Cultural Oscar Niemeyer, tamb\u00e9m unidade da Seduce. A temporada anual de concertos inclui apresenta\u00e7\u00f5es nos tradicionais teatros de Goi\u00e2nia e do interior do Estado, bem como espa\u00e7os alternativos como parques, escolas e universidades, al\u00e9m de diversas iniciativas educacionais que visam apresentar a m\u00fasica de concerto \u00e0 estudantes da rede p\u00fablica e privada de educa\u00e7\u00e3o. Com essas a\u00e7\u00f5es, a Orquestra busca alcan\u00e7ar o seu objetivo primordial, que \u00e9 a democratiza\u00e7\u00e3o do acesso aos bens culturais.<\/p>\n<p><strong>\u00a0<\/strong><\/p>\n<p><strong>Servi\u00e7o:<\/strong><\/p>\n<p>Filarm\u00f4nica em An\u00e1polis<\/p>\n<p>Data: Sexta-feira, 4\/8<\/p>\n<p>Hor\u00e1rio: 20h30<\/p>\n<p>Local: Teatro S\u00e3o Francisco<\/p>\n<p>Entrada: 1kg de alimento n\u00e3o perec\u00edvel<\/p>\n<p>&nbsp;<\/p>\n<p>Filarm\u00f4nica na cidade de Goi\u00e1s<\/p>\n<p>Data: S\u00e1bado, 5\/8<\/p>\n<p>Hor\u00e1rio: 19h<\/p>\n<p>Local: Cine Teatro S\u00e3o Joaquim<\/p>\n<p>Entrada gratuita<\/p>\n<p><img fetchpriority=\"high\" decoding=\"async\" class=\"alignnone size-full wp-image-5876\" src=\"https:\/\/site.seduce.go.gov.br\/wp-content\/uploads\/2017\/08\/TURNE_02-Copia-1.png\" alt=\"\" width=\"500\" height=\"500\" \/><\/p>\n<p>&nbsp;<\/p>\n","protected":false},"excerpt":{"rendered":"<p>A Orquestra Filarm\u00f4nica de Goi\u00e1s chega ao interior do Estado com o melhor da m\u00fasica cl\u00e1ssica. An\u00e1polis ser\u00e1 o primeiro munic\u00edpio a receber a apresenta\u00e7\u00e3o nesta sexta-feira, dia 4, \u00e0s 20h30, no Teatro S\u00e3o Francisco. O ingresso para o espet\u00e1culo ser\u00e1 1kg de alimento n\u00e3o perec\u00edvel. No s\u00e1bado, dia 5, \u00e9 a vez da cidade [&hellip;]<\/p>\n","protected":false},"author":861,"featured_media":0,"comment_status":"closed","ping_status":"open","sticky":false,"template":"","format":"standard","meta":{"footnotes":""},"categories":[4801],"tags":[5208,5184,4850,6505,7359],"class_list":["post-35875","post","type-post","status-publish","format-standard","hentry","category-noticias","tag-anapolis","tag-cidade-de-goias","tag-educacao","tag-filarmonica-de-goias","tag-turne-estadual"],"rttpg_featured_image_url":null,"rttpg_author":{"display_name":"gustavomgomes","author_link":"https:\/\/goias.gov.br\/educacao\/author\/gustavomgomes\/"},"rttpg_comment":0,"rttpg_category":"<a href=\"https:\/\/goias.gov.br\/educacao\/categoria\/noticias\/\" rel=\"category tag\">Not\u00edcias<\/a>","rttpg_excerpt":"A Orquestra Filarm\u00f4nica de Goi\u00e1s chega ao interior do Estado com o melhor da m\u00fasica cl\u00e1ssica. An\u00e1polis ser\u00e1 o primeiro munic\u00edpio a receber a apresenta\u00e7\u00e3o nesta sexta-feira, dia 4, \u00e0s 20h30, no Teatro S\u00e3o Francisco. O ingresso para o espet\u00e1culo ser\u00e1 1kg de alimento n\u00e3o perec\u00edvel. No s\u00e1bado, dia 5, \u00e9 a vez da cidade&hellip;","_links":{"self":[{"href":"https:\/\/goias.gov.br\/educacao\/wp-json\/wp\/v2\/posts\/35875","targetHints":{"allow":["GET"]}}],"collection":[{"href":"https:\/\/goias.gov.br\/educacao\/wp-json\/wp\/v2\/posts"}],"about":[{"href":"https:\/\/goias.gov.br\/educacao\/wp-json\/wp\/v2\/types\/post"}],"author":[{"embeddable":true,"href":"https:\/\/goias.gov.br\/educacao\/wp-json\/wp\/v2\/users\/861"}],"replies":[{"embeddable":true,"href":"https:\/\/goias.gov.br\/educacao\/wp-json\/wp\/v2\/comments?post=35875"}],"version-history":[{"count":0,"href":"https:\/\/goias.gov.br\/educacao\/wp-json\/wp\/v2\/posts\/35875\/revisions"}],"wp:attachment":[{"href":"https:\/\/goias.gov.br\/educacao\/wp-json\/wp\/v2\/media?parent=35875"}],"wp:term":[{"taxonomy":"category","embeddable":true,"href":"https:\/\/goias.gov.br\/educacao\/wp-json\/wp\/v2\/categories?post=35875"},{"taxonomy":"post_tag","embeddable":true,"href":"https:\/\/goias.gov.br\/educacao\/wp-json\/wp\/v2\/tags?post=35875"}],"curies":[{"name":"wp","href":"https:\/\/api.w.org\/{rel}","templated":true}]}}