

{"id":35871,"date":"2017-08-04T13:23:45","date_gmt":"2017-08-04T16:23:45","guid":{"rendered":"https:\/\/siteshom.goias.gov.br\/educacao\/espaco-sonhus-traz-programacao-variada-em-agosto\/"},"modified":"2017-08-04T13:23:45","modified_gmt":"2017-08-04T16:23:45","slug":"espaco-sonhus-traz-programacao-variada-em-agosto","status":"publish","type":"post","link":"https:\/\/goias.gov.br\/educacao\/espaco-sonhus-traz-programacao-variada-em-agosto\/","title":{"rendered":"Espa\u00e7o Sonhus traz programa\u00e7\u00e3o variada em agosto"},"content":{"rendered":"<p>O Grupo Sonhus Teatro Ritual atrav\u00e9s da parceria com Secretaria de Educa\u00e7\u00e3o, Cultura e Esporte de Goi\u00e1s (Seduce) e o Col\u00e9gio Lyceu de Goi\u00e2nia, anuncia agenda de eventos do m\u00eas de agosto no Espa\u00e7o Sonhus. A novidade desse m\u00eas fica por conta da nova estrutura do Caf\u00e9 Cultural Qorpo Santo, que inaugura no dia 15\/08, ter\u00e7a-feira, o seu espa\u00e7o para c<em>oworking<\/em>. Al\u00e9m de bebidas e comidas, o caf\u00e9 passa a oferecer um ambiente coletivo de trabalho, com estrutura f\u00edsica de escrit\u00f3rio e <em>wifi<\/em>.<\/p>\n<p>O espa\u00e7o abre as portas para o cinema e durante todo o m\u00eas os cineclubes Bandidas, Clube de la muerte, Cabelo Duro, Vingado Toxico, Bauhaus e Depress\u00e3o oferecem uma programa\u00e7\u00e3o cinema variada, com obras que v\u00e3o do terror ao drama.<\/p>\n<p>No dia 12\/08, s\u00e1bado, o espet\u00e1culo O Show das Divas inaugura a programa\u00e7\u00e3o teatral do m\u00eas. O ingresso \u00e9 1 kg de alimento, que ser\u00e1 doado para institui\u00e7\u00f5es filantr\u00f3picas. A pe\u00e7a re\u00fane 18 artistas que trazem o humor e a musicalidade das <em>Drag Queens<\/em>. Dos dias 22 a 26, o XV Festival de Teatro da\u00a0Federa\u00e7\u00e3o de Teatro de Goi\u00e1s (Feteg) chega ao palco do Espa\u00e7o Sonhus com quatro espet\u00e1culos: O Fim de Um Come\u00e7o, Dali, Katatonisch e A Clara do Ovo.<\/p>\n<p>Est\u00e3o abertas as solicita\u00e7\u00f5es de uso de espa\u00e7os para o p\u00fablico em geral. Interessados em realizar apresenta\u00e7\u00f5es ou usar salas de treinos para ensaios de espet\u00e1culos devem entrar em contato atrav\u00e9s do e-mail <a href=\"mailto:espacosonhus@gmail.com\">espacosonhus@gmail.com<\/a>.<\/p>\n<p>&nbsp;<\/p>\n<p>Confira a programa\u00e7\u00e3o completa do Espa\u00e7o Sonhus do m\u00eas de Agosto:<\/p>\n<p><strong>\u00a0<\/strong><\/p>\n<p><strong>\u00a0<\/strong><\/p>\n<p><strong>Programa\u00e7\u00e3o do m\u00eas<\/strong><\/p>\n<p><strong>Dia 4, sexta-feira<\/strong><\/p>\n<p><strong>Evento:<\/strong>\u00a0 <strong>CineClube Bandidas<\/strong><\/p>\n<p><strong>Hor\u00e1rio:<\/strong> 19:00<\/p>\n<p><strong>Sinopse:<\/strong> Exibi\u00e7\u00e3o de filmes com temas relacionados ao cotidiano e dilemas vividos pelas mulheres e debates sobre o tema abordado no filme.<\/p>\n<p>&nbsp;<\/p>\n<p><img fetchpriority=\"high\" decoding=\"async\" class=\"alignnone  wp-image-6295\" src=\"https:\/\/site.seduce.go.gov.br\/wp-content\/uploads\/2017\/08\/De-la-Muerte-Cineclube-1-1.jpeg\" alt=\"\" width=\"574\" height=\"315\" \/><\/p>\n<p><strong>Dia 11,<\/strong> <strong>sexta-feira<\/strong><\/p>\n<p><strong>Evento:<\/strong>\u00a0 <strong>Cine Clube De La Muerte<\/strong><\/p>\n<p><strong>Hor\u00e1rio:<\/strong> 19:00<\/p>\n<p><strong>Sinopse: <\/strong>Exibi\u00e7\u00e3o do filme\u00a0<strong>\u201cRubber, O Pneu Assassino\u201d<\/strong><\/p>\n<p><strong>\u00a0<\/strong><\/p>\n<div class=\"image-caption alignnone\" style=\"width: 595px\"><img decoding=\"async\" class=\" wp-image-6300\" src=\"https:\/\/site.seduce.go.gov.br\/wp-content\/uploads\/2017\/08\/Festival-da-FETEG-O-Fim-de-um-Come\u00e7o-Intermin\u00e1vel-1.jpg\" alt=\"\" width=\"595\" height=\"371\" \/> O Fim de um Come\u00e7o Intermin\u00e1vel<\/div>\n<p><strong>Dia 22,<\/strong> <strong>ter\u00e7a-feira<\/strong><\/p>\n<p><strong>Evento:<\/strong>\u00a0 XV Festival de Teatro da\u00a0FETEG \u2013 Espet\u00e1culo: O Fim de Um Come\u00e7o<\/p>\n<p><strong>Hor\u00e1rio:<\/strong> 20:00<\/p>\n<p><strong>Sinopse: <\/strong>Espet\u00e1culo da Cia de Teatro Boca Grande<\/p>\n<p><strong>Classifica\u00e7\u00e3o<\/strong>: adulto &#8211; acima de 18 anos<\/p>\n<p>&nbsp;<\/p>\n<p><strong>Dia 23,<\/strong> <strong>quarta-feira<\/strong><\/p>\n<p><strong>Evento:<\/strong>\u00a0 Cine Clube Bauhaus<\/p>\n<p><strong>Hor\u00e1rio:<\/strong> 19:00<\/p>\n<p><strong>Sinopse: <\/strong>Exibi\u00e7\u00e3o do filme\u00a0Filme \u201cO Iluminado\u201d<\/p>\n<p>&nbsp;<\/p>\n<p><strong>Dia 24,<\/strong> <strong>quinta-feira<\/strong><\/p>\n<p><strong>Evento:<\/strong>\u00a0 XV Festival de Teatro da\u00a0FETEG \u2013 Espet\u00e1culo: Dali<strong>\u00a0<\/strong><\/p>\n<p><strong>Hor\u00e1rio:<\/strong> 21:00<\/p>\n<p><strong>Sinopse: <\/strong>Mon\u00f3logo com a dire\u00e7\u00e3o de Hugo Rodas e atua\u00e7\u00e3o de Adriana Veloso.\u00a0O roteiro foi escrito baseado nos livros \u201cDi\u00e1rio de um g\u00eanio\u201d de Salvador Dal\u00ed e \u201cLa vida desaforada de Salvador Dal\u00ed\u201d, de Ian Gibson, al\u00e9m de in\u00fameras entrevistas e document\u00e1rios.<\/p>\n<p>&nbsp;<\/p>\n<p><strong>Dia 25,<\/strong> <strong>sexta-feira<\/strong><\/p>\n<p><strong>Evento:<\/strong>\u00a0 XV Festival de Teatro da\u00a0FETEG \u2013 Espet\u00e1culo: Katatonisch<strong>\u00a0<\/strong><\/p>\n<p><strong>Hor\u00e1rio:<\/strong> 21:00<\/p>\n<p><strong>Sinopse: <\/strong>Uma busca pela est\u00e9tica do sonho, a pe\u00e7a traz uma investiga\u00e7\u00e3o sobre as fronteiras entre sonho e realidade. O espet\u00e1culo \u00e9 uma ferramenta de conex\u00e3o com um outro lugar.<\/p>\n<p>&nbsp;<\/p>\n<p><img decoding=\"async\" class=\" wp-image-6301\" src=\"https:\/\/site.seduce.go.gov.br\/wp-content\/uploads\/2017\/08\/Festival-da-FETEG-A-Clara-do-Ovo-1.jpg\" alt=\"\" width=\"378\" height=\"751\" \/><\/p>\n<p>A Clara do Ovo<\/p>\n<p><strong>Dia 26,<\/strong> <strong>s\u00e1bado<\/strong><\/p>\n<p><strong>Evento:<\/strong>\u00a0 XV Festival de Teatro da\u00a0FETEG\u00a0 \u2013 Espet\u00e1culo: A Clara do Ovo<strong>\u00a0<\/strong><\/p>\n<p><strong>Hor\u00e1rio:<\/strong> 21:00<\/p>\n<p><strong>Sinopse: <\/strong>Apresentado pelo Grupo de teatro Arte &amp; Fatos, da Coordena\u00e7\u00e3o de Arte e Cultura da Universidade Cat\u00f3lica de Goi\u00e1s, \u00a0o espet\u00e1culo \u201cA Clara do Ovo\u201d teve a sua estreia em mar\u00e7o de 2004 e \u00a0ainda permanece em cartaz por ser muito requisitada e ser uma das prioridades do grupo: dar vida longa aos seus espet\u00e1culos.<\/p>\n<p>&nbsp;<\/p>\n<p><strong>Dia 29, 30 e 31<\/strong><\/p>\n<p><strong>Evento:<\/strong>\u00a0 espet\u00e1culo &#8220;Corderama&#8221;<\/p>\n<p><strong>Hor\u00e1rio:<\/strong> 20:00<\/p>\n<p><strong>Sinopse: <\/strong>Apresentada pela Trupe dos Cirandeiros, a pe\u00e7a faz um mergulho no universo da literatura de cordel com um espet\u00e1culo teatral musical que tem o intuito de trazer a tona os an\u00f4nimos artistas da vida nordestina. O espet\u00e1culo \u00e9 recortado com m\u00fasicas nordestinas e dan\u00e7as populares.<\/p>\n<p><strong>\u00a0<\/strong><\/p>\n<p><strong>Dia 30<\/strong> <strong>quarta-feira<\/strong><\/p>\n<p><strong>Evento:<\/strong>\u00a0 Cine Clube Depress\u00e3o<\/p>\n<p><strong>Hor\u00e1rio:<\/strong> 19:00<\/p>\n<p>&nbsp;<\/p>\n<p><strong>\u00a0<\/strong><strong>Dia 30 e 31 quarta-feira e quinta-feira \u00a0 \u00a0 \u00a0 \u00a0 \u00a0 \u00a0 \u00a0 \u00a0 \u00a0 \u00a0 \u00a0 \u00a0 \u00a0 \u00a0 \u00a0 \u00a0 \u00a0 \u00a0 \u00a0 \u00a0 \u00a0 \u00a0 \u00a0 \u00a0 \u00a0 \u00a0 \u00a0 \u00a0 \u00a0 \u00a0 \u00a0 \u00a0 \u00a0 \u00a0 \u00a0 \u00a0 \u00a0 \u00a0 \u00a0 \u00a0 \u00a0 \u00a0 \u00a0 \u00a0 \u00a0<\/strong><\/p>\n<p><strong>Evento:<\/strong>\u00a0 &#8220;Corderama&#8221;<\/p>\n<p><strong>Hor\u00e1rio:<\/strong> 20:00<\/p>\n<p><strong>Sinopse: <\/strong>Apresentada pela Trupe dos Cirandeiros, a pe\u00e7a faz um mergulho no universo da literatura de cordel com um espet\u00e1culo teatral musical que tem o intuito de trazer a tona os an\u00f4nimos artistas da vida nordestina. O espet\u00e1culo \u00e9 recortado com m\u00fasicas nordestinas e dan\u00e7as populares.<\/p>\n<p>&nbsp;<\/p>\n<p>&nbsp;<\/p>\n<p>Goi\u00e2nia, 03 de Agosto de 2017.<\/p>\n<p><em>Comunica\u00e7\u00e3o Setorial da Seduce* Com informa\u00e7\u00f5es do Grupo Sonhus Teatro Ritual<\/em><\/p>\n<p>&nbsp;<\/p>\n","protected":false},"excerpt":{"rendered":"<p>O Grupo Sonhus Teatro Ritual atrav\u00e9s da parceria com Secretaria de Educa\u00e7\u00e3o, Cultura e Esporte de Goi\u00e1s (Seduce) e o Col\u00e9gio Lyceu de Goi\u00e2nia, anuncia agenda de eventos do m\u00eas de agosto no Espa\u00e7o Sonhus. A novidade desse m\u00eas fica por conta da nova estrutura do Caf\u00e9 Cultural Qorpo Santo, que inaugura no dia 15\/08, [&hellip;]<\/p>\n","protected":false},"author":861,"featured_media":0,"comment_status":"closed","ping_status":"open","sticky":false,"template":"","format":"standard","meta":{"footnotes":""},"categories":[4801],"tags":[4850,6633,6918,5556],"class_list":["post-35871","post","type-post","status-publish","format-standard","hentry","category-noticias","tag-educacao","tag-espaco-sonhus","tag-sonhus","tag-teatro"],"rttpg_featured_image_url":null,"rttpg_author":{"display_name":"gustavomgomes","author_link":"https:\/\/goias.gov.br\/educacao\/author\/gustavomgomes\/"},"rttpg_comment":0,"rttpg_category":"<a href=\"https:\/\/goias.gov.br\/educacao\/categoria\/noticias\/\" rel=\"category tag\">Not\u00edcias<\/a>","rttpg_excerpt":"O Grupo Sonhus Teatro Ritual atrav\u00e9s da parceria com Secretaria de Educa\u00e7\u00e3o, Cultura e Esporte de Goi\u00e1s (Seduce) e o Col\u00e9gio Lyceu de Goi\u00e2nia, anuncia agenda de eventos do m\u00eas de agosto no Espa\u00e7o Sonhus. A novidade desse m\u00eas fica por conta da nova estrutura do Caf\u00e9 Cultural Qorpo Santo, que inaugura no dia 15\/08,&hellip;","_links":{"self":[{"href":"https:\/\/goias.gov.br\/educacao\/wp-json\/wp\/v2\/posts\/35871","targetHints":{"allow":["GET"]}}],"collection":[{"href":"https:\/\/goias.gov.br\/educacao\/wp-json\/wp\/v2\/posts"}],"about":[{"href":"https:\/\/goias.gov.br\/educacao\/wp-json\/wp\/v2\/types\/post"}],"author":[{"embeddable":true,"href":"https:\/\/goias.gov.br\/educacao\/wp-json\/wp\/v2\/users\/861"}],"replies":[{"embeddable":true,"href":"https:\/\/goias.gov.br\/educacao\/wp-json\/wp\/v2\/comments?post=35871"}],"version-history":[{"count":0,"href":"https:\/\/goias.gov.br\/educacao\/wp-json\/wp\/v2\/posts\/35871\/revisions"}],"wp:attachment":[{"href":"https:\/\/goias.gov.br\/educacao\/wp-json\/wp\/v2\/media?parent=35871"}],"wp:term":[{"taxonomy":"category","embeddable":true,"href":"https:\/\/goias.gov.br\/educacao\/wp-json\/wp\/v2\/categories?post=35871"},{"taxonomy":"post_tag","embeddable":true,"href":"https:\/\/goias.gov.br\/educacao\/wp-json\/wp\/v2\/tags?post=35871"}],"curies":[{"name":"wp","href":"https:\/\/api.w.org\/{rel}","templated":true}]}}