

{"id":35831,"date":"2017-08-15T13:28:56","date_gmt":"2017-08-15T16:28:56","guid":{"rendered":"https:\/\/siteshom.goias.gov.br\/educacao\/festival-de-danca-infantil-abre-inscricoes\/"},"modified":"2017-08-15T13:28:56","modified_gmt":"2017-08-15T16:28:56","slug":"festival-de-danca-infantil-abre-inscricoes","status":"publish","type":"post","link":"https:\/\/goias.gov.br\/educacao\/festival-de-danca-infantil-abre-inscricoes\/","title":{"rendered":"Festival de dan\u00e7a infantil abre inscri\u00e7\u00f5es"},"content":{"rendered":"<p><em>Evento tem o apoio da Lei Goyazes<\/em><\/p>\n<p>&nbsp;<\/p>\n<p>Est\u00e3o abertas, at\u00e9 o pr\u00f3ximo dia 27 de agosto, as inscri\u00e7\u00f5es para o <em>1\u00b0 Festival Kids do Estado de Goi\u00e1s<\/em>. O evento de dan\u00e7a infantil ser\u00e1 realizado nos dias 22 e 23 de setembro, sexta-feira e s\u00e1bado, no Centro Cultural Berchiolina Rodrigues, em Goian\u00e9sia. \u00a0O festival \u00e9 financiado pela Lei Goyazes, programa de Incentivo \u00e0 Cultura da Secretaria de Educa\u00e7\u00e3o, Cultura e Esporte de Goi\u00e1s (Seduce), e organizado pela companhia de dan\u00e7a Tatiana\u2019s Ballet.<\/p>\n<p>&nbsp;<\/p>\n<p>O festival \u00e9 destinado a crian\u00e7as de 3 a 13 anos e vai oferecer quase R$ 6 mil em premia\u00e7\u00e3o para as melhores coreografias solo, em duplas, em conjuntos e bailarino revela\u00e7\u00e3o. A competi\u00e7\u00e3o ter\u00e1 como jurados o core\u00f3grafo do SBT, Eud\u00f3xio J\u00fanior, o core\u00f3grafo do programa Doming\u00e3o do Faust\u00e3o, Sylvio Lemgruber, a bailarina e core\u00f3grafa Priscilla Yokoi e a Diretora do Studio Dan\u00e7arte, Ariadna Vaz. Al\u00e9m da competi\u00e7\u00e3o, ser\u00e3o oferecidos Workshops de Ballet cl\u00e1ssico, Hip Hop, dan\u00e7a, teatro e musical intermedi\u00e1rio e avan\u00e7ado. Tamb\u00e9m ser\u00e3o realizadas uma feira de artigos para dan\u00e7a e uma exposi\u00e7\u00e3o de fotos.<\/p>\n<p>&nbsp;<\/p>\n<p>Os interessados podem se inscrever por meio do <a href=\"https:\/\/www.festivalonline.com.br\/evento.php?id=25&amp;Festival+Kids#meio\"><em>site<\/em><\/a> do festival. Mais informa\u00e7\u00f5es podem ser obtidas pelo telefone (62) 3353-4133.<\/p>\n<p>&nbsp;<\/p>\n<p>Goi\u00e2nia, 15 de agosto de 2017.<\/p>\n<p><em>Comunica\u00e7\u00e3o Setorial da Seduce* com informa\u00e7\u00f5es da companhia de Dan\u00e7a Tatiana\u2019s Ballet<\/em><\/p>\n","protected":false},"excerpt":{"rendered":"<p>Evento tem o apoio da Lei Goyazes &nbsp; Est\u00e3o abertas, at\u00e9 o pr\u00f3ximo dia 27 de agosto, as inscri\u00e7\u00f5es para o 1\u00b0 Festival Kids do Estado de Goi\u00e1s. O evento de dan\u00e7a infantil ser\u00e1 realizado nos dias 22 e 23 de setembro, sexta-feira e s\u00e1bado, no Centro Cultural Berchiolina Rodrigues, em Goian\u00e9sia. \u00a0O festival \u00e9 [&hellip;]<\/p>\n","protected":false},"author":760,"featured_media":0,"comment_status":"closed","ping_status":"open","sticky":false,"template":"","format":"standard","meta":{"footnotes":""},"categories":[4801],"tags":[5684,4850,6170],"class_list":["post-35831","post","type-post","status-publish","format-standard","hentry","category-noticias","tag-cultura","tag-educacao","tag-festival-de-danca"],"rttpg_featured_image_url":null,"rttpg_author":{"display_name":"cristhinnyaraujo","author_link":"https:\/\/goias.gov.br\/educacao\/author\/cristhinnyaraujo\/"},"rttpg_comment":0,"rttpg_category":"<a href=\"https:\/\/goias.gov.br\/educacao\/categoria\/noticias\/\" rel=\"category tag\">Not\u00edcias<\/a>","rttpg_excerpt":"Evento tem o apoio da Lei Goyazes &nbsp; Est\u00e3o abertas, at\u00e9 o pr\u00f3ximo dia 27 de agosto, as inscri\u00e7\u00f5es para o 1\u00b0 Festival Kids do Estado de Goi\u00e1s. O evento de dan\u00e7a infantil ser\u00e1 realizado nos dias 22 e 23 de setembro, sexta-feira e s\u00e1bado, no Centro Cultural Berchiolina Rodrigues, em Goian\u00e9sia. \u00a0O festival \u00e9&hellip;","_links":{"self":[{"href":"https:\/\/goias.gov.br\/educacao\/wp-json\/wp\/v2\/posts\/35831","targetHints":{"allow":["GET"]}}],"collection":[{"href":"https:\/\/goias.gov.br\/educacao\/wp-json\/wp\/v2\/posts"}],"about":[{"href":"https:\/\/goias.gov.br\/educacao\/wp-json\/wp\/v2\/types\/post"}],"author":[{"embeddable":true,"href":"https:\/\/goias.gov.br\/educacao\/wp-json\/wp\/v2\/users\/760"}],"replies":[{"embeddable":true,"href":"https:\/\/goias.gov.br\/educacao\/wp-json\/wp\/v2\/comments?post=35831"}],"version-history":[{"count":0,"href":"https:\/\/goias.gov.br\/educacao\/wp-json\/wp\/v2\/posts\/35831\/revisions"}],"wp:attachment":[{"href":"https:\/\/goias.gov.br\/educacao\/wp-json\/wp\/v2\/media?parent=35831"}],"wp:term":[{"taxonomy":"category","embeddable":true,"href":"https:\/\/goias.gov.br\/educacao\/wp-json\/wp\/v2\/categories?post=35831"},{"taxonomy":"post_tag","embeddable":true,"href":"https:\/\/goias.gov.br\/educacao\/wp-json\/wp\/v2\/tags?post=35831"}],"curies":[{"name":"wp","href":"https:\/\/api.w.org\/{rel}","templated":true}]}}