

{"id":35798,"date":"2017-08-25T13:30:23","date_gmt":"2017-08-25T16:30:23","guid":{"rendered":"https:\/\/siteshom.goias.gov.br\/educacao\/jovens-talentos-sao-destaque-em-concerto-da-filarmonica\/"},"modified":"2017-08-25T13:30:23","modified_gmt":"2017-08-25T16:30:23","slug":"jovens-talentos-sao-destaque-em-concerto-da-filarmonica","status":"publish","type":"post","link":"https:\/\/goias.gov.br\/educacao\/jovens-talentos-sao-destaque-em-concerto-da-filarmonica\/","title":{"rendered":"Jovens talentos s\u00e3o destaque em concerto da Filarm\u00f4nica"},"content":{"rendered":"<p>Neste domingo, 27\/8, tem concerto da Orquestra Filarm\u00f4nica de Goi\u00e1s com a participa\u00e7\u00e3o de dois m\u00fasicos vencedores do IV Concurso <em>Jovens Solistas,<\/em> promovido pela orquestra no ano passado. O espet\u00e1culo ter\u00e1 reg\u00eancia do maestro convidado Eliseu Ferreira, e ser\u00e1 realizado no Centro Cultural Oscar Niemeyer, com in\u00edcio \u00e0s 11 horas, e entrada gratuita.<\/p>\n<p>Wellington Rebou\u00e7as interpretar\u00e1 o <em>Concerto para violino e orquestra n\u00ba1<\/em>, de Prokofiev, j\u00e1 Felipe Santos, o <em>Concerto para trompa n\u00ba1<\/em>, de Strauss. No programa tamb\u00e9m ser\u00e1 apresentada a obra <em>Noturno<\/em>, vencedora do Concurso de Composi\u00e7\u00e3o Opus I da Filarm\u00f4nica. O goiano Luiz Gon\u00e7alves \u00e9 o autor do cl\u00e1ssico. A <em>Sinfonia n\u00ba5<\/em>, de Tchaikovsky encerra o concerto.<\/p>\n<p>A apresenta\u00e7\u00e3o representa o reconhecimento dos jovens talentos da m\u00fasica de concerto que se destacaram nas atividades profissionalizantes da Filarm\u00f4nica de 2016, que contou com a participa\u00e7\u00e3o de dezoito m\u00fasicos.\u00a0 E destes, Wellington e Felipe se destacaram durante a competi\u00e7\u00e3o pela qualidade musical, performance e comprometimento profissional, conquistando assim a participa\u00e7\u00e3o na Temporada 2017 da Orquestra.<\/p>\n<p>&nbsp;<\/p>\n<p><strong>\u00a0<\/strong><strong>SERVI\u00c7O<\/strong><\/p>\n<p><em>Concertos para a juventude<\/em><\/p>\n<p><strong>Data<\/strong>: Domingo, 27\/8<\/p>\n<p><strong>Hor\u00e1rio<\/strong>: 11h<\/p>\n<p><strong>Local<\/strong>: Centro Cultural Oscar Niemeyer<\/p>\n<p><strong>Entrada gratuita<\/strong><\/p>\n","protected":false},"excerpt":{"rendered":"<p>Neste domingo, 27\/8, tem concerto da Orquestra Filarm\u00f4nica de Goi\u00e1s com a participa\u00e7\u00e3o de dois m\u00fasicos vencedores do IV Concurso Jovens Solistas, promovido pela orquestra no ano passado. O espet\u00e1culo ter\u00e1 reg\u00eancia do maestro convidado Eliseu Ferreira, e ser\u00e1 realizado no Centro Cultural Oscar Niemeyer, com in\u00edcio \u00e0s 11 horas, e entrada gratuita. Wellington Rebou\u00e7as [&hellip;]<\/p>\n","protected":false},"author":861,"featured_media":0,"comment_status":"closed","ping_status":"open","sticky":false,"template":"","format":"standard","meta":{"footnotes":""},"categories":[4801],"tags":[6474,6504,4850,6733,7318],"class_list":["post-35798","post","type-post","status-publish","format-standard","hentry","category-noticias","tag-ccon","tag-concerto","tag-educacao","tag-filarmonica","tag-ofg"],"rttpg_featured_image_url":null,"rttpg_author":{"display_name":"gustavomgomes","author_link":"https:\/\/goias.gov.br\/educacao\/author\/gustavomgomes\/"},"rttpg_comment":0,"rttpg_category":"<a href=\"https:\/\/goias.gov.br\/educacao\/categoria\/noticias\/\" rel=\"category tag\">Not\u00edcias<\/a>","rttpg_excerpt":"Neste domingo, 27\/8, tem concerto da Orquestra Filarm\u00f4nica de Goi\u00e1s com a participa\u00e7\u00e3o de dois m\u00fasicos vencedores do IV Concurso Jovens Solistas, promovido pela orquestra no ano passado. O espet\u00e1culo ter\u00e1 reg\u00eancia do maestro convidado Eliseu Ferreira, e ser\u00e1 realizado no Centro Cultural Oscar Niemeyer, com in\u00edcio \u00e0s 11 horas, e entrada gratuita. Wellington Rebou\u00e7as&hellip;","_links":{"self":[{"href":"https:\/\/goias.gov.br\/educacao\/wp-json\/wp\/v2\/posts\/35798","targetHints":{"allow":["GET"]}}],"collection":[{"href":"https:\/\/goias.gov.br\/educacao\/wp-json\/wp\/v2\/posts"}],"about":[{"href":"https:\/\/goias.gov.br\/educacao\/wp-json\/wp\/v2\/types\/post"}],"author":[{"embeddable":true,"href":"https:\/\/goias.gov.br\/educacao\/wp-json\/wp\/v2\/users\/861"}],"replies":[{"embeddable":true,"href":"https:\/\/goias.gov.br\/educacao\/wp-json\/wp\/v2\/comments?post=35798"}],"version-history":[{"count":0,"href":"https:\/\/goias.gov.br\/educacao\/wp-json\/wp\/v2\/posts\/35798\/revisions"}],"wp:attachment":[{"href":"https:\/\/goias.gov.br\/educacao\/wp-json\/wp\/v2\/media?parent=35798"}],"wp:term":[{"taxonomy":"category","embeddable":true,"href":"https:\/\/goias.gov.br\/educacao\/wp-json\/wp\/v2\/categories?post=35798"},{"taxonomy":"post_tag","embeddable":true,"href":"https:\/\/goias.gov.br\/educacao\/wp-json\/wp\/v2\/tags?post=35798"}],"curies":[{"name":"wp","href":"https:\/\/api.w.org\/{rel}","templated":true}]}}