

{"id":35764,"date":"2017-09-06T12:28:57","date_gmt":"2017-09-06T15:28:57","guid":{"rendered":"https:\/\/siteshom.goias.gov.br\/educacao\/concurso-da-aflag-homenageia-cora-coralina\/"},"modified":"2017-09-06T12:28:57","modified_gmt":"2017-09-06T15:28:57","slug":"concurso-da-aflag-homenageia-cora-coralina","status":"publish","type":"post","link":"https:\/\/goias.gov.br\/educacao\/concurso-da-aflag-homenageia-cora-coralina\/","title":{"rendered":"Concurso da Aflag homenageia Cora Coralina"},"content":{"rendered":"<p><div>A secret\u00e1ria \u00a0Raquel Teixeira participou na manh\u00e3 desta quarta-feira, 6\/9, da entrega das premia\u00e7\u00f5es do 1\u00ba Concurso de Reda\u00e7\u00e3o da Academia Feminina de Letras e Artes de Goi\u00e1s (Aflag). A solenidade foi realizada no Col\u00e9gio Estadual Cora Coralina.<\/div>\n<\/p>\n<div>\n<p><div><\/div>\n<\/p>\n<p><div>O concurso integra uma s\u00e9rie de atividades que a Academia est\u00e1 realizando para homenagear Cora Coralina, que em 2017 completaria 128 anos. O objetivo da a\u00e7\u00e3o foi fomentar o legado art\u00edstico da poetisa e incentivar a escrita e a leitura. Ao todo, 31 alunos participaram do concurso e tr\u00eas deles receberam certificados, premia\u00e7\u00f5es em dinheiro e uma viagem para a Cidade de Goi\u00e1s, acompanhados de tr\u00eas professores. Os vencedores foram:<\/div>\n<\/p>\n<p><div><\/div>\n<\/p>\n<p><div>1\u00ba colocado: Gabriel Lopes de Carvalho<\/div>\n<\/p>\n<p><div>2\u00ba colocado: Maria Eduarda C. Mour\u00e3o<\/div>\n<\/p>\n<p><div>3\u00ba colocado: Jo\u00e3o Guilherme S. de Castro<\/div>\n<\/p>\n<p><div><\/div>\n<\/p>\n<p><div>A presidente da academia, Alba Dayrell, se disse honrada por ter organizado o concurso e ressaltou que todos os textos recebidos foram avaliados por uma comiss\u00e3o da Aflag, formada por professores de portugu\u00eas.<\/div>\n<\/p>\n<p><div><\/div>\n<\/p>\n<p><div>A secret\u00e1ria Raquel Teixeira, que ocupa a cadeira de n\u00famero 29 na Aflag, parabenizou todos os participantes e falou da import\u00e2ncia da valoriza\u00e7\u00e3o de grandes nomes, como o da poetisa Cora Coralina. \u201cCora j\u00e1 foi homenageada no Asolo Art Film, festival internacional sobre filmes de arte e biografias de artistas, um dos mais importantes da Europa. Isso foi um reconhecimento grandioso para n\u00f3s\u201d, disse.<\/div>\n<\/p>\n<p><div><img fetchpriority=\"high\" decoding=\"async\" class=\"alignnone size-full wp-image-6990\" src=\"https:\/\/site.seduce.go.gov.br\/wp-content\/uploads\/2017\/09\/Aflag-2.jpg\" alt=\"\" width=\"500\" height=\"407\" \/><\/div>\n<\/p>\n<\/div>\n<p><div><\/div>\n<\/p>\n<p><div><\/div><\/p>\n","protected":false},"excerpt":{"rendered":"<p>A secret\u00e1ria \u00a0Raquel Teixeira participou na manh\u00e3 desta quarta-feira, 6\/9, da entrega das premia\u00e7\u00f5es do 1\u00ba Concurso de Reda\u00e7\u00e3o da Academia Feminina de Letras e Artes de Goi\u00e1s (Aflag). A solenidade foi realizada no Col\u00e9gio Estadual Cora Coralina. O concurso integra uma s\u00e9rie de atividades que a Academia est\u00e1 realizando para homenagear Cora Coralina, que [&hellip;]<\/p>\n","protected":false},"author":861,"featured_media":0,"comment_status":"closed","ping_status":"open","sticky":false,"template":"","format":"standard","meta":{"footnotes":""},"categories":[4801],"tags":[7006,5135,5969,4851,4850],"class_list":["post-35764","post","type-post","status-publish","format-standard","hentry","category-noticias","tag-aflag","tag-concurso-de-redacao","tag-cora-coralina","tag-destaque","tag-educacao"],"rttpg_featured_image_url":null,"rttpg_author":{"display_name":"gustavomgomes","author_link":"https:\/\/goias.gov.br\/educacao\/author\/gustavomgomes\/"},"rttpg_comment":0,"rttpg_category":"<a href=\"https:\/\/goias.gov.br\/educacao\/categoria\/noticias\/\" rel=\"category tag\">Not\u00edcias<\/a>","rttpg_excerpt":"A secret\u00e1ria \u00a0Raquel Teixeira participou na manh\u00e3 desta quarta-feira, 6\/9, da entrega das premia\u00e7\u00f5es do 1\u00ba Concurso de Reda\u00e7\u00e3o da Academia Feminina de Letras e Artes de Goi\u00e1s (Aflag). A solenidade foi realizada no Col\u00e9gio Estadual Cora Coralina. O concurso integra uma s\u00e9rie de atividades que a Academia est\u00e1 realizando para homenagear Cora Coralina, que&hellip;","_links":{"self":[{"href":"https:\/\/goias.gov.br\/educacao\/wp-json\/wp\/v2\/posts\/35764","targetHints":{"allow":["GET"]}}],"collection":[{"href":"https:\/\/goias.gov.br\/educacao\/wp-json\/wp\/v2\/posts"}],"about":[{"href":"https:\/\/goias.gov.br\/educacao\/wp-json\/wp\/v2\/types\/post"}],"author":[{"embeddable":true,"href":"https:\/\/goias.gov.br\/educacao\/wp-json\/wp\/v2\/users\/861"}],"replies":[{"embeddable":true,"href":"https:\/\/goias.gov.br\/educacao\/wp-json\/wp\/v2\/comments?post=35764"}],"version-history":[{"count":0,"href":"https:\/\/goias.gov.br\/educacao\/wp-json\/wp\/v2\/posts\/35764\/revisions"}],"wp:attachment":[{"href":"https:\/\/goias.gov.br\/educacao\/wp-json\/wp\/v2\/media?parent=35764"}],"wp:term":[{"taxonomy":"category","embeddable":true,"href":"https:\/\/goias.gov.br\/educacao\/wp-json\/wp\/v2\/categories?post=35764"},{"taxonomy":"post_tag","embeddable":true,"href":"https:\/\/goias.gov.br\/educacao\/wp-json\/wp\/v2\/tags?post=35764"}],"curies":[{"name":"wp","href":"https:\/\/api.w.org\/{rel}","templated":true}]}}