

{"id":35689,"date":"2017-10-01T12:08:49","date_gmt":"2017-10-01T15:08:49","guid":{"rendered":"https:\/\/siteshom.goias.gov.br\/educacao\/primeira-semana-termina-com-casa-cheia-e-sintonia-com-o-publico\/"},"modified":"2017-10-01T12:08:49","modified_gmt":"2017-10-01T15:08:49","slug":"primeira-semana-termina-com-casa-cheia-e-sintonia-com-o-publico","status":"publish","type":"post","link":"https:\/\/goias.gov.br\/educacao\/primeira-semana-termina-com-casa-cheia-e-sintonia-com-o-publico\/","title":{"rendered":"Canto 2017 &#8211; Primeira semana termina com casa cheia e sintonia com o p\u00fablico"},"content":{"rendered":"<p><p class=\"gmail-m_-4725643658775354408gmail-MsoNoSpacing\">Para encerrar a primeira semana da 18\u00aa edi\u00e7\u00e3o do Canto da Primavera, o p\u00fablico teve as apresenta\u00e7\u00f5es no Cine Pireneus do maestro Ot\u00e1vio Henrique Soares Brand\u00e3o e de Jarbas Cavendish acompanhado de Brasil in Trio. E a Igreja Nosso Senhor do Bonfim recebeu o quarteto Henrique Oswald.<\/p>\n<\/p>\n<p><p class=\"gmail-m_-4725643658775354408gmail-MsoNoSpacing\">Por vezes \u00e9 dif\u00edcil mensurar o privil\u00e9gio que \u00e9 estar no Canto da Primavera.\u00a0 A Mostra que recebe artistas de dimens\u00e3o nacional e internacional teve na manh\u00e3 deste domingo, uma aula de m\u00fasica com o maestro Ot\u00e1vio Henrique Soares Brand\u00e3o.<\/p>\n<\/p>\n<p><p class=\"gmail-m_-4725643658775354408gmail-MsoNoSpacing\">De forma did\u00e1tica, o maestro apresentava as interpreta\u00e7\u00f5es e explicava sobre a decis\u00e3o de tocar daquele jeito, \u201cmeio diferente\u201d. Para ele, tocar de forma n\u00e3o linear \u00e9 outro olhar que se tem da m\u00fasica. \u201cSe voc\u00ea procurar, a maioria sabe tocar de forma linear. \u00c9 assim, \u00e9 lei. Agora, de formar n\u00e3o linear \u00e9 uma interpreta\u00e7\u00e3o diferente, \u00e9 preciso saber muito mais\u201d, afirma.<\/p>\n<\/p>\n<p><p class=\"gmail-m_-4725643658775354408gmail-MsoNoSpacing\">\u00a0 O recital \u201cUm Outro Olhar\u201d apresenta m\u00fasicas cl\u00e1ssicas em uma roupagem n\u00e3o linear, isto \u00e9, em uma forma com m\u00faltiplos caminhos e que torna a interpreta\u00e7\u00e3o \u00fanica. Elucidativo, Ot\u00e1vio conversou com a plateia e abriu espa\u00e7o para perguntas. Saiu do palco, dialogou, voltou se ao piano, mostrou uma composi\u00e7\u00e3o de Bach de forma tradicional &#8211; linear e depois interpretou como era no seu olhar. Enfim, uma senhora aula de m\u00fasica para o p\u00fablico do Canto da Primavera 2017.<\/p>\n<\/p>\n<p><p class=\"gmail-m_-4725643658775354408gmail-MsoNoSpacing\">\u00a0Logo ap\u00f3s, o chorinho tomou conta do Cine Pireneus lotado. O Brasil in Trio abriu o show com uma interpreta\u00e7\u00e3o de Pixinguinha, no mais tradicional estilo do chorinho, viol\u00e3o, pandeiro e flauta. Com virtuosidade, o trio apresentou composi\u00e7\u00f5es pr\u00f3prias e grandes sucessos do chorinho brasileiro. Para se somar \u00e0 apresenta\u00e7\u00e3o, o grande maestro Jarbas Cavendish subiu ao palco e a festa ficou completa.<\/p>\n<\/p>\n<p><p class=\"gmail-m_-4725643658775354408gmail-MsoNoSpacing\"><b>Concerto intimista<\/b><\/p>\n<\/p>\n<p><p class=\"gmail-m_-4725643658775354408gmail-MsoNoSpacing\">\u00a0Pela segunda vez no Canto da Primavera, o quarteto Henrique Oswald deu um tom mais intimista ao tocar na Igreja Nosso Senhor do Bonfim, na manh\u00e3 deste domingo. Todos s\u00e3o professores da Universidade Federal de Goi\u00e1s e se apresentam pelo Brasil h\u00e1 dois anos. O quarteto que tem como objetivo divulgar a m\u00fasica do per\u00edodo rom\u00e2ntico brasileiro, por isso, interpretaram grandes compositores nacionais como o Henrique Oswald, que d\u00e1 nome ao grupo e Ant\u00f4nio Carlos Gomes. Em afinidade com o p\u00fablico, o grupo bastante aplaudido recebeu pedidos de bis e tocaram para encerrar a apresenta\u00e7\u00e3o \u201cSonata O Burrico de Pau\u201d.<\/p><\/p>\n","protected":false},"excerpt":{"rendered":"<p>Para encerrar a primeira semana da 18\u00aa edi\u00e7\u00e3o do Canto da Primavera, o p\u00fablico teve as apresenta\u00e7\u00f5es no Cine Pireneus do maestro Ot\u00e1vio Henrique Soares Brand\u00e3o e de Jarbas Cavendish acompanhado de Brasil in Trio. E a Igreja Nosso Senhor do Bonfim recebeu o quarteto Henrique Oswald. Por vezes \u00e9 dif\u00edcil mensurar o privil\u00e9gio que [&hellip;]<\/p>\n","protected":false},"author":861,"featured_media":0,"comment_status":"closed","ping_status":"open","sticky":false,"template":"","format":"standard","meta":{"footnotes":""},"categories":[4801],"tags":[5269],"class_list":["post-35689","post","type-post","status-publish","format-standard","hentry","category-noticias","tag-sem-categoria"],"rttpg_featured_image_url":null,"rttpg_author":{"display_name":"gustavomgomes","author_link":"https:\/\/goias.gov.br\/educacao\/author\/gustavomgomes\/"},"rttpg_comment":0,"rttpg_category":"<a href=\"https:\/\/goias.gov.br\/educacao\/categoria\/noticias\/\" rel=\"category tag\">Not\u00edcias<\/a>","rttpg_excerpt":"Para encerrar a primeira semana da 18\u00aa edi\u00e7\u00e3o do Canto da Primavera, o p\u00fablico teve as apresenta\u00e7\u00f5es no Cine Pireneus do maestro Ot\u00e1vio Henrique Soares Brand\u00e3o e de Jarbas Cavendish acompanhado de Brasil in Trio. E a Igreja Nosso Senhor do Bonfim recebeu o quarteto Henrique Oswald. Por vezes \u00e9 dif\u00edcil mensurar o privil\u00e9gio que&hellip;","_links":{"self":[{"href":"https:\/\/goias.gov.br\/educacao\/wp-json\/wp\/v2\/posts\/35689","targetHints":{"allow":["GET"]}}],"collection":[{"href":"https:\/\/goias.gov.br\/educacao\/wp-json\/wp\/v2\/posts"}],"about":[{"href":"https:\/\/goias.gov.br\/educacao\/wp-json\/wp\/v2\/types\/post"}],"author":[{"embeddable":true,"href":"https:\/\/goias.gov.br\/educacao\/wp-json\/wp\/v2\/users\/861"}],"replies":[{"embeddable":true,"href":"https:\/\/goias.gov.br\/educacao\/wp-json\/wp\/v2\/comments?post=35689"}],"version-history":[{"count":0,"href":"https:\/\/goias.gov.br\/educacao\/wp-json\/wp\/v2\/posts\/35689\/revisions"}],"wp:attachment":[{"href":"https:\/\/goias.gov.br\/educacao\/wp-json\/wp\/v2\/media?parent=35689"}],"wp:term":[{"taxonomy":"category","embeddable":true,"href":"https:\/\/goias.gov.br\/educacao\/wp-json\/wp\/v2\/categories?post=35689"},{"taxonomy":"post_tag","embeddable":true,"href":"https:\/\/goias.gov.br\/educacao\/wp-json\/wp\/v2\/tags?post=35689"}],"curies":[{"name":"wp","href":"https:\/\/api.w.org\/{rel}","templated":true}]}}