

{"id":35608,"date":"2017-10-27T15:38:59","date_gmt":"2017-10-27T17:38:59","guid":{"rendered":"https:\/\/siteshom.goias.gov.br\/educacao\/goias-enem-promove-auloes-no-sabado-e-segunda-feira-28-e-3010\/"},"modified":"2017-10-27T15:38:59","modified_gmt":"2017-10-27T17:38:59","slug":"goias-enem-promove-auloes-no-sabado-e-segunda-feira-28-e-3010","status":"publish","type":"post","link":"https:\/\/goias.gov.br\/educacao\/goias-enem-promove-auloes-no-sabado-e-segunda-feira-28-e-3010\/","title":{"rendered":"Goi\u00e1s Enem promove aul\u00f5es no s\u00e1bado e segunda-feira, 28 e 30\/10"},"content":{"rendered":"<p>&nbsp;<\/p>\n<p>A Secretaria de Educa\u00e7\u00e3o, Cultura e Esporte de Goi\u00e1s (Seduce) vai realizar no s\u00e1bado e na segunda-feira, dias 28 e 30 de outubro, aul\u00f5es do Goi\u00e1s Enem. O evento \u00e9 voltado aos alunos do 3\u00ba ano do Ensino M\u00e9dio que j\u00e1 participam do programa. O objetivo \u00e9 refor\u00e7ar a prepara\u00e7\u00e3o dos alunos da rede p\u00fablica estadual de ensino para as provas do Exame Nacional do Ensino M\u00e9dio (Enem), que ser\u00e3o aplicadas nos dias 5 e 12 de novembro.<\/p>\n<p>&nbsp;<\/p>\n<p>As aulas do projeto s\u00e3o diferenciadas do contexto educacional formal e envolvem as quatro \u00e1reas de conhecimento exigidas no Enem. S\u00e3o repassadas dicas sobre o processo de interpreta\u00e7\u00e3o das quest\u00f5es, como responder a prova e utilizar melhor o tempo, al\u00e9m de f\u00f3rmulas musicadas, din\u00e2micas e outras a\u00e7\u00f5es que promovam a ludicidade e a intera\u00e7\u00e3o entre conte\u00fado, alunos e professores.<\/p>\n<p>&nbsp;<\/p>\n<p>No s\u00e1bado, 28, o aul\u00e3o ser\u00e1 das 14h \u00e0s 17h40, no Audit\u00f3rio do Condom\u00ednio das Superintend\u00eancias de Ensino Fundamental e M\u00e9dio da Seduce, na Vila Nova. J\u00e1 na segunda-feira, 30, ocorre no audit\u00f3rio da Escola Senai, na Vila Cana\u00e3, das 14h \u00e0s 17h40. Confira os detalhes:<\/p>\n<p><strong>\u00a0<\/strong><\/p>\n<p><strong>Data:<\/strong> 28\/10\/17<\/p>\n<p><strong>Local:<\/strong> Audit\u00f3rio do Condom\u00ednio das Superintend\u00eancias de Ensino Fundamental e M\u00e9dio<\/p>\n<p><strong>Endere\u00e7o:<\/strong> Av. Santos Dumont, Qd. 07 Lt. 10, Setor Leste Vila Nova<\/p>\n<p><strong>Polos envolvidos:<\/strong> NTE e Ensino M\u00e9dio<\/p>\n<p><strong>Hor\u00e1rio: <\/strong>14h \u00e0s 17h40<\/p>\n<p><strong>Temas abordados: <\/strong><\/p>\n<ul>\n<li>\u201cEstudar \u2013 A Magia dos Resultados para a Vida\u201d<\/li>\n<li>Show da Gen\u00e9tica<\/li>\n<li>Braile \u2013 an\u00e1lise combinat\u00f3ria<\/li>\n<li>Dicas para o ENEM: estrat\u00e9gias e a\u00e7\u00f5es, como interpretar um texto, c\u00e1lculo da nota do Enem TRI<\/li>\n<li>Variedade lingu\u00edstica \u2013 poss\u00edveis temas de reda\u00e7\u00e3o no Enem<\/li>\n<\/ul>\n<p><strong>\u00a0<\/strong><\/p>\n<p><strong>\u00a0<\/strong><\/p>\n<p><strong>Data: <\/strong>30\/10\/17<\/p>\n<p><strong>Polos envolvidos:<\/strong> Col\u00e9gios Estaduais Jardim Am\u00e9rica, Jardim Europa e Escola Senai Vila Cana\u00e3<\/p>\n<p><strong>Local:<\/strong> Audit\u00f3rio da Escola Senai Vila Cana\u00e3<\/p>\n<p><strong>Endere\u00e7o:<\/strong> Rua Prof. L\u00e1zaro Costa, n\u00b0 348, Vila Cana\u00e3<\/p>\n<p><strong>Hor\u00e1rio: <\/strong>14 h \u00e0s 17h40<\/p>\n<p><strong>Temas abordados: <\/strong><\/p>\n<ul>\n<li>\u201cEstudar \u2013 A Magia dos Resultados para a Vida\u201d<\/li>\n<li>Show da Gen\u00e9tica<\/li>\n<li>Dicas para o Enem: estrat\u00e9gias e a\u00e7\u00f5es, como interpretar um texto, c\u00e1lculo da nota do Enem TRI<\/li>\n<\/ul>\n<p>Goi\u00e2nia, 27 de outubro de 2017.<\/p>\n<p><em>Comunica\u00e7\u00e3o Setorial da Seduce<\/em><\/p>\n","protected":false},"excerpt":{"rendered":"<p>&nbsp; A Secretaria de Educa\u00e7\u00e3o, Cultura e Esporte de Goi\u00e1s (Seduce) vai realizar no s\u00e1bado e na segunda-feira, dias 28 e 30 de outubro, aul\u00f5es do Goi\u00e1s Enem. O evento \u00e9 voltado aos alunos do 3\u00ba ano do Ensino M\u00e9dio que j\u00e1 participam do programa. O objetivo \u00e9 refor\u00e7ar a prepara\u00e7\u00e3o dos alunos da rede [&hellip;]<\/p>\n","protected":false},"author":760,"featured_media":0,"comment_status":"closed","ping_status":"open","sticky":false,"template":"","format":"standard","meta":{"footnotes":""},"categories":[4801],"tags":[4851,4850,6601],"class_list":["post-35608","post","type-post","status-publish","format-standard","hentry","category-noticias","tag-destaque","tag-educacao","tag-goias-enem"],"rttpg_featured_image_url":null,"rttpg_author":{"display_name":"cristhinnyaraujo","author_link":"https:\/\/goias.gov.br\/educacao\/author\/cristhinnyaraujo\/"},"rttpg_comment":0,"rttpg_category":"<a href=\"https:\/\/goias.gov.br\/educacao\/categoria\/noticias\/\" rel=\"category tag\">Not\u00edcias<\/a>","rttpg_excerpt":"&nbsp; A Secretaria de Educa\u00e7\u00e3o, Cultura e Esporte de Goi\u00e1s (Seduce) vai realizar no s\u00e1bado e na segunda-feira, dias 28 e 30 de outubro, aul\u00f5es do Goi\u00e1s Enem. O evento \u00e9 voltado aos alunos do 3\u00ba ano do Ensino M\u00e9dio que j\u00e1 participam do programa. O objetivo \u00e9 refor\u00e7ar a prepara\u00e7\u00e3o dos alunos da rede&hellip;","_links":{"self":[{"href":"https:\/\/goias.gov.br\/educacao\/wp-json\/wp\/v2\/posts\/35608","targetHints":{"allow":["GET"]}}],"collection":[{"href":"https:\/\/goias.gov.br\/educacao\/wp-json\/wp\/v2\/posts"}],"about":[{"href":"https:\/\/goias.gov.br\/educacao\/wp-json\/wp\/v2\/types\/post"}],"author":[{"embeddable":true,"href":"https:\/\/goias.gov.br\/educacao\/wp-json\/wp\/v2\/users\/760"}],"replies":[{"embeddable":true,"href":"https:\/\/goias.gov.br\/educacao\/wp-json\/wp\/v2\/comments?post=35608"}],"version-history":[{"count":0,"href":"https:\/\/goias.gov.br\/educacao\/wp-json\/wp\/v2\/posts\/35608\/revisions"}],"wp:attachment":[{"href":"https:\/\/goias.gov.br\/educacao\/wp-json\/wp\/v2\/media?parent=35608"}],"wp:term":[{"taxonomy":"category","embeddable":true,"href":"https:\/\/goias.gov.br\/educacao\/wp-json\/wp\/v2\/categories?post=35608"},{"taxonomy":"post_tag","embeddable":true,"href":"https:\/\/goias.gov.br\/educacao\/wp-json\/wp\/v2\/tags?post=35608"}],"curies":[{"name":"wp","href":"https:\/\/api.w.org\/{rel}","templated":true}]}}