

{"id":35581,"date":"2017-11-08T09:29:07","date_gmt":"2017-11-08T11:29:07","guid":{"rendered":"https:\/\/siteshom.goias.gov.br\/educacao\/secretaria-entrega-equipamentos-de-protecao-individual\/"},"modified":"2017-11-08T09:29:07","modified_gmt":"2017-11-08T11:29:07","slug":"secretaria-entrega-equipamentos-de-protecao-individual","status":"publish","type":"post","link":"https:\/\/goias.gov.br\/educacao\/secretaria-entrega-equipamentos-de-protecao-individual\/","title":{"rendered":"Secret\u00e1ria entrega equipamentos de prote\u00e7\u00e3o individual"},"content":{"rendered":"<p><em>Com investimento superior a R$315 mil, kits de equipamentos ser\u00e3o utilizados por profissionais da merenda e da \u00e1rea de servi\u00e7os gerais<\/em><\/p>\n<p>Para garantir maior seguran\u00e7a aos funcion\u00e1rios que atuam na merenda e na \u00e1rea de servi\u00e7os gerais das escolas da rede p\u00fablica estadual, a secret\u00e1ria Raquel Teixeira entregou na tarde desta ter\u00e7a-feira, 7\/11, diversos kits de Equipamentos de Prote\u00e7\u00e3o Individual (EPIs).<\/p>\n<p>Composto por avental de PVC, capa de chuva, luvas de l\u00e1tex (P, M e G), luvas de vinil (tamanho \u00fanico), luvas t\u00e9rmicas (tamanho \u00fanico), \u00f3culos de seguran\u00e7a, respirador PFF1 (poeira), respirador PFF2 (n\u00e9voa), protetor solar e sapatos de seguran\u00e7a, o kit ser\u00e1 distribu\u00eddo \u00e0s escolas das Coordena\u00e7\u00f5es Regionais de Educa\u00e7\u00e3o, Cultura e Esporte (Creces) de Goi\u00e2nia, An\u00e1polis, Jata\u00ed e Quirin\u00f3polis que est\u00e3o integradas ao SESMT.<\/p>\n<p>A entrega dos EPI\u2019s est\u00e1 de acordo com a lei estadual n\u00ba 19.145\/2015 e o valor total do investimento foi de R$315.137,38. Na abertura do evento, Raquel Teixeira destacou que os equipamentos chegam \u00e0s escolas para refor\u00e7ar a seguran\u00e7a n\u00e3o s\u00f3 do pessoal da merenda e de servi\u00e7os gerais, mas tamb\u00e9m dos alunos, professores e gestores.<\/p>\n<p>A secret\u00e1ria entregou simbolicamente os kits para os coordenadores regionais de An\u00e1polis, Sonja Maria Lacerda, Marcelo Ferreira de Oliveira (Goi\u00e2nia), Marina Silveira (Jata\u00ed) e Jos\u00e9 Jorge Cavalcante Filho (Quirin\u00f3polis).<\/p>\n<p>A solenidade foi realizada no audit\u00f3rio do Condom\u00ednio das Superintend\u00eancias e contou com as presen\u00e7as de gestores, e coordenadores regionais, dos superintendentes Jo\u00e3o Batista Peres J\u00fanior (Ensino M\u00e9dio) e Rivael Aguiar Pereira (Gest\u00e3o, Planejamento e Finan\u00e7as); al\u00e9m do coordenador do SESMT (Servi\u00e7os Especializados em Engenharia de Seguran\u00e7a e Medicina do Trabalho), Maicon Correia Queiroz; e do supervisor da Ger\u00eancia de Sa\u00fade e Preven\u00e7\u00e3o do Estado (Secretaria de Planejamento), Hamilton Nunes de Jesus.<\/p>\n<p><strong>Seguran\u00e7a<\/strong><\/p>\n<p>O superintendente Rivael Aguiar Pereira lembrou que acidentes de trabalho s\u00e3o imprevistos que podem acontecer em qualquer ambiente e por isso a import\u00e2ncia da aquisi\u00e7\u00e3o dos kits de seguran\u00e7a. Para Maicon Correia Queiroz, coordenador do SESMT\/Seduce, destacou que a atua\u00e7\u00e3o da equipe dos Servi\u00e7os Especializados em Engenharia de Seguran\u00e7a e Medicina do Trabalho \u00e9 rigorosa nas escolas e nas Coordena\u00e7\u00f5es Regionais que possuem SESMT pr\u00f3prio. \u201cTemos dado muita aten\u00e7\u00e3o a isso em respeito \u00e0 seguran\u00e7a de todos os servidores que atuam nas institui\u00e7\u00f5es de ensino, Coordena\u00e7\u00f5es Regionais e nos v\u00e1rios departamentos da Secretaria\u201d.<\/p>\n\n","protected":false},"excerpt":{"rendered":"<p>Com investimento superior a R$315 mil, kits de equipamentos ser\u00e3o utilizados por profissionais da merenda e da \u00e1rea de servi\u00e7os gerais Para garantir maior seguran\u00e7a aos funcion\u00e1rios que atuam na merenda e na \u00e1rea de servi\u00e7os gerais das escolas da rede p\u00fablica estadual, a secret\u00e1ria Raquel Teixeira entregou na tarde desta ter\u00e7a-feira, 7\/11, diversos kits [&hellip;]<\/p>\n","protected":false},"author":861,"featured_media":0,"comment_status":"closed","ping_status":"open","sticky":false,"template":"","format":"standard","meta":{"footnotes":""},"categories":[4801],"tags":[4851,4850,5435],"class_list":["post-35581","post","type-post","status-publish","format-standard","hentry","category-noticias","tag-destaque","tag-educacao","tag-epis"],"rttpg_featured_image_url":null,"rttpg_author":{"display_name":"gustavomgomes","author_link":"https:\/\/goias.gov.br\/educacao\/author\/gustavomgomes\/"},"rttpg_comment":0,"rttpg_category":"<a href=\"https:\/\/goias.gov.br\/educacao\/categoria\/noticias\/\" rel=\"category tag\">Not\u00edcias<\/a>","rttpg_excerpt":"Com investimento superior a R$315 mil, kits de equipamentos ser\u00e3o utilizados por profissionais da merenda e da \u00e1rea de servi\u00e7os gerais Para garantir maior seguran\u00e7a aos funcion\u00e1rios que atuam na merenda e na \u00e1rea de servi\u00e7os gerais das escolas da rede p\u00fablica estadual, a secret\u00e1ria Raquel Teixeira entregou na tarde desta ter\u00e7a-feira, 7\/11, diversos kits&hellip;","_links":{"self":[{"href":"https:\/\/goias.gov.br\/educacao\/wp-json\/wp\/v2\/posts\/35581","targetHints":{"allow":["GET"]}}],"collection":[{"href":"https:\/\/goias.gov.br\/educacao\/wp-json\/wp\/v2\/posts"}],"about":[{"href":"https:\/\/goias.gov.br\/educacao\/wp-json\/wp\/v2\/types\/post"}],"author":[{"embeddable":true,"href":"https:\/\/goias.gov.br\/educacao\/wp-json\/wp\/v2\/users\/861"}],"replies":[{"embeddable":true,"href":"https:\/\/goias.gov.br\/educacao\/wp-json\/wp\/v2\/comments?post=35581"}],"version-history":[{"count":0,"href":"https:\/\/goias.gov.br\/educacao\/wp-json\/wp\/v2\/posts\/35581\/revisions"}],"wp:attachment":[{"href":"https:\/\/goias.gov.br\/educacao\/wp-json\/wp\/v2\/media?parent=35581"}],"wp:term":[{"taxonomy":"category","embeddable":true,"href":"https:\/\/goias.gov.br\/educacao\/wp-json\/wp\/v2\/categories?post=35581"},{"taxonomy":"post_tag","embeddable":true,"href":"https:\/\/goias.gov.br\/educacao\/wp-json\/wp\/v2\/tags?post=35581"}],"curies":[{"name":"wp","href":"https:\/\/api.w.org\/{rel}","templated":true}]}}