

{"id":35578,"date":"2017-11-09T10:33:38","date_gmt":"2017-11-09T12:33:38","guid":{"rendered":"https:\/\/siteshom.goias.gov.br\/educacao\/aflag-48-anos\/"},"modified":"2017-11-09T10:33:38","modified_gmt":"2017-11-09T12:33:38","slug":"aflag-48-anos","status":"publish","type":"post","link":"https:\/\/goias.gov.br\/educacao\/aflag-48-anos\/","title":{"rendered":"Aflag comemora 48 anos com cerim\u00f4nia festiva"},"content":{"rendered":"<p><p style=\"text-align: center;\"><em>Raquel Teixeira participou da solenidade e representou o governador Marconi Perillo<\/em><\/p>\n<\/p>\n<p>&nbsp;<\/p>\n<p>&nbsp;<\/p>\n<p>M\u00fasicas e poemas deram o tom da comemora\u00e7\u00e3o dos 48 anos da Academia Feminina de Letras e Artes de Goi\u00e1s (Aflag), completados neste 9 de novembro. A secret\u00e1ria de Educa\u00e7\u00e3o, Cultura e Esporte de Goi\u00e1s, Raquel Teixeira, que ocupa a cadeira n\u00ba 29 na casa, participou da solenidade e representou o governador Marconi Perillo.<\/p>\n<p>&nbsp;<\/p>\n<p>A acad\u00eamica Ana Maria Taveira Miguel iniciou a cerim\u00f4nia contando\u00a0como a Aflag vem atuando ao longo desse per\u00edodo e as atividades crescentes da casa. Ana Maria tamb\u00e9m fez uma viagem pela Cidade de Goi\u00e1s, lembrando da vida de uma das poetisas mais importantes do Pa\u00eds, Cora Coralina.<\/p>\n<p>&nbsp;<\/p>\n<p>Em discurso, a secret\u00e1ria Raquel Teixeira se disse feliz e orgulhosa do caminho que a Aflag trilhou nesses 48 anos. &#8220;Como secret\u00e1ria, quero reafirmar a parceria da Seduce com a entidade na promo\u00e7\u00e3o e patroc\u00ednio de eventos. A secretaria \u00e9 aliada e parceira\u201d, ressaltou Raquel que leu uma mensagem escrita pelo governador Marconi Perillo, que n\u00e3o p\u00f4de comparecer ao evento, e que destacou o brilhantismo e o talento das idealizadoras da Aflag.<\/p>\n<p>&nbsp;<\/p>\n<p>Ainda durante a solenidade, Raquel Teixeira anunciou a nova superintendente de Patrim\u00f4nio Cultural de Goi\u00e1s, Maria Abadia Silva, que deve tomar posse nesta sexta-feira, 10\/11. A poetisa e escritora j\u00e1 ocupou os cargos de secret\u00e1ria de cultura de Goi\u00e1s, Distrito Federal e de Goi\u00e2nia, al\u00e9m da superintend\u00eancia do Vapt Vupt.<\/p>\n<p>&nbsp;<\/p>\n<p><strong>Programa\u00e7\u00e3o\u00a0<\/strong><\/p>\n<p>As comemora\u00e7\u00f5es do anivers\u00e1rio ter\u00e3o sequ\u00eancia neste domingo, 12\/11, \u00e0s 11 horas, no Teatro Goi\u00e2nia, com a apresenta\u00e7\u00e3o do consagrado pianista carioca Jos\u00e9 Carlos Vasconcellos. O recital tamb\u00e9m homenageia a pianista goiana Belkiss Spenzieri Carneiro de Mendon\u00e7a, falecida em 2005. A parceria envolve a Aflag, a Secretaria de Educa\u00e7\u00e3o, Cultura e Esporte (Seduce) e a Academia Nacional de M\u00fasica.<\/p>\n<p>&nbsp;<\/p>\n<p><strong>Hist\u00f3ria\u00a0<\/strong><\/p>\n<p>A Aflag foi fundada em 9 de novembro de 1969 pelas escritoras Rosarita Fleury, Nely Alves de Almeida e Ana Braga. Segundo a atual presidente da entidade, Alba Dayrell, o objetivo era contribuir para a preserva\u00e7\u00e3o do patrim\u00f4nio cultural do Estado, abrangendo diversos segmentos art\u00edsticos e human\u00edsticos, como a literatura, pintura, escultura, m\u00fasica, dan\u00e7a, teatro e outros. A atual sede, na Rua 132-C n\u00ba 114, Setor Sul, foi inaugurada em 2005, cedida em comodato pelo governo estadual.<\/p>\n<p>&nbsp;<\/p>\n\n","protected":false},"excerpt":{"rendered":"<p>Raquel Teixeira participou da solenidade e representou o governador Marconi Perillo &nbsp; &nbsp; M\u00fasicas e poemas deram o tom da comemora\u00e7\u00e3o dos 48 anos da Academia Feminina de Letras e Artes de Goi\u00e1s (Aflag), completados neste 9 de novembro. A secret\u00e1ria de Educa\u00e7\u00e3o, Cultura e Esporte de Goi\u00e1s, Raquel Teixeira, que ocupa a cadeira n\u00ba [&hellip;]<\/p>\n","protected":false},"author":759,"featured_media":0,"comment_status":"closed","ping_status":"open","sticky":false,"template":"","format":"standard","meta":{"footnotes":""},"categories":[4801],"tags":[7198,7006,4851,4850],"class_list":["post-35578","post","type-post","status-publish","format-standard","hentry","category-noticias","tag-academia-feminina-de-letras-e-artes-de-goias","tag-aflag","tag-destaque","tag-educacao"],"rttpg_featured_image_url":null,"rttpg_author":{"display_name":"caiosoliveira","author_link":"https:\/\/goias.gov.br\/educacao\/author\/caiosoliveira\/"},"rttpg_comment":0,"rttpg_category":"<a href=\"https:\/\/goias.gov.br\/educacao\/categoria\/noticias\/\" rel=\"category tag\">Not\u00edcias<\/a>","rttpg_excerpt":"Raquel Teixeira participou da solenidade e representou o governador Marconi Perillo &nbsp; &nbsp; M\u00fasicas e poemas deram o tom da comemora\u00e7\u00e3o dos 48 anos da Academia Feminina de Letras e Artes de Goi\u00e1s (Aflag), completados neste 9 de novembro. A secret\u00e1ria de Educa\u00e7\u00e3o, Cultura e Esporte de Goi\u00e1s, Raquel Teixeira, que ocupa a cadeira n\u00ba&hellip;","_links":{"self":[{"href":"https:\/\/goias.gov.br\/educacao\/wp-json\/wp\/v2\/posts\/35578","targetHints":{"allow":["GET"]}}],"collection":[{"href":"https:\/\/goias.gov.br\/educacao\/wp-json\/wp\/v2\/posts"}],"about":[{"href":"https:\/\/goias.gov.br\/educacao\/wp-json\/wp\/v2\/types\/post"}],"author":[{"embeddable":true,"href":"https:\/\/goias.gov.br\/educacao\/wp-json\/wp\/v2\/users\/759"}],"replies":[{"embeddable":true,"href":"https:\/\/goias.gov.br\/educacao\/wp-json\/wp\/v2\/comments?post=35578"}],"version-history":[{"count":0,"href":"https:\/\/goias.gov.br\/educacao\/wp-json\/wp\/v2\/posts\/35578\/revisions"}],"wp:attachment":[{"href":"https:\/\/goias.gov.br\/educacao\/wp-json\/wp\/v2\/media?parent=35578"}],"wp:term":[{"taxonomy":"category","embeddable":true,"href":"https:\/\/goias.gov.br\/educacao\/wp-json\/wp\/v2\/categories?post=35578"},{"taxonomy":"post_tag","embeddable":true,"href":"https:\/\/goias.gov.br\/educacao\/wp-json\/wp\/v2\/tags?post=35578"}],"curies":[{"name":"wp","href":"https:\/\/api.w.org\/{rel}","templated":true}]}}