

{"id":35555,"date":"2017-11-18T19:48:21","date_gmt":"2017-11-18T21:48:21","guid":{"rendered":"https:\/\/siteshom.goias.gov.br\/educacao\/ccon-ganha-iluminacao-especial-em-homenagem-ao-dia-mundial-da-prematuridade\/"},"modified":"2017-11-18T19:48:21","modified_gmt":"2017-11-18T21:48:21","slug":"ccon-ganha-iluminacao-especial-em-homenagem-ao-dia-mundial-da-prematuridade","status":"publish","type":"post","link":"https:\/\/goias.gov.br\/educacao\/ccon-ganha-iluminacao-especial-em-homenagem-ao-dia-mundial-da-prematuridade\/","title":{"rendered":"CCON ganha ilumina\u00e7\u00e3o especial em homenagem ao Dia Mundial da Prematuridade"},"content":{"rendered":"<p>O Centro Cultural Oscar Niemeyer (CCON) ganhou uma nova cor na noite desta sexta-feira, 17\/11: o roxo, que faz alus\u00e3o ao Dia Mundial da Prematuridade, lembrado neste dia 17. A ilumina\u00e7\u00e3o, que faz parte da Campanha Novembro Roxo, busca chamar a aten\u00e7\u00e3o sobre os beb\u00eas prematuros e levar informa\u00e7\u00e3o e suporte \u00e0s fam\u00edlias.<\/p>\n<p>Considerada a principal causa da mortalidade infantil nos primeiros anos de vida, a prematuridade &#8211; definida quando o beb\u00ea nasce com menos de 36 semanas &#8211; afeta um em cada dez partos no mundo, de acordo com a Organiza\u00e7\u00e3o Mundial da Sa\u00fade (OMS).<\/p>\n<p>Para a servidora p\u00fablica Valqu\u00edria Faria da Silva, que encabe\u00e7a um grupo de m\u00e3es de beb\u00eas prematuros em Goi\u00e2nia, mudar a ilumina\u00e7\u00e3o de locais estrat\u00e9gicos \u00e9 uma forma de disseminar a campanha. \u201cA conscientiza\u00e7\u00e3o e o conhecimento leva a preven\u00e7\u00e3o que \u00e9 feita por meio de um pr\u00e9-natal bem feito. Esse acompanhamento pode identificar e prevenir a prematuridade em v\u00e1rias situa\u00e7\u00f5es\u201d, refor\u00e7a.<\/p>\n<p>Valqu\u00edria tamb\u00e9m alerta que prematuridade n\u00e3o \u00e9 senten\u00e7a de morte. \u201cMinha filha nasceu de 28 semanas e com 780 gramas. Hoje, com dois anos, ela \u00e9 uma crian\u00e7a totalmente normal e saud\u00e1vel. Eu tive uma insufici\u00eancia placent\u00e1ria grave que n\u00e3o foi poss\u00edvel identificar no pr\u00e9-natal. Mesmo os casos que n\u00e3o tem preven\u00e7\u00e3o, como o meu, a m\u00e3e e o beb\u00ea precisam de orienta\u00e7\u00e3o, informa\u00e7\u00e3o e acompanhamento\u201d.<\/p>\n<p>A ilumina\u00e7\u00e3o especial segue at\u00e9 este domingo, 19. Na segunda-feira, o complexo de espa\u00e7os culturais retoma a cor azul, que tamb\u00e9m integra o calend\u00e1rio do m\u00eas de novembro e que \u00e9 caracterizado pela conscientiza\u00e7\u00e3o, preven\u00e7\u00e3o e combate ao c\u00e2ncer de pr\u00f3stata.<\/p>\n\n","protected":false},"excerpt":{"rendered":"<p>O Centro Cultural Oscar Niemeyer (CCON) ganhou uma nova cor na noite desta sexta-feira, 17\/11: o roxo, que faz alus\u00e3o ao Dia Mundial da Prematuridade, lembrado neste dia 17. A ilumina\u00e7\u00e3o, que faz parte da Campanha Novembro Roxo, busca chamar a aten\u00e7\u00e3o sobre os beb\u00eas prematuros e levar informa\u00e7\u00e3o e suporte \u00e0s fam\u00edlias. Considerada a [&hellip;]<\/p>\n","protected":false},"author":759,"featured_media":0,"comment_status":"closed","ping_status":"open","sticky":false,"template":"","format":"standard","meta":{"footnotes":""},"categories":[4801],"tags":[6474,4851,7184,4850,7185,7183],"class_list":["post-35555","post","type-post","status-publish","format-standard","hentry","category-noticias","tag-ccon","tag-destaque","tag-dia-mundial-da-prematuridade","tag-educacao","tag-iluminacao-especial","tag-novembro-roxo"],"rttpg_featured_image_url":null,"rttpg_author":{"display_name":"caiosoliveira","author_link":"https:\/\/goias.gov.br\/educacao\/author\/caiosoliveira\/"},"rttpg_comment":0,"rttpg_category":"<a href=\"https:\/\/goias.gov.br\/educacao\/categoria\/noticias\/\" rel=\"category tag\">Not\u00edcias<\/a>","rttpg_excerpt":"O Centro Cultural Oscar Niemeyer (CCON) ganhou uma nova cor na noite desta sexta-feira, 17\/11: o roxo, que faz alus\u00e3o ao Dia Mundial da Prematuridade, lembrado neste dia 17. A ilumina\u00e7\u00e3o, que faz parte da Campanha Novembro Roxo, busca chamar a aten\u00e7\u00e3o sobre os beb\u00eas prematuros e levar informa\u00e7\u00e3o e suporte \u00e0s fam\u00edlias. Considerada a&hellip;","_links":{"self":[{"href":"https:\/\/goias.gov.br\/educacao\/wp-json\/wp\/v2\/posts\/35555","targetHints":{"allow":["GET"]}}],"collection":[{"href":"https:\/\/goias.gov.br\/educacao\/wp-json\/wp\/v2\/posts"}],"about":[{"href":"https:\/\/goias.gov.br\/educacao\/wp-json\/wp\/v2\/types\/post"}],"author":[{"embeddable":true,"href":"https:\/\/goias.gov.br\/educacao\/wp-json\/wp\/v2\/users\/759"}],"replies":[{"embeddable":true,"href":"https:\/\/goias.gov.br\/educacao\/wp-json\/wp\/v2\/comments?post=35555"}],"version-history":[{"count":0,"href":"https:\/\/goias.gov.br\/educacao\/wp-json\/wp\/v2\/posts\/35555\/revisions"}],"wp:attachment":[{"href":"https:\/\/goias.gov.br\/educacao\/wp-json\/wp\/v2\/media?parent=35555"}],"wp:term":[{"taxonomy":"category","embeddable":true,"href":"https:\/\/goias.gov.br\/educacao\/wp-json\/wp\/v2\/categories?post=35555"},{"taxonomy":"post_tag","embeddable":true,"href":"https:\/\/goias.gov.br\/educacao\/wp-json\/wp\/v2\/tags?post=35555"}],"curies":[{"name":"wp","href":"https:\/\/api.w.org\/{rel}","templated":true}]}}