

{"id":35553,"date":"2017-11-19T10:59:31","date_gmt":"2017-11-19T12:59:31","guid":{"rendered":"https:\/\/siteshom.goias.gov.br\/educacao\/resgate-da-cultura-popular-no-tenpo-2017\/"},"modified":"2017-11-19T10:59:31","modified_gmt":"2017-11-19T12:59:31","slug":"resgate-da-cultura-popular-no-tenpo-2017","status":"publish","type":"post","link":"https:\/\/goias.gov.br\/educacao\/resgate-da-cultura-popular-no-tenpo-2017\/","title":{"rendered":"Resgate da cultura popular no TeNpo 2017"},"content":{"rendered":"<p><p style=\"font-weight: 400;\">Os Ciclom\u00e1ticos transformaram a terceira noite de programa\u00e7\u00e3o da 16\u00aa edi\u00e7\u00e3o da Mostra Nacional de Teatro de Porangatu em uma grande festa popular. De forma leve e divertida, o espet\u00e1culo\u00a0<em>A Farra do Boi Bumb\u00e1<\/em>\u00a0contou uma vers\u00e3o de uma das mais conhecidas hist\u00f3rias do folclore brasileiro: a lenda do Boi-Bumb\u00e1, personagem tamb\u00e9m conhecido como Bumba Meu Boi, dependendo da regi\u00e3o do pa\u00eds. A apresenta\u00e7\u00e3o trouxe elementos da cultura nordestina que se fizeram presentes n\u00e3o s\u00f3 nas m\u00fasicas, como tamb\u00e9m nas dan\u00e7as, no figurino dos atores e atrizes e nos contos do folclorista C\u00e2mara Cascudo, narrados pelos personagens.<\/p>\n<\/p>\n<p><p style=\"font-weight: 400;\">Sob a dire\u00e7\u00e3o de Ribamar Ribeiro, a vers\u00e3o apresentada pela trupe contou a hist\u00f3ria de Pai Chico e sua esposa Catirina, que estava gr\u00e1vida e sentiu desejo de comer a l\u00edngua de um boi em espec\u00edfico, que fazia parte do rebanho do local em que trabalhavam. O marido, tentando atender ao pedido da companheira, retirou a l\u00edngua do animal mais querido do dono da fazenda. O resultado foi uma confus\u00e3o que se instalou devido ao sumi\u00e7o desse boi e ao desespero do patr\u00e3o, que n\u00e3o mediu esfor\u00e7os para ter o animal de volta.<\/p>\n<\/p>\n<p><p style=\"font-weight: 400;\">\u00a0A trupe prendeu a aten\u00e7\u00e3o da plateia do in\u00edcio ao fim. J\u00e1 nas primeiras cenas, Pai Chico e Catirina interagiram com as pessoas que lotaram o Teatr\u00e3o, escolhendo um homem para representar o boi que teria sua l\u00edngua arrancada. \u201cDiga as suas \u00faltimas palavras bem aqui no p\u00e9 de meu ouvido\u201d, imp\u00f4s Pai Chico em alto e bom som ao mais novo participante da pe\u00e7a. Como em um passe de m\u00e1gica, o personagem retirou do convidado a tal \u201cl\u00edngua\u201d que sua esposa tanto queria. A cena de improviso gerou muitas gargalhadas de quem acompanhava o espet\u00e1culo. O riso tamb\u00e9m se fez presente ao longo das v\u00e1rias tentativas empreendidas pelo dono da fazenda de ressuscitar o animal, que inclu\u00edram a busca por um m\u00e9dico, um padre e uma curandeira.<\/p>\n<\/p>\n<p><p style=\"font-weight: 400;\">\u00a0Outra cena de destaque do espet\u00e1culo foi aquela em que Pai Chico confessou ao patr\u00e3o que arrancou a l\u00edngua do boi. O dono da fazenda se enfureceu, mas Catirina assumiu a responsabilidade do ocorrido imediatamente. Ela explicou que seu esposo agiu por amor com o objetivo de atender a um pedido seu e que ele n\u00e3o tinha a inten\u00e7\u00e3o de ferir o animal ou trazer algum tipo de preju\u00edzo. Nesse momento, a apresenta\u00e7\u00e3o fez refer\u00eancia direta ao longa-metragem\u00a0<em>O Auto da Compadecida<\/em>, resgatando a cena em que Nossa Senhora Aparecida fez um discurso sobre culpa inocento Jo\u00e3o Grilo em seu julgamento.<\/p>\n<\/p>\n<p><p style=\"font-weight: 400;\">\u00a0A montagem chegou ao fim com uma promessa do patr\u00e3o: \u201cse meu boi viver, eu prometo contar essa hist\u00f3ria em v\u00e1rios cantos do pa\u00eds\u201d. Nesse momento, o animal entrou em cena, mostrando que o milagre aconteceu e deixando claro a origem da lenda do Boi-Bumb\u00e1. O propriet\u00e1rio da fazenda perdoou Pai Chico e todos dan\u00e7aram juntos, dando in\u00edcio a uma grande festa folcl\u00f3rica.<\/p>\n<\/p>\n<p><p style=\"font-weight: 400;\"><strong>Outros espet\u00e1culos<\/strong><\/p>\n<\/p>\n<p><p style=\"font-weight: 400;\">O terceiro dia de programa\u00e7\u00e3o do TeNpo 2017 tamb\u00e9m contou outras duas apresenta\u00e7\u00f5es:\u00a0<em>A Fant\u00e1stica M\u00e1quina Humana<\/em>, do Grupo Sonhos Teatro Ritual, e\u00a0<em>William Wilson<\/em>, da Cia Teatral Oops!. O primeiro espet\u00e1culo, um infantil dirigido por Fernando Rocha, trouxe a hist\u00f3ria de tr\u00eas crian\u00e7as que sonhavam em realizar o seu primeiro voo sobre o oceano. A montagem abordou de forma leve e sens\u00edvel elementos hist\u00f3ricos importantes como a primeira travessia a\u00e9rea do oceano Atl\u00e2ntico, empreendida pelo piloto americano Charles Lindbergh, e alguns feitos de Amelia Mary Earhart, pioneira na avia\u00e7\u00e3o dos Estados Unidos e primeira mulher a tentar fazer um voo ao redor do mundo.\u00a0Em seu roteiro, a\u00a0pe\u00e7a falou da realiza\u00e7\u00e3o de sonhos.<\/p>\n<\/p>\n<p><p style=\"font-weight: 400;\">\u00a0Com um tom diferente dos outros dois espet\u00e1culos apresentados nesse s\u00e1bado, 18 de novembro,\u00a0<em>William Wilson<\/em>\u00a0trouxe \u00e0 Mostra uma proposta mais densa e reflexiva. A entrar no Teatro do Centro Cultural de Porangatu, o p\u00fablico j\u00e1 sentiu um clima diferente: um ambiente com pouca luz e uma banda tocando rock psicod\u00e9lico. Essa foi a t\u00f4nica de toda a apresenta\u00e7\u00e3o que abordou o caso de dois homens que, apesar de hist\u00f3rias diferentes, receberam o mesmo nome. A montagem explorou diferentes conflitos que surgiram<\/p>\n<\/p>\n<p>&nbsp;<\/p>\n\n","protected":false},"excerpt":{"rendered":"<p>Os Ciclom\u00e1ticos transformaram a terceira noite de programa\u00e7\u00e3o da 16\u00aa edi\u00e7\u00e3o da Mostra Nacional de Teatro de Porangatu em uma grande festa popular. De forma leve e divertida, o espet\u00e1culo\u00a0A Farra do Boi Bumb\u00e1\u00a0contou uma vers\u00e3o de uma das mais conhecidas hist\u00f3rias do folclore brasileiro: a lenda do Boi-Bumb\u00e1, personagem tamb\u00e9m conhecido como Bumba Meu [&hellip;]<\/p>\n","protected":false},"author":861,"featured_media":0,"comment_status":"closed","ping_status":"open","sticky":false,"template":"","format":"standard","meta":{"footnotes":""},"categories":[4801],"tags":[5684,4850,5556,7177,7179,7178],"class_list":["post-35553","post","type-post","status-publish","format-standard","hentry","category-noticias","tag-cultura","tag-educacao","tag-teatro","tag-tenpo","tag-tenpo-2017","tag-tenpo2017"],"rttpg_featured_image_url":null,"rttpg_author":{"display_name":"gustavomgomes","author_link":"https:\/\/goias.gov.br\/educacao\/author\/gustavomgomes\/"},"rttpg_comment":0,"rttpg_category":"<a href=\"https:\/\/goias.gov.br\/educacao\/categoria\/noticias\/\" rel=\"category tag\">Not\u00edcias<\/a>","rttpg_excerpt":"Os Ciclom\u00e1ticos transformaram a terceira noite de programa\u00e7\u00e3o da 16\u00aa edi\u00e7\u00e3o da Mostra Nacional de Teatro de Porangatu em uma grande festa popular. De forma leve e divertida, o espet\u00e1culo\u00a0A Farra do Boi Bumb\u00e1\u00a0contou uma vers\u00e3o de uma das mais conhecidas hist\u00f3rias do folclore brasileiro: a lenda do Boi-Bumb\u00e1, personagem tamb\u00e9m conhecido como Bumba Meu&hellip;","_links":{"self":[{"href":"https:\/\/goias.gov.br\/educacao\/wp-json\/wp\/v2\/posts\/35553","targetHints":{"allow":["GET"]}}],"collection":[{"href":"https:\/\/goias.gov.br\/educacao\/wp-json\/wp\/v2\/posts"}],"about":[{"href":"https:\/\/goias.gov.br\/educacao\/wp-json\/wp\/v2\/types\/post"}],"author":[{"embeddable":true,"href":"https:\/\/goias.gov.br\/educacao\/wp-json\/wp\/v2\/users\/861"}],"replies":[{"embeddable":true,"href":"https:\/\/goias.gov.br\/educacao\/wp-json\/wp\/v2\/comments?post=35553"}],"version-history":[{"count":0,"href":"https:\/\/goias.gov.br\/educacao\/wp-json\/wp\/v2\/posts\/35553\/revisions"}],"wp:attachment":[{"href":"https:\/\/goias.gov.br\/educacao\/wp-json\/wp\/v2\/media?parent=35553"}],"wp:term":[{"taxonomy":"category","embeddable":true,"href":"https:\/\/goias.gov.br\/educacao\/wp-json\/wp\/v2\/categories?post=35553"},{"taxonomy":"post_tag","embeddable":true,"href":"https:\/\/goias.gov.br\/educacao\/wp-json\/wp\/v2\/tags?post=35553"}],"curies":[{"name":"wp","href":"https:\/\/api.w.org\/{rel}","templated":true}]}}