

{"id":35521,"date":"2017-11-28T13:33:09","date_gmt":"2017-11-28T15:33:09","guid":{"rendered":"https:\/\/siteshom.goias.gov.br\/educacao\/show-em-pirenopolis-une-musica-e-poesia\/"},"modified":"2017-11-28T13:33:09","modified_gmt":"2017-11-28T15:33:09","slug":"show-em-pirenopolis-une-musica-e-poesia","status":"publish","type":"post","link":"https:\/\/goias.gov.br\/educacao\/show-em-pirenopolis-une-musica-e-poesia\/","title":{"rendered":"Show em Piren\u00f3polis une m\u00fasica e poesia"},"content":{"rendered":"<p><p style=\"text-align: center;\"><em>Evento tem apoio da Lei Goyazes<\/em><\/p>\n<\/p>\n<p><strong>\u00a0<\/strong><\/p>\n<p>O grupo F\u00e9 Menina e os atores Mirelle Ara\u00fajo e Augusto C\u00e9sar Din\u00edzio prometem aquecer cora\u00e7\u00f5es com o show <em>Palavra e Canto &#8211; Poemas e can\u00e7\u00f5es de amor<\/em>, neste s\u00e1bado, 2\/12, em Piren\u00f3polis. A apresenta\u00e7\u00e3o come\u00e7a \u00e0s 20 horas, no Cine Pireneus, e tem entrada gratuita.<\/p>\n<p>O evento tem apoio do Programa de Incentivo \u00e0 Cultua &#8211; Lei Goyazes, mecanismo do Governo de Goi\u00e1s, gerenciado pela Secretaria de Educa\u00e7\u00e3o, Cultura e Esporte (Seduce).<\/p>\n<p><em>Palavra e Canto &#8211; Poemas e can\u00e7\u00f5es de amor<\/em> tem como objetivo resgatar a parceria entre m\u00fasica e poesia e incentivar a leitura. Durante o show, os poemas ser\u00e3o recitados de forma intercalada \u00e0s can\u00e7\u00f5es. A autoria dos textos \u00e9 do jornalista e escritor Rubens Jardim e da poetisa M\u00e1rcia de Conti.<\/p>\n<p>&#8220;O amor n\u00e3o foi escolhido por acaso como tema. Ele desperta interesse em todo ser humano, independente de idade, g\u00eanero ou classe social. E o fato de o show entremear m\u00fasicas e poemas n\u00e3o permite que o ouvinte se entendie, mas que deguste e se apete\u00e7a de uma literatura com a qual, muitas vezes, n\u00e3o teria outra forma de contato&#8221;, afirma Gilka Martins, cantora e diretora do espet\u00e1culo.<\/p>\n<p>Gilka \u00e9 uma das integrantes do trio vocal F\u00e9 Menina, ao lado de Bia Tavares e M\u00f4nica Maranh\u00e3o. Edilson Morais (percussionista), Douglas (viol\u00e3o) e Dimar Viana (viol\u00e3o) acompanham o grupo. Fernanda Botelho \u00e9 a produtora executiva do projeto.<\/p>\n<p><strong>RESUMO<\/p>\n<p><\/strong><strong><em>Palavra e Canto &#8211; Poemas e can\u00e7\u00f5es de amor<\/em><\/strong><\/p>\n<p><strong>Data:<\/strong>\u00a0S\u00e1bado, 2\/12<\/p>\n<p><strong>Hor\u00e1rio:<\/strong>\u00a020h<\/p>\n<p><strong>Local:<\/strong>\u00a0Cine Pireneus (R. Direita, n\u00ba 1-9, Centro, Piren\u00f3polis)<\/p>\n<p><strong>Entrada gratuita<\/strong><\/p>\n<p><img fetchpriority=\"high\" decoding=\"async\" class=\"alignnone size-full wp-image-9582\" src=\"https:\/\/site.seduce.go.gov.br\/wp-content\/uploads\/2017\/11\/5648837d-9134-4c18-9225-677119346033.jpg\" alt=\"\" width=\"500\" height=\"707\" \/><\/p>\n","protected":false},"excerpt":{"rendered":"<p>Evento tem apoio da Lei Goyazes \u00a0 O grupo F\u00e9 Menina e os atores Mirelle Ara\u00fajo e Augusto C\u00e9sar Din\u00edzio prometem aquecer cora\u00e7\u00f5es com o show Palavra e Canto &#8211; Poemas e can\u00e7\u00f5es de amor, neste s\u00e1bado, 2\/12, em Piren\u00f3polis. A apresenta\u00e7\u00e3o come\u00e7a \u00e0s 20 horas, no Cine Pireneus, e tem entrada gratuita. O evento [&hellip;]<\/p>\n","protected":false},"author":861,"featured_media":0,"comment_status":"closed","ping_status":"open","sticky":false,"template":"","format":"standard","meta":{"footnotes":""},"categories":[4801],"tags":[4850,6494,5018],"class_list":["post-35521","post","type-post","status-publish","format-standard","hentry","category-noticias","tag-educacao","tag-lei-goyazes","tag-pirenopolis"],"rttpg_featured_image_url":null,"rttpg_author":{"display_name":"gustavomgomes","author_link":"https:\/\/goias.gov.br\/educacao\/author\/gustavomgomes\/"},"rttpg_comment":0,"rttpg_category":"<a href=\"https:\/\/goias.gov.br\/educacao\/categoria\/noticias\/\" rel=\"category tag\">Not\u00edcias<\/a>","rttpg_excerpt":"Evento tem apoio da Lei Goyazes \u00a0 O grupo F\u00e9 Menina e os atores Mirelle Ara\u00fajo e Augusto C\u00e9sar Din\u00edzio prometem aquecer cora\u00e7\u00f5es com o show Palavra e Canto &#8211; Poemas e can\u00e7\u00f5es de amor, neste s\u00e1bado, 2\/12, em Piren\u00f3polis. A apresenta\u00e7\u00e3o come\u00e7a \u00e0s 20 horas, no Cine Pireneus, e tem entrada gratuita. O evento&hellip;","_links":{"self":[{"href":"https:\/\/goias.gov.br\/educacao\/wp-json\/wp\/v2\/posts\/35521","targetHints":{"allow":["GET"]}}],"collection":[{"href":"https:\/\/goias.gov.br\/educacao\/wp-json\/wp\/v2\/posts"}],"about":[{"href":"https:\/\/goias.gov.br\/educacao\/wp-json\/wp\/v2\/types\/post"}],"author":[{"embeddable":true,"href":"https:\/\/goias.gov.br\/educacao\/wp-json\/wp\/v2\/users\/861"}],"replies":[{"embeddable":true,"href":"https:\/\/goias.gov.br\/educacao\/wp-json\/wp\/v2\/comments?post=35521"}],"version-history":[{"count":0,"href":"https:\/\/goias.gov.br\/educacao\/wp-json\/wp\/v2\/posts\/35521\/revisions"}],"wp:attachment":[{"href":"https:\/\/goias.gov.br\/educacao\/wp-json\/wp\/v2\/media?parent=35521"}],"wp:term":[{"taxonomy":"category","embeddable":true,"href":"https:\/\/goias.gov.br\/educacao\/wp-json\/wp\/v2\/categories?post=35521"},{"taxonomy":"post_tag","embeddable":true,"href":"https:\/\/goias.gov.br\/educacao\/wp-json\/wp\/v2\/tags?post=35521"}],"curies":[{"name":"wp","href":"https:\/\/api.w.org\/{rel}","templated":true}]}}