

{"id":35504,"date":"2017-12-01T15:17:29","date_gmt":"2017-12-01T17:17:29","guid":{"rendered":"https:\/\/siteshom.goias.gov.br\/educacao\/mp-realiza-debate-sobre-praticas-de-paz-nas-escolas\/"},"modified":"2017-12-01T15:17:29","modified_gmt":"2017-12-01T17:17:29","slug":"mp-realiza-debate-sobre-praticas-de-paz-nas-escolas","status":"publish","type":"post","link":"https:\/\/goias.gov.br\/educacao\/mp-realiza-debate-sobre-praticas-de-paz-nas-escolas\/","title":{"rendered":"MP realiza debate sobre pr\u00e1ticas de paz nas escolas"},"content":{"rendered":"<p><em>Evento ser\u00e1 na segunda-feira, 04\/12, com a participa\u00e7\u00e3o de M\u00e1rcia Antunes, superintendente de Inclus\u00e3o da Seduce<\/em><\/p>\n<p>O Minist\u00e9rio P\u00fablico de Goi\u00e1s sedia o Ciclo de Debates &#8220;Pr\u00e1ticas de Paz nas Escolas&#8221; na pr\u00f3xima segunda-feira, a partir das 8h. Destinado aos promotores de Justi\u00e7a do Minist\u00e9rio P\u00fablico do estado de Goi\u00e1s e profissionais da educa\u00e7\u00e3o, o evento ser\u00e1 realizado pelo Centro de Apoio Operacional da Educa\u00e7\u00e3o sob a coordena\u00e7\u00e3o da Escola Superior (ESMPGO). Na programa\u00e7\u00e3o, est\u00e3o debates sobre\u00a0o clima escolar, protagonismo juvenil, relatos de experi\u00eancias exitosas e preven\u00e7\u00e3o e enfrentamento da viol\u00eancia nas escolas particulares.<\/p>\n<p>Os palestrantes ser\u00e3o M\u00e1rcia Rocha de Souza Antunes, superintendente de Inclus\u00e3o da Secretaria de Educa\u00e7\u00e3o, Cultura e Esporte, M\u00f4nica Barcellos Caf\u00e9, psic\u00f3loga do MPGO, Suelma C\u00e2ndido Vieira da Silva, coordenadora pedag\u00f3gica do Col\u00e9gio Estadual Robinho Martins e Fl\u00e1vio Roberto de Castro, presidente do Sindicato dos estabelecimentos particulares de ensino de Goi\u00e2nia. O promotor de Justi\u00e7a do MPGO, Lucas C\u00e9sar Costa Ferreira est\u00e1 entre os participantes dos debates.<\/p>\n<p>Confira\u00a0<strong><a title=\"Programacaosite_pazescolas\" href=\"https:\/\/goias.gov.br\/educacao\/wp-content\/uploads\/sites\/40\/2017\/12\/17_36_52_182_programacaosite_PazEscolas-d04.pdf\">aqui<\/a>\u00a0<\/strong>detalhes da programa\u00e7\u00e3o do ciclo de debates que ser\u00e1 transmitido ao vivo pelo portal do MPTV. Para ter acesso \u00e0 transmiss\u00e3o, clique\u00a0<a title=\"https:\/\/mptv.mpgo.mp.br\/userportal\/#\/home\/main\" href=\"https:\/\/mptv.mpgo.mp.br\/userportal\/#\/home\/main\"><strong>aqui<\/strong>\u00a0<\/a>. Para fazer inscri\u00e7\u00e3o acesse o endere\u00e7o\u00a0<a title=\"https:\/\/www.mpgo.mp.br\/eventos\/abertos\" href=\"https:\/\/www.mpgo.mp.br\/eventos\/abertos\">www.mpgo.mp.br<\/a>.\u00a0<em>(Com informa\u00e7\u00f5es de Elaine Borges\/Apoio T\u00e9cnico em Comunica\u00e7\u00e3o ESMPGO. Arte: Fabiana Figueiredo\/Coordena\u00e7\u00e3o de Editora\u00e7\u00e3o ESMPGO).<\/em><\/p>\n<p>&nbsp;<\/p>\n<p><img fetchpriority=\"high\" decoding=\"async\" class=\"alignnone wp-image-9709\" src=\"https:\/\/site.seduce.go.gov.br\/wp-content\/uploads\/2017\/12\/programacaosite_PazEscolas.jpeg\" alt=\"\" width=\"800\" height=\"1131\" \/><\/p>\n","protected":false},"excerpt":{"rendered":"<p>Evento ser\u00e1 na segunda-feira, 04\/12, com a participa\u00e7\u00e3o de M\u00e1rcia Antunes, superintendente de Inclus\u00e3o da Seduce O Minist\u00e9rio P\u00fablico de Goi\u00e1s sedia o Ciclo de Debates &#8220;Pr\u00e1ticas de Paz nas Escolas&#8221; na pr\u00f3xima segunda-feira, a partir das 8h. Destinado aos promotores de Justi\u00e7a do Minist\u00e9rio P\u00fablico do estado de Goi\u00e1s e profissionais da educa\u00e7\u00e3o, o [&hellip;]<\/p>\n","protected":false},"author":861,"featured_media":0,"comment_status":"closed","ping_status":"open","sticky":false,"template":"","format":"standard","meta":{"footnotes":""},"categories":[4801],"tags":[4850],"class_list":["post-35504","post","type-post","status-publish","format-standard","hentry","category-noticias","tag-educacao"],"rttpg_featured_image_url":null,"rttpg_author":{"display_name":"gustavomgomes","author_link":"https:\/\/goias.gov.br\/educacao\/author\/gustavomgomes\/"},"rttpg_comment":0,"rttpg_category":"<a href=\"https:\/\/goias.gov.br\/educacao\/categoria\/noticias\/\" rel=\"category tag\">Not\u00edcias<\/a>","rttpg_excerpt":"Evento ser\u00e1 na segunda-feira, 04\/12, com a participa\u00e7\u00e3o de M\u00e1rcia Antunes, superintendente de Inclus\u00e3o da Seduce O Minist\u00e9rio P\u00fablico de Goi\u00e1s sedia o Ciclo de Debates &#8220;Pr\u00e1ticas de Paz nas Escolas&#8221; na pr\u00f3xima segunda-feira, a partir das 8h. Destinado aos promotores de Justi\u00e7a do Minist\u00e9rio P\u00fablico do estado de Goi\u00e1s e profissionais da educa\u00e7\u00e3o, o&hellip;","_links":{"self":[{"href":"https:\/\/goias.gov.br\/educacao\/wp-json\/wp\/v2\/posts\/35504","targetHints":{"allow":["GET"]}}],"collection":[{"href":"https:\/\/goias.gov.br\/educacao\/wp-json\/wp\/v2\/posts"}],"about":[{"href":"https:\/\/goias.gov.br\/educacao\/wp-json\/wp\/v2\/types\/post"}],"author":[{"embeddable":true,"href":"https:\/\/goias.gov.br\/educacao\/wp-json\/wp\/v2\/users\/861"}],"replies":[{"embeddable":true,"href":"https:\/\/goias.gov.br\/educacao\/wp-json\/wp\/v2\/comments?post=35504"}],"version-history":[{"count":0,"href":"https:\/\/goias.gov.br\/educacao\/wp-json\/wp\/v2\/posts\/35504\/revisions"}],"wp:attachment":[{"href":"https:\/\/goias.gov.br\/educacao\/wp-json\/wp\/v2\/media?parent=35504"}],"wp:term":[{"taxonomy":"category","embeddable":true,"href":"https:\/\/goias.gov.br\/educacao\/wp-json\/wp\/v2\/categories?post=35504"},{"taxonomy":"post_tag","embeddable":true,"href":"https:\/\/goias.gov.br\/educacao\/wp-json\/wp\/v2\/tags?post=35504"}],"curies":[{"name":"wp","href":"https:\/\/api.w.org\/{rel}","templated":true}]}}