

{"id":35502,"date":"2017-12-04T10:12:50","date_gmt":"2017-12-04T12:12:50","guid":{"rendered":"https:\/\/siteshom.goias.gov.br\/educacao\/seduce-participa-de-discussao-sobre-paz-nas-escolas\/"},"modified":"2017-12-04T10:12:50","modified_gmt":"2017-12-04T12:12:50","slug":"seduce-participa-de-discussao-sobre-paz-nas-escolas","status":"publish","type":"post","link":"https:\/\/goias.gov.br\/educacao\/seduce-participa-de-discussao-sobre-paz-nas-escolas\/","title":{"rendered":"Seduce participa de discuss\u00e3o sobre paz nas escolas"},"content":{"rendered":"<p>A Secretaria de Educa\u00e7\u00e3o, Cultura e Esporte (Seduce) participou nesta segunda-feira, 4\/12, do Ciclo de Debates: <em>Pr\u00e1ticas de Paz nas Escolas<\/em>, no Minist\u00e9rio P\u00fablico de Goi\u00e1s (MP-GO). A superintendente de Inclus\u00e3o, M\u00e1rcia Antunes, representou a Seduce no evento que reuniu promotores de Justi\u00e7a e profissionais da educa\u00e7\u00e3o.<\/p>\n<p>O grupo debateu quest\u00f5es como Protagonismo Juvenil, experi\u00eancias bem-sucedidas e a preven\u00e7\u00e3o e enfrentamento da viol\u00eancia nas escolas. O objetivo \u00e9 identificar boas pr\u00e1ticas de media\u00e7\u00e3o de conflitos e disseminar este conte\u00fado para contribuir para a cultura de paz nas unidades de ensino do Estado.<\/p>\n<p>A superintendente da Seduce defendeu que o desenvolvimento do ambiente escolar \u00e9 importante para todos os resultados de aprendizagem, e enfatizou que a democratiza\u00e7\u00e3o das decis\u00f5es fortalece a integra\u00e7\u00e3o do estudante \u00e0 unidade de ensino. \u201cSe essa escola \u00e9 um espa\u00e7o dial\u00f3gico, se a minha constru\u00e7\u00e3o nessa escola se baseia no di\u00e1logo, se eu considero o pensamento do outro consequentemente as decis\u00f5es s\u00e3o comuns a todos\u201d, afirmou M\u00e1rcia Antunes.<\/p>\n<p><strong>Iniciativas<\/strong><\/p>\n<p>A Seduce desenvolve diversos programas integrados que visam ao desenvolvimento da cultura de paz na rede p\u00fablica estadual, tendo como parceiros nestas iniciativas o Programa Repacificar do pesquisador Akira Ninomiya Jr. e a Pol\u00edcia Militar de Goi\u00e1s.<\/p>\n<p>&nbsp;<\/p>\n<p>&nbsp;<\/p>\n<p>Goi\u00e2nia, 4 de dezembro de 2017.<\/p>\n<p><em>Comunica\u00e7\u00e3o Setorial da Seduce<\/em><\/p>\n<p>&nbsp;<\/p>\n<p>&nbsp;<\/p>\n","protected":false},"excerpt":{"rendered":"<p>A Secretaria de Educa\u00e7\u00e3o, Cultura e Esporte (Seduce) participou nesta segunda-feira, 4\/12, do Ciclo de Debates: Pr\u00e1ticas de Paz nas Escolas, no Minist\u00e9rio P\u00fablico de Goi\u00e1s (MP-GO). A superintendente de Inclus\u00e3o, M\u00e1rcia Antunes, representou a Seduce no evento que reuniu promotores de Justi\u00e7a e profissionais da educa\u00e7\u00e3o. O grupo debateu quest\u00f5es como Protagonismo Juvenil, experi\u00eancias [&hellip;]<\/p>\n","protected":false},"author":861,"featured_media":0,"comment_status":"closed","ping_status":"open","sticky":false,"template":"","format":"standard","meta":{"footnotes":""},"categories":[4801],"tags":[4851,4850,7155],"class_list":["post-35502","post","type-post","status-publish","format-standard","hentry","category-noticias","tag-destaque","tag-educacao","tag-paz-nas-escolas"],"rttpg_featured_image_url":null,"rttpg_author":{"display_name":"gustavomgomes","author_link":"https:\/\/goias.gov.br\/educacao\/author\/gustavomgomes\/"},"rttpg_comment":0,"rttpg_category":"<a href=\"https:\/\/goias.gov.br\/educacao\/categoria\/noticias\/\" rel=\"category tag\">Not\u00edcias<\/a>","rttpg_excerpt":"A Secretaria de Educa\u00e7\u00e3o, Cultura e Esporte (Seduce) participou nesta segunda-feira, 4\/12, do Ciclo de Debates: Pr\u00e1ticas de Paz nas Escolas, no Minist\u00e9rio P\u00fablico de Goi\u00e1s (MP-GO). A superintendente de Inclus\u00e3o, M\u00e1rcia Antunes, representou a Seduce no evento que reuniu promotores de Justi\u00e7a e profissionais da educa\u00e7\u00e3o. O grupo debateu quest\u00f5es como Protagonismo Juvenil, experi\u00eancias&hellip;","_links":{"self":[{"href":"https:\/\/goias.gov.br\/educacao\/wp-json\/wp\/v2\/posts\/35502","targetHints":{"allow":["GET"]}}],"collection":[{"href":"https:\/\/goias.gov.br\/educacao\/wp-json\/wp\/v2\/posts"}],"about":[{"href":"https:\/\/goias.gov.br\/educacao\/wp-json\/wp\/v2\/types\/post"}],"author":[{"embeddable":true,"href":"https:\/\/goias.gov.br\/educacao\/wp-json\/wp\/v2\/users\/861"}],"replies":[{"embeddable":true,"href":"https:\/\/goias.gov.br\/educacao\/wp-json\/wp\/v2\/comments?post=35502"}],"version-history":[{"count":0,"href":"https:\/\/goias.gov.br\/educacao\/wp-json\/wp\/v2\/posts\/35502\/revisions"}],"wp:attachment":[{"href":"https:\/\/goias.gov.br\/educacao\/wp-json\/wp\/v2\/media?parent=35502"}],"wp:term":[{"taxonomy":"category","embeddable":true,"href":"https:\/\/goias.gov.br\/educacao\/wp-json\/wp\/v2\/categories?post=35502"},{"taxonomy":"post_tag","embeddable":true,"href":"https:\/\/goias.gov.br\/educacao\/wp-json\/wp\/v2\/tags?post=35502"}],"curies":[{"name":"wp","href":"https:\/\/api.w.org\/{rel}","templated":true}]}}