

{"id":35499,"date":"2017-12-04T17:35:50","date_gmt":"2017-12-04T19:35:50","guid":{"rendered":"https:\/\/siteshom.goias.gov.br\/educacao\/fac-e-ccon-sao-tema-de-reuniao-na-seduce\/"},"modified":"2017-12-04T17:35:50","modified_gmt":"2017-12-04T19:35:50","slug":"fac-e-ccon-sao-tema-de-reuniao-na-seduce","status":"publish","type":"post","link":"https:\/\/goias.gov.br\/educacao\/fac-e-ccon-sao-tema-de-reuniao-na-seduce\/","title":{"rendered":"FAC e CCON s\u00e3o tema de reuni\u00e3o na Seduce"},"content":{"rendered":"<p>A secret\u00e1ria Raquel Teixeira recebeu na tarde dessa segunda-feira, 04\/12, uma comiss\u00e3o de produtores culturais para falar sobre os editais do Fundo de Arte e Cultura (FAC) e demais assuntos da \u00e1rea, na sede da Secretaria de Educa\u00e7\u00e3o, Cultura e Esporte (Seduce). A conversa come\u00e7ou com a boa not\u00edcia de que o recurso para o restante do pagamento do Blocos 3 e 4 do Fundo de Cultura foi liberado nessa segunda-feira, 04\/12, pela Secretaria da Fazenda (Sefaz). Tamb\u00e9m foi comunicado aos produtores que a lista de classificados no Bloco 5 ser\u00e1 publicada em breve no site da Seduce e do FAC e, logo depois, ser\u00e1 encaminhada para publica\u00e7\u00e3o no Di\u00e1rio Oficial.<\/p>\n<p>Tamb\u00e9m participaram da reuni\u00e3o o superintendente executivo da Seduce, Ivo Vilela, superintendente executivo de Cultura, Jos\u00e9 Eduardo Morais, o gestor do Fundo de Cultura, Sacha Witkowski, a advogada setorial da Seduce, Helianny Andrade, e a gestora da Lei Goyazes, Fabr\u00edcia Freire. Entre os produtores culturais, estavam L\u00e9o Bigoge, Malu Cunha, Wanessa Cruz, Sando T\u00f4rres, Norval Berbari, Fernanda Botelho e outros representantes do setor cultural.<\/p>\n<p>Com o recurso liberado, a Seduce inicia o processo de pagamento de cada projeto, que deve estar com a documenta\u00e7\u00e3o em dia. Alguns projetos de outros blocos n\u00e3o foram pagos devido a entraves burocr\u00e1ticos, como falta de documenta\u00e7\u00e3o ou conta de banco, e cada produtor deve procurar a administra\u00e7\u00e3o do FAC para solucionar problemas.<\/p>\n<p>Ainda na pauta da reuni\u00e3o, foi debatido a quest\u00e3o legal do pagamento dos projetos por pr\u00eamio, mecanismos de encargo solicitados pela Controladoria Geral do Estado (CGE), e novas regras para o edital 2017. Os produtores devem se reunir ainda essa semana com o gestor do FAC para acertar detalhes e propor novas regras de inscri\u00e7\u00e3o e classifica\u00e7\u00e3o dos projetos.<\/p>\n<p>&nbsp;<\/p>\n<p><strong>CCON <\/strong>\u2013 A secret\u00e1ria Raquel Teixeira elogiou a reuni\u00e3o e disse que \u00e9 importante manter o di\u00e1logo e reconhecer os avan\u00e7os. Sobre o uso da Esplanada do Centro Cultural Oscar Niemeyer, a secret\u00e1ria disse que aguarda um laudo t\u00e9cnico especializado com um estudo completo sobre a estrutura do local. O Centro Cultural passa por uma reforma e passa a funcionar com cinema, restaurante e biblioteca. Segundo a secret\u00e1ria, a licita\u00e7\u00e3o para o cinema e o restaurante j\u00e1 foram realizadas e os livros para a biblioteca j\u00e1 foram adquiridos, aguardando apenas a conclus\u00e3o da reforma.<\/p>\n","protected":false},"excerpt":{"rendered":"<p>A secret\u00e1ria Raquel Teixeira recebeu na tarde dessa segunda-feira, 04\/12, uma comiss\u00e3o de produtores culturais para falar sobre os editais do Fundo de Arte e Cultura (FAC) e demais assuntos da \u00e1rea, na sede da Secretaria de Educa\u00e7\u00e3o, Cultura e Esporte (Seduce). A conversa come\u00e7ou com a boa not\u00edcia de que o recurso para o [&hellip;]<\/p>\n","protected":false},"author":861,"featured_media":0,"comment_status":"closed","ping_status":"open","sticky":false,"template":"","format":"standard","meta":{"footnotes":""},"categories":[4801],"tags":[4851,4850,6944,7128,6037],"class_list":["post-35499","post","type-post","status-publish","format-standard","hentry","category-noticias","tag-destaque","tag-educacao","tag-fac","tag-raquel","tag-reuniao"],"rttpg_featured_image_url":null,"rttpg_author":{"display_name":"gustavomgomes","author_link":"https:\/\/goias.gov.br\/educacao\/author\/gustavomgomes\/"},"rttpg_comment":0,"rttpg_category":"<a href=\"https:\/\/goias.gov.br\/educacao\/categoria\/noticias\/\" rel=\"category tag\">Not\u00edcias<\/a>","rttpg_excerpt":"A secret\u00e1ria Raquel Teixeira recebeu na tarde dessa segunda-feira, 04\/12, uma comiss\u00e3o de produtores culturais para falar sobre os editais do Fundo de Arte e Cultura (FAC) e demais assuntos da \u00e1rea, na sede da Secretaria de Educa\u00e7\u00e3o, Cultura e Esporte (Seduce). A conversa come\u00e7ou com a boa not\u00edcia de que o recurso para o&hellip;","_links":{"self":[{"href":"https:\/\/goias.gov.br\/educacao\/wp-json\/wp\/v2\/posts\/35499","targetHints":{"allow":["GET"]}}],"collection":[{"href":"https:\/\/goias.gov.br\/educacao\/wp-json\/wp\/v2\/posts"}],"about":[{"href":"https:\/\/goias.gov.br\/educacao\/wp-json\/wp\/v2\/types\/post"}],"author":[{"embeddable":true,"href":"https:\/\/goias.gov.br\/educacao\/wp-json\/wp\/v2\/users\/861"}],"replies":[{"embeddable":true,"href":"https:\/\/goias.gov.br\/educacao\/wp-json\/wp\/v2\/comments?post=35499"}],"version-history":[{"count":0,"href":"https:\/\/goias.gov.br\/educacao\/wp-json\/wp\/v2\/posts\/35499\/revisions"}],"wp:attachment":[{"href":"https:\/\/goias.gov.br\/educacao\/wp-json\/wp\/v2\/media?parent=35499"}],"wp:term":[{"taxonomy":"category","embeddable":true,"href":"https:\/\/goias.gov.br\/educacao\/wp-json\/wp\/v2\/categories?post=35499"},{"taxonomy":"post_tag","embeddable":true,"href":"https:\/\/goias.gov.br\/educacao\/wp-json\/wp\/v2\/tags?post=35499"}],"curies":[{"name":"wp","href":"https:\/\/api.w.org\/{rel}","templated":true}]}}