

{"id":35494,"date":"2017-12-05T16:39:12","date_gmt":"2017-12-05T18:39:12","guid":{"rendered":"https:\/\/siteshom.goias.gov.br\/educacao\/luto-na-cultura-em-goias\/"},"modified":"2017-12-05T16:39:12","modified_gmt":"2017-12-05T18:39:12","slug":"luto-na-cultura-em-goias","status":"publish","type":"post","link":"https:\/\/goias.gov.br\/educacao\/luto-na-cultura-em-goias\/","title":{"rendered":"Luto na cultura em Goi\u00e1s: Morre Hugo Zorzetti"},"content":{"rendered":"<p>A not\u00edcia do falecimento do escritor, professor e teatr\u00f3logo Hugo Zorzetti comoveu a equipe da Secretaria de Educa\u00e7\u00e3o, Cultura e Esporte nessa ter\u00e7a-feira, 05\/12. A secret\u00e1ria Raquel Teixeira lamentou a not\u00edcia da perda de Zorzetti e disse prestar toda a sua homenagem ao talentoso dramaturgo. O superintendente executivo de Cultura, Jos\u00e9 Eduardo Morais, e o superintendente de A\u00e7\u00e3o Cultural, Nasr Chaul, tamb\u00e9m ficaram comovidos com a not\u00edcia e falaram da grande perda para a cultura goiana.<\/p>\n<p>A hist\u00f3ria de Hugo Zorzetti se confunde com a do teatro goiano e brasileiro. Marcou \u00e9poca com o Grupo Teatro Exerc\u00edcio, fundado na d\u00e9cada de 70.\u00a0 Ao lado de Cici Pinheiro, Jo\u00e3o B\u00eannio e Otavinho Arantes, foi um dos pioneiros das Artes C\u00eanicas em Goi\u00e1s. Fundador do curso de Teatro da Escola de M\u00fasica e Artes C\u00eanicas da Universidade Federal de Goi\u00e1s (Emac UFG), respons\u00e1vel por dezenas de cursos de dramaturgia, tamb\u00e9m foi professor de L\u00edngua Portuguesa em v\u00e1rias institui\u00e7\u00f5es de ensino e autor de in\u00fameros livros e pe\u00e7as.<\/p>\n<p>Em 2016, Zorzetti dirigiu a pe\u00e7a <em>Todo o Brilho do Entardecer<\/em>, que trazia o tema da terceira idade. Atualmente, <em>Anz\u00f3is no Aqu\u00e1rio<\/em>, pe\u00e7a de sua autoria, est\u00e1 em turn\u00ea pelo estado com o apoio da Lei Goyazes.<\/p>\n<p>Segundo a professora S\u00f4nia Ara\u00fajo, gerente de Salas de Espet\u00e1culos e Centros Culturais da Seduce, grande amiga de Hugo Zorzetti, ele estava internado no Hospital do Cora\u00e7\u00e3o, em Goi\u00e2nia, e faleceu por complica\u00e7\u00f5es decorrentes de um c\u00e2ncer no p\u00e2ncreas. As informa\u00e7\u00f5es sobre vel\u00f3rio e sepultamento ainda n\u00e3o foram divulgadas.<\/p>\n","protected":false},"excerpt":{"rendered":"<p>A not\u00edcia do falecimento do escritor, professor e teatr\u00f3logo Hugo Zorzetti comoveu a equipe da Secretaria de Educa\u00e7\u00e3o, Cultura e Esporte nessa ter\u00e7a-feira, 05\/12. A secret\u00e1ria Raquel Teixeira lamentou a not\u00edcia da perda de Zorzetti e disse prestar toda a sua homenagem ao talentoso dramaturgo. O superintendente executivo de Cultura, Jos\u00e9 Eduardo Morais, e o [&hellip;]<\/p>\n","protected":false},"author":861,"featured_media":0,"comment_status":"closed","ping_status":"open","sticky":false,"template":"","format":"standard","meta":{"footnotes":""},"categories":[4801],"tags":[4851,4850,7152,5179,5556],"class_list":["post-35494","post","type-post","status-publish","format-standard","hentry","category-noticias","tag-destaque","tag-educacao","tag-hugo-zorzetti","tag-luto","tag-teatro"],"rttpg_featured_image_url":null,"rttpg_author":{"display_name":"gustavomgomes","author_link":"https:\/\/goias.gov.br\/educacao\/author\/gustavomgomes\/"},"rttpg_comment":0,"rttpg_category":"<a href=\"https:\/\/goias.gov.br\/educacao\/categoria\/noticias\/\" rel=\"category tag\">Not\u00edcias<\/a>","rttpg_excerpt":"A not\u00edcia do falecimento do escritor, professor e teatr\u00f3logo Hugo Zorzetti comoveu a equipe da Secretaria de Educa\u00e7\u00e3o, Cultura e Esporte nessa ter\u00e7a-feira, 05\/12. A secret\u00e1ria Raquel Teixeira lamentou a not\u00edcia da perda de Zorzetti e disse prestar toda a sua homenagem ao talentoso dramaturgo. O superintendente executivo de Cultura, Jos\u00e9 Eduardo Morais, e o&hellip;","_links":{"self":[{"href":"https:\/\/goias.gov.br\/educacao\/wp-json\/wp\/v2\/posts\/35494","targetHints":{"allow":["GET"]}}],"collection":[{"href":"https:\/\/goias.gov.br\/educacao\/wp-json\/wp\/v2\/posts"}],"about":[{"href":"https:\/\/goias.gov.br\/educacao\/wp-json\/wp\/v2\/types\/post"}],"author":[{"embeddable":true,"href":"https:\/\/goias.gov.br\/educacao\/wp-json\/wp\/v2\/users\/861"}],"replies":[{"embeddable":true,"href":"https:\/\/goias.gov.br\/educacao\/wp-json\/wp\/v2\/comments?post=35494"}],"version-history":[{"count":0,"href":"https:\/\/goias.gov.br\/educacao\/wp-json\/wp\/v2\/posts\/35494\/revisions"}],"wp:attachment":[{"href":"https:\/\/goias.gov.br\/educacao\/wp-json\/wp\/v2\/media?parent=35494"}],"wp:term":[{"taxonomy":"category","embeddable":true,"href":"https:\/\/goias.gov.br\/educacao\/wp-json\/wp\/v2\/categories?post=35494"},{"taxonomy":"post_tag","embeddable":true,"href":"https:\/\/goias.gov.br\/educacao\/wp-json\/wp\/v2\/tags?post=35494"}],"curies":[{"name":"wp","href":"https:\/\/api.w.org\/{rel}","templated":true}]}}