

{"id":35477,"date":"2017-12-10T14:44:59","date_gmt":"2017-12-10T16:44:59","guid":{"rendered":"https:\/\/siteshom.goias.gov.br\/educacao\/pesar-por-eva\/"},"modified":"2017-12-10T14:44:59","modified_gmt":"2017-12-10T16:44:59","slug":"pesar-por-eva","status":"publish","type":"post","link":"https:\/\/goias.gov.br\/educacao\/pesar-por-eva\/","title":{"rendered":"Pesar por Eva"},"content":{"rendered":"<p>A Secretaria de Educa\u00e7\u00e3o, Cultura e Esporte lamenta profundamente o falecimento da atriz Eva Todor, aos 98 anos, neste domingo.\u00a0 O palco mais nobre e tradicional da capital de Goi\u00e1s foi inaugurado por ela em 1942 com o espet\u00e1culo \u201cCol\u00e9gio Interno\u201d, de Ladislau Todor, com dire\u00e7\u00e3o de Luiz Iglezias.\u00a0 O convite para encenar no Teatro Goi\u00e2nia partiu do ent\u00e3o prefeito Venerando de Freitas Borges.\u00a0 Ainda jovem e integrante do movimento brasileiro de com\u00e9dia, a atriz se admirou com o interior do Brasil e com Goi\u00e2nia ainda em forma\u00e7\u00e3o: \u201co que esses loucos v\u00e3o fazer nesse deserto com um teatro assim?\u201d, teria dito, segundo o livro Teatro Goi\u00e2nia &#8211; Hist\u00f3rias e Est\u00f3rias, de Gilson Borges. \u00a0No anivers\u00e1rio de 75 anos do Teatro, em junho de 2017, a secret\u00e1ria Raquel Teixeira quis homenage\u00e1-la, mas em contato com um produtor no Rio de Janeiro soube da impossibilidade da atriz de viajar por causa das complica\u00e7\u00f5es de sa\u00fade. Eva Todor nasceu em 1919, em Budapeste, na Hungria, e imigrou com os pais para o Brasil ainda crian\u00e7a. Aos nove anos ela j\u00e1 havia se apresentado em espet\u00e1culo de dan\u00e7a solo, acompanhada de um pianista, no Teatro Municipal de S\u00e3o Paulo. Ao longo de sua bela e extensa carreira ela se tornou uma das mais importantes atrizes da hist\u00f3ria do Brasil.<\/p>\n<p>Comunica\u00e7\u00e3o Setorial da Seduce<\/p>\n<p>Goi\u00e2nia, 10 de dezembro de 2017<\/p>\n","protected":false},"excerpt":{"rendered":"<p>A Secretaria de Educa\u00e7\u00e3o, Cultura e Esporte lamenta profundamente o falecimento da atriz Eva Todor, aos 98 anos, neste domingo.\u00a0 O palco mais nobre e tradicional da capital de Goi\u00e1s foi inaugurado por ela em 1942 com o espet\u00e1culo \u201cCol\u00e9gio Interno\u201d, de Ladislau Todor, com dire\u00e7\u00e3o de Luiz Iglezias.\u00a0 O convite para encenar no Teatro [&hellip;]<\/p>\n","protected":false},"author":861,"featured_media":0,"comment_status":"closed","ping_status":"open","sticky":false,"template":"","format":"standard","meta":{"footnotes":""},"categories":[4801],"tags":[4850,7146,7145],"class_list":["post-35477","post","type-post","status-publish","format-standard","hentry","category-noticias","tag-educacao","tag-eva-todor","tag-pesar"],"rttpg_featured_image_url":null,"rttpg_author":{"display_name":"gustavomgomes","author_link":"https:\/\/goias.gov.br\/educacao\/author\/gustavomgomes\/"},"rttpg_comment":0,"rttpg_category":"<a href=\"https:\/\/goias.gov.br\/educacao\/categoria\/noticias\/\" rel=\"category tag\">Not\u00edcias<\/a>","rttpg_excerpt":"A Secretaria de Educa\u00e7\u00e3o, Cultura e Esporte lamenta profundamente o falecimento da atriz Eva Todor, aos 98 anos, neste domingo.\u00a0 O palco mais nobre e tradicional da capital de Goi\u00e1s foi inaugurado por ela em 1942 com o espet\u00e1culo \u201cCol\u00e9gio Interno\u201d, de Ladislau Todor, com dire\u00e7\u00e3o de Luiz Iglezias.\u00a0 O convite para encenar no Teatro&hellip;","_links":{"self":[{"href":"https:\/\/goias.gov.br\/educacao\/wp-json\/wp\/v2\/posts\/35477","targetHints":{"allow":["GET"]}}],"collection":[{"href":"https:\/\/goias.gov.br\/educacao\/wp-json\/wp\/v2\/posts"}],"about":[{"href":"https:\/\/goias.gov.br\/educacao\/wp-json\/wp\/v2\/types\/post"}],"author":[{"embeddable":true,"href":"https:\/\/goias.gov.br\/educacao\/wp-json\/wp\/v2\/users\/861"}],"replies":[{"embeddable":true,"href":"https:\/\/goias.gov.br\/educacao\/wp-json\/wp\/v2\/comments?post=35477"}],"version-history":[{"count":0,"href":"https:\/\/goias.gov.br\/educacao\/wp-json\/wp\/v2\/posts\/35477\/revisions"}],"wp:attachment":[{"href":"https:\/\/goias.gov.br\/educacao\/wp-json\/wp\/v2\/media?parent=35477"}],"wp:term":[{"taxonomy":"category","embeddable":true,"href":"https:\/\/goias.gov.br\/educacao\/wp-json\/wp\/v2\/categories?post=35477"},{"taxonomy":"post_tag","embeddable":true,"href":"https:\/\/goias.gov.br\/educacao\/wp-json\/wp\/v2\/tags?post=35477"}],"curies":[{"name":"wp","href":"https:\/\/api.w.org\/{rel}","templated":true}]}}