

{"id":35382,"date":"2018-02-07T16:44:11","date_gmt":"2018-02-07T18:44:11","guid":{"rendered":"https:\/\/siteshom.goias.gov.br\/educacao\/governo-de-goias-inaugura-mais-uma-escola-padrao-seculo-21-em-formosa-e-amplia-vagas-no-entorno-do-df\/"},"modified":"2018-02-07T16:44:11","modified_gmt":"2018-02-07T18:44:11","slug":"governo-de-goias-inaugura-mais-uma-escola-padrao-seculo-21-em-formosa-e-amplia-vagas-no-entorno-do-df","status":"publish","type":"post","link":"https:\/\/goias.gov.br\/educacao\/governo-de-goias-inaugura-mais-uma-escola-padrao-seculo-21-em-formosa-e-amplia-vagas-no-entorno-do-df\/","title":{"rendered":"Governo de Goi\u00e1s inaugura mais uma escola Padr\u00e3o S\u00e9culo 21 em Formosa e amplia vagas no entorno do DF"},"content":{"rendered":"<p><em>O investimento na constru\u00e7\u00e3o das seis unidades ultrapassa os R$ 25,2 milh\u00f5es <\/em><\/p>\n<p>Nesta quarta-feira, 7\/2, em Formosa, o governador Marconi Perillo, o vice-governador Jos\u00e9 Eliton e a secret\u00e1ria Raquel Teixeira entregaram \u00e0 comunidade do entorno do Distrito Federal a quarta unidade educacional Padr\u00e3o S\u00e9culo 21 neste ano. A obra foi constru\u00edda no Parque Lago, em Formosa.<\/p>\n<p>O Centro de Ensino em Per\u00edodo Integral (Cepi) Isabel Christina de Souza Ortiz foi constru\u00eddo numa ampla \u00e1rea de 2.958,55 m2, est\u00e1 or\u00e7ado em mais de R$4,2 milh\u00f5es e beneficiar\u00e1 480 estudantes do Ensino Fundamental (6\u00ba ao 9\u00ba ano) em tempo integral.<\/p>\n<p>M\u00e3e de quatro filhos entre 18 e 8 anos, Maria Gizelma Monteiro de Oliveira foi \u00e0 escola no dia da inaugura\u00e7\u00e3o em busca de vaga para o filho de 14 anos, F\u00e1bio Monteiro de Oliveira. Ela mora bem pr\u00f3ximo \u00e0 nova unidade e contou que foi atra\u00edda pela bela estrutura f\u00edsica da escola e pela possibilidade de o garoto ficar mais tempo no col\u00e9gio, onde ele poder\u00e1 aprender as disciplinas tradicionais durante um maior per\u00edodo de tempo e ainda participar de atividades art\u00edsticas e esportivas, entre outras. \u201cQuero que minha filha mais nova estude aqui tamb\u00e9m porque esse col\u00e9gio \u00e9 muito bom\u201d, disse.<\/p>\n<p><strong>Investimentos<\/strong><\/p>\n<p>Homenageado durante a solenidade de inaugura\u00e7\u00e3o do col\u00e9gio, junto com Jos\u00e9 Eliton e Raquel Teixeira, o governador Marconi Perillo lembrou que os investimentos feitos em constru\u00e7\u00e3o e melhoria das escolas goianas, al\u00e9m da valoriza\u00e7\u00e3o dos professores e administrativos, est\u00e3o dando excelentes resultados j\u00e1 que Goi\u00e1s figura na lideran\u00e7a da educa\u00e7\u00e3o no Brasil tendo alcan\u00e7ado primeiro e segundo lugares no \u00cdndice de Desenvolvimento da Educa\u00e7\u00e3o B\u00e1sica &#8211; Ideb. &#8220;Esse ano acredito que sairemos ainda melhor do que no ano passado, pois o Saego deixou claro o nosso crescimento na qualidade de nosso ensino. \u201d<\/p>\n<p>O vice-governador Jos\u00e9 Eliton refor\u00e7ou que a educa\u00e7\u00e3o \u00e9 uma \u00e1rea fundamental para o desenvolvimento da sociedade e dos indiv\u00edduos. Ressaltou ainda que se sente honrado de participar do Governo de Goi\u00e1s que construiu uma pol\u00edtica educacional que transformou a realidade local e criou um dos melhores sistemas educa\u00e7\u00e3o do pa\u00eds.<\/p>\n<p>A secret\u00e1ria Raquel Teixeira destacou que nenhum outro governo investiu tanto no ensino p\u00fablico em Goi\u00e1s. \u00a0&#8220;Temos um governador que investe em todas as \u00e1reas, mas tem especial aten\u00e7\u00e3o para a Educa\u00e7\u00e3o. Somente em 2017 foram destinados ao setor mais de R$ 4 bilh\u00f5es e, ao final desta gest\u00e3o, teremos entregue 67 novas escolas Padr\u00e3o S\u00e9culo 21. Isso \u00e9 hist\u00f3rico. Como educadora fico muito feliz em pertencer a uma equipe de governo que teve tanta sensibilidade com a educa\u00e7\u00e3o&#8221;.<\/p>\n<p><strong>Bandas Marciais<\/strong><\/p>\n<p>A secret\u00e1ria tamb\u00e9m informou, em primeira m\u00e3o, que o Governo de Goi\u00e1s destinar\u00e1 mais de R$ 13 milh\u00f5es para compra de equipamentos para as bandas marciais das escolas p\u00fablicas estaduais.<\/p>\n<p><strong>Formosa e Entorno<\/strong><\/p>\n<p>A previs\u00e3o do Governo de Goi\u00e1s \u00e9 encerrar o m\u00eas de fevereiro com seis novos col\u00e9gios Padr\u00e3o S\u00e9culo 21 na regi\u00e3o do entorno do Distrito Federal. O quinto e o sexto dever\u00e3o ser inaugurados em breve tamb\u00e9m em Formosa. Um no Parque da Colina e o outro no distrito de Santa Rosa. Juntas, as seis novas unidades de somam um investimento superior a mais de R$ 25,2 milh\u00f5es.<\/p>\n<p>Neste ano, no entorno do DF, as duas primeiras escolas Padr\u00e3o S\u00e9culo 21 foram inauguradas no dia 24 de janeiro em Valpara\u00edso e Cidade Ocidental. Menos de uma semana depois, no dia 30 de janeiro, a terceira unidade foi entregue em Santo Ant\u00f4nio do Descoberto.<\/p>\n<p>Essas institui\u00e7\u00f5es de ensino fazem parte de um grupo de 50 unidades, cujo investimento total, incluindo reformas de v\u00e1rias unidades e constru\u00e7\u00e3o de diversas quadras esportivas, ultrapassa os R$ 268 milh\u00f5es. Outras 17 novas escolas j\u00e1 se encontram em processo de licita\u00e7\u00e3o. Com isso, o n\u00famero de col\u00e9gios Padr\u00e3o S\u00e9culo 21 somar\u00e1 67 em todo o Estado. At\u00e9 o final de mar\u00e7o, 30 delas j\u00e1 dever\u00e3o estar em funcionamento.<\/p>\n<p><strong>Padr\u00e3o de excel\u00eancia<\/strong><\/p>\n<p>O projeto arquitet\u00f4nico adotado para as escolas Padr\u00e3o S\u00e9culo 21 da rede p\u00fablica estadual chama a aten\u00e7\u00e3o por seu estilo arejado e inovador que propicia um ensino de excel\u00eancia. A proposta foi criada no primeiro Governo Marconi Perillo, quando Raquel Teixeira tamb\u00e9m era secret\u00e1ria. Al\u00e9m de uma ampla \u00e1rea de conviv\u00eancia, que estimula a intera\u00e7\u00e3o entre os alunos e professores e cria um ambiente prop\u00edcio aos estudos, as unidades educacionais contam com uma excelente estrutura f\u00edsica, que incluem oito blocos (Administra\u00e7\u00e3o, Audit\u00f3rio\/biblioteca, Laborat\u00f3rios, P\u00e1tio coberto, Quatro banheiros, Vesti\u00e1rio, Quadra poliesportiva coberta, 12 salas de aula e Bloco passarela).<\/p>\n<p>Cada pr\u00e9dio tem capacidade para atender at\u00e9 1.600 alunos dos ensinos Fundamental (6\u00ba ao 9\u00ba ano) e M\u00e9dio e um custo total aproximado de R$ 4,2 milh\u00f5es.<\/p>\n<p><strong>Escolas inauguradas <\/strong><\/p>\n<p>&#8211; C. E. Bairro Cruzeiro do Sul (Valpara\u00edso) no<strong> Padr\u00e3o S\u00e9culo 21 <\/strong>situado no Parque S\u00e3o Bernardo vai atender 500 alunos de Ensino M\u00e9dio em tempo integral. \u00c1rea total: 2.971,17 m2. Valor: R$4.226.293,93. <strong>Dia 24\/01\/2018<\/strong><\/p>\n<p><strong>\u00a0<\/strong>&#8211; CPMG Jardim Dom Bosco (Cidade Ocidental) \u2013 Col\u00e9gio da Pol\u00edcia Militar de Goi\u00e1s no <strong>Padr\u00e3o S\u00e9culo 21<\/strong> vai funcionar com turmas de Ensino Fundamental (6\u00ba ao 9\u00ba ano) e M\u00e9dio. \u00c1rea total: 2.995,81 m2. Valor: R$ 4.287.400,81. <strong>Dia 24\/01\/2018<\/strong><\/p>\n<p><strong>\u00a0<\/strong>&#8211; C. E. Engenheiro Paulo C\u00e9sar Vaz de Melo (Santo Ant\u00f4nio do Descoberto) no <strong>Padr\u00e3o S\u00e9culo 21<\/strong> fica no Parque Estrela D\u2019Alva 16 e atender\u00e1 cerca de mil alunos do Ensino Fundamental 1 e 2 de uma escola conveniada com a prefeitura que est\u00e1 sendo fechada. O pr\u00e9dio foi cedido pelo Governo de Goi\u00e1s ao munic\u00edpio. \u00c1rea total: 2.958,55 m2. Valor: R$ 4.206.598,26.<strong> Dia 30\/01\/2018<\/strong><\/p>\n<p><strong>\u00a0<\/strong>&#8211; Cepi Professora Isabel Christina de Souza Ortiz (Formosa) no <strong>Padr\u00e3o S\u00e9culo 21<\/strong> fica no Parque Lago e j\u00e1 tem 480 alunos do Ensino Fundamental (6\u00ba ao 9\u00ba ano). A institui\u00e7\u00e3o de ensino \u00e9 a quarta escola em tempo integral de Formosa. \u00c1rea constru\u00edda: 2.958,55 m2. Valor: R$ 4.232.029,93. <strong>Dia 7\/02\/2018<\/strong><\/p>\n<p>&#8211; Col\u00e9gio Estadual Delc\u00eddes Ferreira de Morais (Caldas Novas) no <strong>Padr\u00e3o S\u00e9culo 21<\/strong> tem capacidade para atender 920 alunos, do 6\u00ba ao 9\u00ba do Ensino Fundamental e Ensino M\u00e9dio, com funcionamento nos tr\u00eas turnos. <strong>Junho de 2017 <\/strong><\/p>\n<p><strong>Grandes reformas entregues <\/strong><\/p>\n<p>&#8211; C. E. Padre Nestor Maranh\u00e3o Arzola (Buriti Alegre) ganhou reforma geral que incluiu as duas quadras poliesportivas, sendo que uma delas receber\u00e1, em breve, cobertura. A unidade tamb\u00e9m ganhou uma cantina, que vai beneficiar os 740 alunos. Valor R$ 1,5 milh\u00e3o. <strong>Dia 6\/2\/2018<\/strong><\/p>\n<p>\u2013 Col\u00e9gio Estadual Dr. Pedro Ludovico Teixeira (Doverl\u00e2ndia) ganhou reforma geral que incluiu os blocos administrativo e de salas de aula, os sanit\u00e1rios e vesti\u00e1rios, a cozinha e a quadra poliesportiva. Com a reforma, a unidade passou a atender 350 alunos dos ensinos Fundamental, M\u00e9dio e EJA (Educa\u00e7\u00e3o de Jovens e Adultos) distribu\u00eddos em tr\u00eas turno. <strong>\u00a0Dezembro de 2017<\/strong><\/p>\n<p>Goi\u00e2nia, 7 de fevereiro de 2018<\/p>\n<p>Comunica\u00e7\u00e3o Setorial da Seduce<\/p>\n\n<p>&nbsp;<\/p>\n","protected":false},"excerpt":{"rendered":"<p>O investimento na constru\u00e7\u00e3o das seis unidades ultrapassa os R$ 25,2 milh\u00f5es Nesta quarta-feira, 7\/2, em Formosa, o governador Marconi Perillo, o vice-governador Jos\u00e9 Eliton e a secret\u00e1ria Raquel Teixeira entregaram \u00e0 comunidade do entorno do Distrito Federal a quarta unidade educacional Padr\u00e3o S\u00e9culo 21 neste ano. A obra foi constru\u00edda no Parque Lago, em [&hellip;]<\/p>\n","protected":false},"author":861,"featured_media":0,"comment_status":"closed","ping_status":"open","sticky":false,"template":"","format":"standard","meta":{"footnotes":""},"categories":[4801],"tags":[7093,4851,4850,5730,4852,5277,6782,6991,6757,6798],"class_list":["post-35382","post","type-post","status-publish","format-standard","hentry","category-noticias","tag-cepi-isabel-christina-de-souza-ortiz","tag-destaque","tag-educacao","tag-formosa","tag-governo-de-goias","tag-inauguracao","tag-jose-eliton","tag-marconi-perillo","tag-padrao-seculo-21","tag-raquel-teixeira"],"rttpg_featured_image_url":null,"rttpg_author":{"display_name":"gustavomgomes","author_link":"https:\/\/goias.gov.br\/educacao\/author\/gustavomgomes\/"},"rttpg_comment":0,"rttpg_category":"<a href=\"https:\/\/goias.gov.br\/educacao\/categoria\/noticias\/\" rel=\"category tag\">Not\u00edcias<\/a>","rttpg_excerpt":"O investimento na constru\u00e7\u00e3o das seis unidades ultrapassa os R$ 25,2 milh\u00f5es Nesta quarta-feira, 7\/2, em Formosa, o governador Marconi Perillo, o vice-governador Jos\u00e9 Eliton e a secret\u00e1ria Raquel Teixeira entregaram \u00e0 comunidade do entorno do Distrito Federal a quarta unidade educacional Padr\u00e3o S\u00e9culo 21 neste ano. A obra foi constru\u00edda no Parque Lago, em&hellip;","_links":{"self":[{"href":"https:\/\/goias.gov.br\/educacao\/wp-json\/wp\/v2\/posts\/35382","targetHints":{"allow":["GET"]}}],"collection":[{"href":"https:\/\/goias.gov.br\/educacao\/wp-json\/wp\/v2\/posts"}],"about":[{"href":"https:\/\/goias.gov.br\/educacao\/wp-json\/wp\/v2\/types\/post"}],"author":[{"embeddable":true,"href":"https:\/\/goias.gov.br\/educacao\/wp-json\/wp\/v2\/users\/861"}],"replies":[{"embeddable":true,"href":"https:\/\/goias.gov.br\/educacao\/wp-json\/wp\/v2\/comments?post=35382"}],"version-history":[{"count":0,"href":"https:\/\/goias.gov.br\/educacao\/wp-json\/wp\/v2\/posts\/35382\/revisions"}],"wp:attachment":[{"href":"https:\/\/goias.gov.br\/educacao\/wp-json\/wp\/v2\/media?parent=35382"}],"wp:term":[{"taxonomy":"category","embeddable":true,"href":"https:\/\/goias.gov.br\/educacao\/wp-json\/wp\/v2\/categories?post=35382"},{"taxonomy":"post_tag","embeddable":true,"href":"https:\/\/goias.gov.br\/educacao\/wp-json\/wp\/v2\/tags?post=35382"}],"curies":[{"name":"wp","href":"https:\/\/api.w.org\/{rel}","templated":true}]}}