

{"id":35308,"date":"2018-03-09T12:47:49","date_gmt":"2018-03-09T15:47:49","guid":{"rendered":"https:\/\/siteshom.goias.gov.br\/educacao\/goias-ja-ganhou-11-novas-escolas-padrao-seculo-xxi-em-2018\/"},"modified":"2018-03-09T12:47:49","modified_gmt":"2018-03-09T15:47:49","slug":"goias-ja-ganhou-11-novas-escolas-padrao-seculo-xxi-em-2018","status":"publish","type":"post","link":"https:\/\/goias.gov.br\/educacao\/goias-ja-ganhou-11-novas-escolas-padrao-seculo-xxi-em-2018\/","title":{"rendered":"Goi\u00e1s j\u00e1 ganhou 11 novas escolas Padr\u00e3o S\u00e9culo XXI em 2018"},"content":{"rendered":"<p><em>Al\u00e9m das duas unidades inauguradas nesta sexta-feira, 9\/3, ainda este m\u00eas ser\u00e3o entregues novas escolas em Luzi\u00e2nia. Outras 17 institui\u00e7\u00f5es j\u00e1 se encontram em processo de licita\u00e7\u00e3o.<\/em><\/p>\n<p>&nbsp;<\/p>\n<p>A partir desta sexta-feira, 9\/3, a popula\u00e7\u00e3o de Novo Gama e da Cidade Ocidental, no Entorno do DF, passa a contar com duas novas escolas Padr\u00e3o S\u00e9culo 21. Em Novo Gama foi contemplada a comunidade do Setor Montserrat e na Cidade Ocidental, a do Bairro Mans\u00f5es Recreio S\u00e3o Mateus.<\/p>\n<p>As novas unidades educacionais foram inauguradas pelo governador Marconi Perillo e pela secret\u00e1ria estadual de Educa\u00e7\u00e3o, Cultura e Esporte, Raquel Teixeira, com a presen\u00e7a de alunos, professores, gestores educacionais e diversas autoridades pol\u00edticas da regi\u00e3o.<\/p>\n<p>Nas duas solenidades, Raquel Teixeira ressaltou a import\u00e2ncia da comunidade receber uma escola de alto padr\u00e3o arquitet\u00f4nico e de excel\u00eancia no ensino. &#8220;A Seduce e o Governo de Goi\u00e1s se sentem orgulhosos em poder entregar hoje \u00e0s nossas crian\u00e7as e jovens uma escola bonita, de espa\u00e7o amplo e arejado, que chega para formar com qualidade as pessoas para um mundo cada vez mais competitivo e exigente como o s\u00e9culo 21&#8221;.<\/p>\n<p>No Centro de Ensino em Per\u00edodo Integral (Cepi), inaugurado na Cidade Ocidental, a secret\u00e1ria destacou que o aluno que tem a oportunidade de estudar numa institui\u00e7\u00e3o desse n\u00edvel \u00e9 privilegiado porque far\u00e1 a diferen\u00e7a no mundo do trabalho, al\u00e9m de receber uma forma\u00e7\u00e3o diferenciada como cidad\u00e3o.<\/p>\n<p>Raquel anunciou ainda que, para garantir a integridade do patrim\u00f4nio f\u00edsico e a seguran\u00e7a dos alunos e do corpo docente de todas as escolas estaduais do Entorno do DF, a Seduce firmou conv\u00eanio com uma empresa de seguran\u00e7a remota e eletr\u00f4nica. &#8220;Come\u00e7aremos esse trabalho de monitoramento j\u00e1 a partir da pr\u00f3xima semana para garantir maior tranquilidade aos nossos estudantes e educadores&#8221;, afirmou.<\/p>\n<p>J\u00e1 o governador Marconi Perillo lembrou que a educa\u00e7\u00e3o p\u00fablica em Goi\u00e1s come\u00e7ou a mudar a partir de 1999, quando foi colocada em primeiro lugar por ele e a secret\u00e1ria Raquel Teixeira. &#8220;Passamos a tratar a \u00e1rea educacional como prioridade por entendermos que a educa\u00e7\u00e3o \u00e9 o instrumento democratizador de oportunidades mais eficaz que existe, pois coloca em p\u00e9 de igualdade o estudante rico e o pobre&#8221;.<\/p>\n<p>O governador ressaltou ainda que j\u00e1 foram entregues em sua gest\u00e3o 91 col\u00e9gios estaduais Padr\u00e3o S\u00e9culo 21, sendo 30 deles no Entorno do Distrito Federal. Segundo ele, al\u00e9m de beneficiar os alunos, a escola foi pensada tamb\u00e9m como espa\u00e7o de conviv\u00eancia para as fam\u00edlias aos finais de semana.<\/p>\n<p><strong>Montserrat<\/strong><\/p>\n<p>O Col\u00e9gio Estadual Montserrat \u00e9 a nona escola Padr\u00e3o S\u00e9culo 21 inaugurada este ano na regi\u00e3o do Entorno do Distrito Federal. Agora, s\u00f3 em Novo Gama, s\u00e3o tr\u00eas nesse mesmo modelo, nesse mesmo modelo, pois as unidades C. E. Carlos Drummond de Andrade, no Bairro Pedregal, e CPMG Jos\u00e9 de Alencar, no Setor Lunabel.<\/p>\n<p>Com 3.186,30 m\u00b2 de \u00e1rea constru\u00edda, a nova escola est\u00e1 or\u00e7ada em mais de R$ 4 milh\u00f5es e atender\u00e1 inicialmente cerca de 650 alunos do Ensino Fundamental II, Ensino M\u00e9dio, Educa\u00e7\u00e3o de Jovens e Adultos e a nova modalidade do Ensino M\u00e9dio &#8211; Profen &#8211; no noturno.<\/p>\n<p>Segundo a diretora do col\u00e9gio, Val\u00e9ria Aurora, a concretiza\u00e7\u00e3o da obra \u00e9 a realiza\u00e7\u00e3o de um sonho antigo dos moradores da regi\u00e3o e por isso a procura por vagas \u00e9 crescente, tendo j\u00e1 registradas mais de 600 pedidos de pr\u00e9-matr\u00edcula.<\/p>\n<p>Ana Carolina Ribeiro, 18 anos, chegou do Maranh\u00e3o no m\u00eas passado. Ela mora no Bairro Boa Vista I, h\u00e1 cinco minutos da nova unidade educacional, e conta que ficou encantada quando viu a escola &#8220;linda&#8221;, que iria estudar, t\u00e3o perto de casa. Ela fez sua matr\u00edcula no col\u00e9gio no 3\u00b0 ano do Ensino M\u00e9dio. &#8220;Quero fazer Faculdade de Direito e sei que aqui, nesse lugar t\u00e3o bonito, vou ter ainda mais motiva\u00e7\u00e3o para estudar&#8221;.<\/p>\n<p>Mesma opini\u00e3o tem Janiely Aparecida Ribeiro, 13 anos, irm\u00e3 de Ana Carolina e que tamb\u00e9m se matriculou no col\u00e9gio, s\u00f3 que no 8\u00b0 ano do Fundamental. A menina diz que&#8221;amou&#8221; a institui\u00e7\u00e3o logo de cara e ficou ainda mais feliz em saber que tinha vaga para ela. &#8220;Essa escola \u00e9 muito mais bonita do que a que eu estudava. N\u00e3o d\u00e1 vontade nem de ir embora&#8221;, diz olhando para os lados e admirando a constru\u00e7\u00e3o.<\/p>\n<p><strong>Cidade Ocidental<\/strong><\/p>\n<p>No Bairro Mans\u00f5es de Recreio S\u00e3o Mateus, na Cidade Ocidental, foi inaugurado o Centro de Ensino em Per\u00edodo Integral (Cepi) S\u00e3o Mateus que, em breve, receber\u00e1 o nome da professora Maria de Jesus Alves em homenagem a uma das educadoras mais queridas e respeitadas do munic\u00edpio.<\/p>\n<p>O Cepi tem \u00e1rea constru\u00edda de 3.009,03 m2 e custou ao Governo de Goi\u00e1s R$ 4,1 milh\u00f5es. A escola atender\u00e1 turmas do Ensino Fundamental II em tempo integral. As aulas tiveram in\u00edcio no dia 5 de mar\u00e7o deste ano com cerca de 250 alunos oriundos de escolas municipais e da pr\u00f3pria rede estadual.<\/p>\n<p>Maria Fernanda, m\u00e3e de Arielly Fernanda e Matheus Augusto, foi conhecer as instala\u00e7\u00f5es da escola onde pretende matricular seus dois filhos, de 12 e 13 anos respectivamente. &#8220;Aqui eu tenho certeza de que eles ser\u00e3o muito bem educados. Sempre sonhei em v\u00ea-los estudar num col\u00e9gio de tempo integral e agora estou realizando esse sonho. Estou feliz demais&#8221;.<\/p>\n<p>No munic\u00edpio de Cidade Ocidental funcionam hoje cinco escolas estaduais, sendo duas delas Padr\u00e3o S\u00e9culo 21: C. E. Dom Bosco, inaugurado em janeiro deste ano, e agora o Cepi S\u00e3o Mateus.<\/p>\n<p><strong>Ritmo acelerado<\/strong><\/p>\n<p>Os investimentos do governo estadual na melhoria da qualidade do ensino nos munic\u00edpios do Entorno do DF continuam em ritmo acelerado. Al\u00e9m das duas unidades inauguradas nesta sexta-feira, 9\/3, ainda este m\u00eas ser\u00e3o entregues novas escolas em Luzi\u00e2nia. Outras 17 institui\u00e7\u00f5es j\u00e1 se encontram em processo de licita\u00e7\u00e3o, dentro da meta de alcan\u00e7ar 67 unidades desse modelo arquitet\u00f4nico inovador.<\/p>\n<p><strong>Novas escolas no Entorno<\/strong><\/p>\n<p>Al\u00e9m de Novo Gama, os munic\u00edpios que ganharam novas escolas Padr\u00e3o S\u00e9culo 21 este ano foram Valpara\u00edso, Cidade Ocidental, Santo Ant\u00f4nio do Descoberto, Formosa (tr\u00eas unidades), Planaltina e Cristalina (duas unidades).<\/p>\n<p><strong>Verba para reforma<\/strong><\/p>\n<p>Na \u00faltima ter\u00e7a-feira, 6\/3, durante o evento Educa\u00e7\u00e3o Inovadora, no Gin\u00e1sio Goi\u00e2nia Arena, o Governo de Goi\u00e1s e a Secretaria de Educa\u00e7\u00e3o, Cultura e Esporte assinou a libera\u00e7\u00e3o de R$ 48 milh\u00f5es, que ser\u00e3o destinados \u00e0 reforma de 450 escolas da rede p\u00fablica estadual.<\/p>\n<p>O valor j\u00e1 foi encaminhado \u00e0s escolas e deve ser utilizado para reforma em geral, variando de acordo com a necessidade de cada pr\u00e9dio. Foram contemplados 22 munic\u00edpios goianos: \u00c1guas Lindas de Goi\u00e1s, An\u00e1polis, Aparecida de Goi\u00e2nia, Caldas Novas, Catal\u00e3o, Cidade Ocidental, Formosa, Goian\u00e9sia, Goi\u00e2nia, Itumbiara, Jata\u00ed, Luzi\u00e2nia, Mineiros, Novo Gama, Planaltina, Rio Verde, Santo Ant\u00f4nio do Descoberto, Senador Canedo, Trindade e Valpara\u00edso de Goi\u00e1s.<\/p>\n<p><strong>Escolas Padr\u00e3o S\u00e9culo 21 inauguradas em 2018<\/strong><\/p>\n<p>\u2013\u00a0C. E. Bairro Cruzeiro do Sul (Valpara\u00edso) &#8211; Parque S\u00e3o Bernardo. 500 alunos de Ensino M\u00e9dio em tempo integral. (Dia 24\/1\/2018)<\/p>\n<p>\u2013 CPMG Jardim Dom Bosco (Cidade Ocidental) \u2013 Col\u00e9gio da Pol\u00edcia Militar de Goi\u00e1s. Oferta: Ensino Fundamental (6\u00ba ao 9\u00ba ano) e Ensino M\u00e9dio. (Dia 24\/1\/2018)<\/p>\n<p>\u2013 C. E. Engenheiro Paulo C\u00e9sar Vaz de Melo (Santo Ant\u00f4nio do Descoberto) &#8211; Parque Estrela D\u2019Alva 16. S\u00e3o cerca de mil alunos do Ensino Fundamental 1 e 2. O pr\u00e9dio foi cedido pelo Governo de Goi\u00e1s ao munic\u00edpio. \u00c1rea total: 2.958,55 m\u00b2. Valor: R$ 4.206.598,26. (Dia 30\/1\/2018)<\/p>\n<p>\u2013 Cepi Professora Isabel Christina de Souza Ortiz (Formosa) &#8211; Parque Lago. Tem 480 alunos do Ensino Fundamental (6\u00ba ao 9\u00ba ano). (Dia 7\/2\/2018)<\/p>\n<p>\u2013 Cepi Helena Nasser (Formosa) \u2013 Parque da Colina. Atende 420 alunos do Ensino M\u00e9dio. (Dia 20\/2\/2018)<\/p>\n<p>\u2013 C. E. Doutor Dirceu Ferreira de Ara\u00fajo \u2013 (Planaltina de Goi\u00e1s). S\u00e3o 420 alunos do Ensino M\u00e9dio em tempo integral. (Dia 20\/2\/2018)<\/p>\n<p>&#8211; Col\u00e9gio Estadual Campos Lindos (Formosa). Loteamento Mans\u00f5es Maraj\u00f3 &#8211; distrito de Campos Lindos. (22\/2\/18)<\/p>\n<p>\u2013 Col\u00e9gio Estadual Adelvina Flores Ribeiro (Cristalina). Bairro Rio de Janeiro, em Cristalina. (22\/2\/18)<\/p>\n<p>&#8211; C. E. Distrito de Santa Rosa (Formosa). Distrito de Santa Rosa. (06\/03\/18)<\/p>\n<p>&#8211; C. E. Montserrat (Novo Gama) &#8211; Setor Montserrat. (09\/03\/18)<\/p>\n<p>&#8211; Cepi S\u00e3o Mateus (Cidade Ocidental) &#8211; Bairro Mans\u00f5es de Recreio S\u00e3o Mateus. (09\/03\/18)<\/p>\n<p><strong>Grandes reformas entregues<\/strong><\/p>\n<p>\u2013 C. E. Padre Nestor Maranh\u00e3o Arzola (Buriti Alegre) &#8211; Valor R$ 1,5 milh\u00e3o. (6\/2\/2018)<\/p>\n<p>\u2013 Col\u00e9gio Estadual Dr. Pedro Ludovico Teixeira (Doverl\u00e2ndia) &#8211; Dezembro de 2017.<\/p>\n<p>\u2013 Amplia\u00e7\u00e3o do Centro Educacional Modelo e Col\u00e9gio Estadual Planaltina. As obras custaram R$ 282 mil. (20\/2\/2018)<\/p>\n<p>&nbsp;<\/p>\n\n","protected":false},"excerpt":{"rendered":"<p>Al\u00e9m das duas unidades inauguradas nesta sexta-feira, 9\/3, ainda este m\u00eas ser\u00e3o entregues novas escolas em Luzi\u00e2nia. Outras 17 institui\u00e7\u00f5es j\u00e1 se encontram em processo de licita\u00e7\u00e3o. &nbsp; A partir desta sexta-feira, 9\/3, a popula\u00e7\u00e3o de Novo Gama e da Cidade Ocidental, no Entorno do DF, passa a contar com duas novas escolas Padr\u00e3o S\u00e9culo [&hellip;]<\/p>\n","protected":false},"author":861,"featured_media":0,"comment_status":"closed","ping_status":"open","sticky":false,"template":"","format":"standard","meta":{"footnotes":""},"categories":[4801],"tags":[4966,4851,4850,7043,7042,4965],"class_list":["post-35308","post","type-post","status-publish","format-standard","hentry","category-noticias","tag-cidade-ocidental","tag-destaque","tag-educacao","tag-entorno","tag-escolas-padrao-seculo-xxi","tag-novo-gama"],"rttpg_featured_image_url":null,"rttpg_author":{"display_name":"gustavomgomes","author_link":"https:\/\/goias.gov.br\/educacao\/author\/gustavomgomes\/"},"rttpg_comment":0,"rttpg_category":"<a href=\"https:\/\/goias.gov.br\/educacao\/categoria\/noticias\/\" rel=\"category tag\">Not\u00edcias<\/a>","rttpg_excerpt":"Al\u00e9m das duas unidades inauguradas nesta sexta-feira, 9\/3, ainda este m\u00eas ser\u00e3o entregues novas escolas em Luzi\u00e2nia. Outras 17 institui\u00e7\u00f5es j\u00e1 se encontram em processo de licita\u00e7\u00e3o. &nbsp; A partir desta sexta-feira, 9\/3, a popula\u00e7\u00e3o de Novo Gama e da Cidade Ocidental, no Entorno do DF, passa a contar com duas novas escolas Padr\u00e3o S\u00e9culo&hellip;","_links":{"self":[{"href":"https:\/\/goias.gov.br\/educacao\/wp-json\/wp\/v2\/posts\/35308","targetHints":{"allow":["GET"]}}],"collection":[{"href":"https:\/\/goias.gov.br\/educacao\/wp-json\/wp\/v2\/posts"}],"about":[{"href":"https:\/\/goias.gov.br\/educacao\/wp-json\/wp\/v2\/types\/post"}],"author":[{"embeddable":true,"href":"https:\/\/goias.gov.br\/educacao\/wp-json\/wp\/v2\/users\/861"}],"replies":[{"embeddable":true,"href":"https:\/\/goias.gov.br\/educacao\/wp-json\/wp\/v2\/comments?post=35308"}],"version-history":[{"count":0,"href":"https:\/\/goias.gov.br\/educacao\/wp-json\/wp\/v2\/posts\/35308\/revisions"}],"wp:attachment":[{"href":"https:\/\/goias.gov.br\/educacao\/wp-json\/wp\/v2\/media?parent=35308"}],"wp:term":[{"taxonomy":"category","embeddable":true,"href":"https:\/\/goias.gov.br\/educacao\/wp-json\/wp\/v2\/categories?post=35308"},{"taxonomy":"post_tag","embeddable":true,"href":"https:\/\/goias.gov.br\/educacao\/wp-json\/wp\/v2\/tags?post=35308"}],"curies":[{"name":"wp","href":"https:\/\/api.w.org\/{rel}","templated":true}]}}