

{"id":34963,"date":"2018-06-27T21:00:55","date_gmt":"2018-06-28T00:00:55","guid":{"rendered":"https:\/\/siteshom.goias.gov.br\/educacao\/instituto-gustav-ritter-participa-do-governo-junto-de-voce\/"},"modified":"2018-06-27T21:00:55","modified_gmt":"2018-06-28T00:00:55","slug":"instituto-gustav-ritter-participa-do-governo-junto-de-voce","status":"publish","type":"post","link":"https:\/\/goias.gov.br\/educacao\/instituto-gustav-ritter-participa-do-governo-junto-de-voce\/","title":{"rendered":"Instituto Gustav Ritter participa do Governo Junto de Voc\u00ea"},"content":{"rendered":"<p>O Instituto Gustav Ritter, unidade de ensino e forma\u00e7\u00e3o cultural da Secretaria de Estado de Educa\u00e7\u00e3o, Cultura e Esporte (Seduce), marca presen\u00e7a no Governo Junto de Voc\u00ea, no dia 28 de junho, quinta-feira, \u00e0s 17h com a apresenta\u00e7\u00e3o cultural do Grupo Mistura e Manda, um dos principais grupos de pr\u00e1tica de conjunto do Gustav Ritter.<\/p>\n<p>Formado por professores, o Mistura e Manda surgiu com o objetivo de pesquisa, performance e divulga\u00e7\u00e3o de diversos g\u00eaneros de m\u00fasica brasileira, dentro e fora do ambiente escolar, por meio da realiza\u00e7\u00e3o de concertos, apresenta\u00e7\u00f5es e recitais did\u00e1ticos. Coordenado pelo professor Marcos Silas (sax tenor), \u00e9 integrado por Jos\u00e9 de Geus \u201cZ\u00e9 do Choro\u201d (sax soprano), Jos\u00e9 Ant\u00f4nio Vieira Jr. (sax alto), Gilson Pires (trompete), Weller Meneses (trombone), Adair J\u00fanior (guitarra), Eriki Nery (contrabaixo), Gel Fernandes (bateria), Jeferson Sousa (teclado). O grupo conta ainda com a participa\u00e7\u00e3o especial do professor Glauber Borges (sax bar\u00edtono) e com o trabalho de professores como Weller Meneses, respons\u00e1vel pela elabora\u00e7\u00e3o e adapta\u00e7\u00e3o de arranjos para esta forma\u00e7\u00e3o instrumental.<\/p>\n<p>Nesse programa em espec\u00edfico, que ser\u00e1 apresentado no Governo Junto de Voc\u00ea, o repert\u00f3rio enfatiza cl\u00e1ssicos da M\u00fasica Popular Brasileira como Chega de Saudade, Flor de Lis, \u00c1gua de beber, Nan\u00e3, Frutos da Terra, Fita Amarela, dentre outros.<\/p>\n<p>Edmar Carneiro, diretor do Instituto Gustav Ritter, destaca que fica muito feliz com os convites que os grupos da escola recebem, em especial o Mistura e Manda, que sempre est\u00e1 presente nos diversos eventos do Governo de Goi\u00e1s e tamb\u00e9m nas prefeituras no interior do Estado. \u201c\u00c9 o reconhecimento do trabalho realizado por nossos professores que primam pela excel\u00eancia e por levar m\u00fasica de qualidade para todos os p\u00fablicos.\u201d<\/p>\n<p><strong>Fazendo arte<\/strong><\/p>\n<p>H\u00e1 30 anos o Instituto Gustav Ritter, unidade da Secretaria de Educa\u00e7\u00e3o, Cultura e Esporte de Goi\u00e1s (Seduce), promove a forma\u00e7\u00e3o art\u00edstica e cultural de crian\u00e7as, jovens e adultos, por meio de seus N\u00facleos de M\u00fasica, Dan\u00e7a e Teatro reunindo diariamente 2.211 alunos, nos turnos matutino, vespertino e noturno.<\/p>\n<p>&nbsp;<\/p>\n<p>&nbsp;<\/p>\n<p>&nbsp;<\/p>\n<p><strong>\u00a0\u00a0\u00a0 <\/strong><\/p>\n","protected":false},"excerpt":{"rendered":"<p>O Instituto Gustav Ritter, unidade de ensino e forma\u00e7\u00e3o cultural da Secretaria de Estado de Educa\u00e7\u00e3o, Cultura e Esporte (Seduce), marca presen\u00e7a no Governo Junto de Voc\u00ea, no dia 28 de junho, quinta-feira, \u00e0s 17h com a apresenta\u00e7\u00e3o cultural do Grupo Mistura e Manda, um dos principais grupos de pr\u00e1tica de conjunto do Gustav Ritter. [&hellip;]<\/p>\n","protected":false},"author":861,"featured_media":0,"comment_status":"closed","ping_status":"open","sticky":false,"template":"","format":"standard","meta":{"footnotes":""},"categories":[4801],"tags":[4851,4850,4852,6777,5794,5518,5665],"class_list":["post-34963","post","type-post","status-publish","format-standard","hentry","category-noticias","tag-destaque","tag-educacao","tag-governo-de-goias","tag-governo-junto-de-voce","tag-gustav-ritter","tag-musica","tag-seduce-goias"],"rttpg_featured_image_url":null,"rttpg_author":{"display_name":"gustavomgomes","author_link":"https:\/\/goias.gov.br\/educacao\/author\/gustavomgomes\/"},"rttpg_comment":0,"rttpg_category":"<a href=\"https:\/\/goias.gov.br\/educacao\/categoria\/noticias\/\" rel=\"category tag\">Not\u00edcias<\/a>","rttpg_excerpt":"O Instituto Gustav Ritter, unidade de ensino e forma\u00e7\u00e3o cultural da Secretaria de Estado de Educa\u00e7\u00e3o, Cultura e Esporte (Seduce), marca presen\u00e7a no Governo Junto de Voc\u00ea, no dia 28 de junho, quinta-feira, \u00e0s 17h com a apresenta\u00e7\u00e3o cultural do Grupo Mistura e Manda, um dos principais grupos de pr\u00e1tica de conjunto do Gustav Ritter.&hellip;","_links":{"self":[{"href":"https:\/\/goias.gov.br\/educacao\/wp-json\/wp\/v2\/posts\/34963","targetHints":{"allow":["GET"]}}],"collection":[{"href":"https:\/\/goias.gov.br\/educacao\/wp-json\/wp\/v2\/posts"}],"about":[{"href":"https:\/\/goias.gov.br\/educacao\/wp-json\/wp\/v2\/types\/post"}],"author":[{"embeddable":true,"href":"https:\/\/goias.gov.br\/educacao\/wp-json\/wp\/v2\/users\/861"}],"replies":[{"embeddable":true,"href":"https:\/\/goias.gov.br\/educacao\/wp-json\/wp\/v2\/comments?post=34963"}],"version-history":[{"count":0,"href":"https:\/\/goias.gov.br\/educacao\/wp-json\/wp\/v2\/posts\/34963\/revisions"}],"wp:attachment":[{"href":"https:\/\/goias.gov.br\/educacao\/wp-json\/wp\/v2\/media?parent=34963"}],"wp:term":[{"taxonomy":"category","embeddable":true,"href":"https:\/\/goias.gov.br\/educacao\/wp-json\/wp\/v2\/categories?post=34963"},{"taxonomy":"post_tag","embeddable":true,"href":"https:\/\/goias.gov.br\/educacao\/wp-json\/wp\/v2\/tags?post=34963"}],"curies":[{"name":"wp","href":"https:\/\/api.w.org\/{rel}","templated":true}]}}