

{"id":31809,"date":"2019-12-03T06:50:42","date_gmt":"2019-12-03T09:50:42","guid":{"rendered":"https:\/\/siteshom.goias.gov.br\/educacao\/educacao-debate-reformulacao-da-ada\/"},"modified":"2019-12-03T06:50:42","modified_gmt":"2019-12-03T09:50:42","slug":"educacao-debate-reformulacao-da-ada","status":"publish","type":"post","link":"https:\/\/goias.gov.br\/educacao\/educacao-debate-reformulacao-da-ada\/","title":{"rendered":"Educa\u00e7\u00e3o debate reformula\u00e7\u00e3o da ADA"},"content":{"rendered":"<p><\/p><p><p>Uma nova formata\u00e7\u00e3o para a \u2018Avalia\u00e7\u00e3o Diagn\u00f3stica da Aprendizagem (ADA)\u2019  e sua aplica\u00e7\u00e3o na rede p\u00fablica estadual de ensino a partir do pr\u00f3ximo ano, 2020, come\u00e7a a ser trabalhada na Secretaria de Estado da Educa\u00e7\u00e3o de Goi\u00e1s (Seduc). <\/p><\/p><p><\/p><p><\/p><p><p>Esse assunto reuniu na tarde desta segunda-feira, 02 \/12, a secret\u00e1ria de Estado da Educa\u00e7\u00e3o, F\u00e1tima Gavioli, e as equipes das superintend\u00eancias de Gest\u00e3o Estrat\u00e9gica e Avalia\u00e7\u00e3o de Resultados; e de Tecnologia e do Centro de Estudos, Pesquisa e Forma\u00e7\u00e3o dos Profissionais de Educa\u00e7\u00e3o. <\/p><\/p><p><\/p><p><\/p><p><p>Durante a reuni\u00e3o, o gerente de Estudos e Pesquisa para o Desenvolvimento dos Profissionais da Educa\u00e7\u00e3o, Wagner Alceu Dias, que coordenou a ADA em 2019, fez a apresenta\u00e7\u00e3o da Avalia\u00e7\u00e3o, realizada durante o ano em curso. A apresenta\u00e7\u00e3o desta a\u00e7\u00e3o at\u00e9 agora, os avan\u00e7os alcan\u00e7ados com a ferramenta e o levantamento dos pontos a serem reformulados dever\u00e3o nortear novos encontros e ser a base para a Avalia\u00e7\u00e3o, nos moldes da ADA, em 2020. <\/p><\/p><p><\/p><p><\/p><p><p>Foco na Aprendizagem <br><\/p><p>De acordo com a secret\u00e1ria F\u00e1tima Gavioli, 2020 ser\u00e1, sobretudo, um ano com foco na melhoria do processo de ensino e aprendizagem. \u201cAgora em 2019, tivemos que reorganizar a casa nas quest\u00f5es financeiras, administrativas e de gest\u00e3o, sob pena de a rede n\u00e3o funcionar. Conseguimos muita coisa e, em 2020, poderemos nos dedicar, muito mais, \u00e0 melhoria da aprendizagem\u201d, afirmou. <\/p><\/p><p><\/p><p><\/p><p><p>Segundo a secret\u00e1ria, todas as a\u00e7\u00f5es importantes para os avan\u00e7os na educa\u00e7\u00e3o ofertada na rede estadual, como as de avalia\u00e7\u00e3o, dever\u00e3o ser redimensionadas  e potencializadas na Seduc. \u201cA ADA, por exemplo, pode al\u00e9m de fazer a avalia\u00e7\u00e3o por amostragem, como \u00e9 feita, ser reestruturada em rela\u00e7\u00e3o ao seu alcance e ou mesmo passar a ser universal. O que importa \u00e9 que ela seja, efetivamente, uma forma de podermos interferir no que os alunos est\u00e3o aprendendo em rela\u00e7\u00e3o ao que deveriam ter aprendido, elevando, ao m\u00e1ximo, o seu aproveitamento\u201d, destacou.<\/p><\/p><p><\/p><p><\/p><p><p>Na apresenta\u00e7\u00e3o da ADA 2019, o gerente Wagner Dias lembrou o teor formativo da avalia\u00e7\u00e3o. Nesse sentido, os pr\u00f3ximos encontros dever\u00e3o envolver tamb\u00e9m os t\u00e9cnicos respons\u00e1veis pela produ\u00e7\u00e3o de material com vistas a tornar a avalia\u00e7\u00e3o ainda mais precisa e eficiente nas escolas estaduais. <\/p><\/p><p><\/p>","protected":false},"excerpt":{"rendered":"<p>Uma nova formata\u00e7\u00e3o para a \u2018Avalia\u00e7\u00e3o Diagn\u00f3stica da Aprendizagem (ADA)\u2019 e sua aplica\u00e7\u00e3o na rede p\u00fablica estadual de ensino a partir do pr\u00f3ximo ano, 2020, come\u00e7a a ser trabalhada na Secretaria de Estado da Educa\u00e7\u00e3o de Goi\u00e1s (Seduc). Esse assunto reuniu na tarde desta segunda-feira, 02 \/12, a secret\u00e1ria de Estado da Educa\u00e7\u00e3o, F\u00e1tima Gavioli, [&hellip;]<\/p>\n","protected":false},"author":759,"featured_media":31808,"comment_status":"closed","ping_status":"open","sticky":false,"template":"","format":"standard","meta":{"footnotes":""},"categories":[4801],"tags":[5801,4851,4850,4864,4863,4867,4852],"class_list":["post-31809","post","type-post","status-publish","format-standard","has-post-thumbnail","hentry","category-noticias","tag-ada","tag-destaque","tag-educacao","tag-educacao-basica","tag-educacao-goias","tag-ensino-medio","tag-governo-de-goias"],"rttpg_featured_image_url":{"full":["https:\/\/goias.gov.br\/educacao\/wp-content\/uploads\/sites\/40\/2019\/12\/ADA-6ea.jpg",500,300,false],"landscape":["https:\/\/goias.gov.br\/educacao\/wp-content\/uploads\/sites\/40\/2019\/12\/ADA-6ea.jpg",500,300,false],"portraits":["https:\/\/goias.gov.br\/educacao\/wp-content\/uploads\/sites\/40\/2019\/12\/ADA-6ea.jpg",500,300,false],"thumbnail":["https:\/\/goias.gov.br\/educacao\/wp-content\/uploads\/sites\/40\/2019\/12\/ADA-6ea-150x150.jpg",150,150,true],"medium":["https:\/\/goias.gov.br\/educacao\/wp-content\/uploads\/sites\/40\/2019\/12\/ADA-6ea-300x180.jpg",300,180,true],"large":["https:\/\/goias.gov.br\/educacao\/wp-content\/uploads\/sites\/40\/2019\/12\/ADA-6ea.jpg",500,300,false],"1536x1536":["https:\/\/goias.gov.br\/educacao\/wp-content\/uploads\/sites\/40\/2019\/12\/ADA-6ea.jpg",500,300,false],"2048x2048":["https:\/\/goias.gov.br\/educacao\/wp-content\/uploads\/sites\/40\/2019\/12\/ADA-6ea.jpg",500,300,false]},"rttpg_author":{"display_name":"caiosoliveira","author_link":"https:\/\/goias.gov.br\/educacao\/author\/caiosoliveira\/"},"rttpg_comment":0,"rttpg_category":"<a href=\"https:\/\/goias.gov.br\/educacao\/categoria\/noticias\/\" rel=\"category tag\">Not\u00edcias<\/a>","rttpg_excerpt":"Uma nova formata\u00e7\u00e3o para a \u2018Avalia\u00e7\u00e3o Diagn\u00f3stica da Aprendizagem (ADA)\u2019 e sua aplica\u00e7\u00e3o na rede p\u00fablica estadual de ensino a partir do pr\u00f3ximo ano, 2020, come\u00e7a a ser trabalhada na Secretaria de Estado da Educa\u00e7\u00e3o de Goi\u00e1s (Seduc). Esse assunto reuniu na tarde desta segunda-feira, 02 \/12, a secret\u00e1ria de Estado da Educa\u00e7\u00e3o, F\u00e1tima Gavioli,&hellip;","_links":{"self":[{"href":"https:\/\/goias.gov.br\/educacao\/wp-json\/wp\/v2\/posts\/31809","targetHints":{"allow":["GET"]}}],"collection":[{"href":"https:\/\/goias.gov.br\/educacao\/wp-json\/wp\/v2\/posts"}],"about":[{"href":"https:\/\/goias.gov.br\/educacao\/wp-json\/wp\/v2\/types\/post"}],"author":[{"embeddable":true,"href":"https:\/\/goias.gov.br\/educacao\/wp-json\/wp\/v2\/users\/759"}],"replies":[{"embeddable":true,"href":"https:\/\/goias.gov.br\/educacao\/wp-json\/wp\/v2\/comments?post=31809"}],"version-history":[{"count":0,"href":"https:\/\/goias.gov.br\/educacao\/wp-json\/wp\/v2\/posts\/31809\/revisions"}],"wp:featuredmedia":[{"embeddable":true,"href":"https:\/\/goias.gov.br\/educacao\/wp-json\/wp\/v2\/media\/31808"}],"wp:attachment":[{"href":"https:\/\/goias.gov.br\/educacao\/wp-json\/wp\/v2\/media?parent=31809"}],"wp:term":[{"taxonomy":"category","embeddable":true,"href":"https:\/\/goias.gov.br\/educacao\/wp-json\/wp\/v2\/categories?post=31809"},{"taxonomy":"post_tag","embeddable":true,"href":"https:\/\/goias.gov.br\/educacao\/wp-json\/wp\/v2\/tags?post=31809"}],"curies":[{"name":"wp","href":"https:\/\/api.w.org\/{rel}","templated":true}]}}