

{"id":31197,"date":"2020-03-16T05:37:40","date_gmt":"2020-03-16T08:37:40","guid":{"rendered":"https:\/\/siteshom.goias.gov.br\/educacao\/nota-oficial-suspensao-das-aulas\/"},"modified":"2020-03-16T05:37:40","modified_gmt":"2020-03-16T08:37:40","slug":"nota-oficial-suspensao-das-aulas","status":"publish","type":"post","link":"https:\/\/goias.gov.br\/educacao\/nota-oficial-suspensao-das-aulas\/","title":{"rendered":"Nota &#8211; Suspens\u00e3o das aulas"},"content":{"rendered":"<p><\/p><p><p>Senhores(as),<br> \u00a0<br>Ao cumpriment\u00e1-los(as), e cumprindo a determina\u00e7\u00e3o do Governo de Goi\u00e1s e da Secretaria de Estado da Sa\u00fade &#8211; SES, informamos que as aulas em todas as Unidades Educacionais da Rede Estadual de Ensino ser\u00e3o suspensas por 15 (quinze) dias, a partir desta quarta-feira, 18\/03\/2020, em virtude da ado\u00e7\u00e3o de medidas de preven\u00e7\u00e3o e enfrentamento ao Coronav\u00edrus, podendo ser prorrogada por orienta\u00e7\u00e3o das autoridades sanit\u00e1rias do Estado.<br>Informamos, ainda, que as Unidades Educacionais estar\u00e3o abertas nos dias 16, segunda-feira, e 17, ter\u00e7a-feira,\u00a0com os professores recepcionando os alunos, a fim de orientar e n\u00e3o deixar os estudantes e pais sem apoio nesse momento, sem preju\u00edzo \u00e0queles que optarem pelo n\u00e3o comparecimento.<br> Desse modo, na quarta-feira, dia 18\/03\/2020, com toda a comunidade escolar informada, inicia-se o per\u00edodo de suspens\u00e3o das aulas na Rede Estadual de Ensino.\u00a0<br> Essa decis\u00e3o considera, entre outros, a declara\u00e7\u00e3o da Organiza\u00e7\u00e3o Mundial de Sa\u00fade, em 11 de mar\u00e7o de 2020, que decreta situa\u00e7\u00e3o de pandemia quanto \u00e0 infec\u00e7\u00e3o pelo novo coronav\u00edrus, Covid-19; a Lei n.\u00ba 13.979, de 6 de fevereiro de 2020, que disp\u00f5e acerca das medidas para enfrentamento da emerg\u00eancia em sa\u00fade p\u00fablica de import\u00e2ncia internacional, decorrente do coronav\u00edrus, respons\u00e1vel pelo surto de 2019; e o Decreto n.\u00ba 9.633, de 13 de mar\u00e7o de 2020, no qual o Governador Ronaldo Ramos Caiado decreta situa\u00e7\u00e3o de emerg\u00eancia na sa\u00fade p\u00fablica do Estado de Goi\u00e1s, em raz\u00e3o da dissemina\u00e7\u00e3o do v\u00edrus.<\/p><\/p><p><\/p>","protected":false},"excerpt":{"rendered":"<p>Senhores(as), \u00a0Ao cumpriment\u00e1-los(as), e cumprindo a determina\u00e7\u00e3o do Governo de Goi\u00e1s e da Secretaria de Estado da Sa\u00fade &#8211; SES, informamos que as aulas em todas as Unidades Educacionais da Rede Estadual de Ensino ser\u00e3o suspensas por 15 (quinze) dias, a partir desta quarta-feira, 18\/03\/2020, em virtude da ado\u00e7\u00e3o de medidas de preven\u00e7\u00e3o e enfrentamento [&hellip;]<\/p>\n","protected":false},"author":757,"featured_media":31196,"comment_status":"closed","ping_status":"open","sticky":false,"template":"","format":"standard","meta":{"footnotes":""},"categories":[4801],"tags":[5605,4851,4961,5269],"class_list":["post-31197","post","type-post","status-publish","format-standard","has-post-thumbnail","hentry","category-noticias","tag-coronavirus","tag-destaque","tag-saude-e-bem-estar","tag-sem-categoria"],"rttpg_featured_image_url":{"full":["https:\/\/goias.gov.br\/educacao\/wp-content\/uploads\/sites\/40\/2020\/03\/0cf3a199-1906-4009-826e-c6ae701ea2aa-6bb.jpg",1023,1024,false],"landscape":["https:\/\/goias.gov.br\/educacao\/wp-content\/uploads\/sites\/40\/2020\/03\/0cf3a199-1906-4009-826e-c6ae701ea2aa-6bb.jpg",1023,1024,false],"portraits":["https:\/\/goias.gov.br\/educacao\/wp-content\/uploads\/sites\/40\/2020\/03\/0cf3a199-1906-4009-826e-c6ae701ea2aa-6bb.jpg",1023,1024,false],"thumbnail":["https:\/\/goias.gov.br\/educacao\/wp-content\/uploads\/sites\/40\/2020\/03\/0cf3a199-1906-4009-826e-c6ae701ea2aa-6bb-150x150.jpg",150,150,true],"medium":["https:\/\/goias.gov.br\/educacao\/wp-content\/uploads\/sites\/40\/2020\/03\/0cf3a199-1906-4009-826e-c6ae701ea2aa-6bb-300x300.jpg",300,300,true],"large":["https:\/\/goias.gov.br\/educacao\/wp-content\/uploads\/sites\/40\/2020\/03\/0cf3a199-1906-4009-826e-c6ae701ea2aa-6bb.jpg",1023,1024,false],"1536x1536":["https:\/\/goias.gov.br\/educacao\/wp-content\/uploads\/sites\/40\/2020\/03\/0cf3a199-1906-4009-826e-c6ae701ea2aa-6bb.jpg",1023,1024,false],"2048x2048":["https:\/\/goias.gov.br\/educacao\/wp-content\/uploads\/sites\/40\/2020\/03\/0cf3a199-1906-4009-826e-c6ae701ea2aa-6bb.jpg",1023,1024,false]},"rttpg_author":{"display_name":"alexandersouza","author_link":"https:\/\/goias.gov.br\/educacao\/author\/alexandersouza\/"},"rttpg_comment":0,"rttpg_category":"<a href=\"https:\/\/goias.gov.br\/educacao\/categoria\/noticias\/\" rel=\"category tag\">Not\u00edcias<\/a>","rttpg_excerpt":"Senhores(as), \u00a0Ao cumpriment\u00e1-los(as), e cumprindo a determina\u00e7\u00e3o do Governo de Goi\u00e1s e da Secretaria de Estado da Sa\u00fade &#8211; SES, informamos que as aulas em todas as Unidades Educacionais da Rede Estadual de Ensino ser\u00e3o suspensas por 15 (quinze) dias, a partir desta quarta-feira, 18\/03\/2020, em virtude da ado\u00e7\u00e3o de medidas de preven\u00e7\u00e3o e enfrentamento&hellip;","_links":{"self":[{"href":"https:\/\/goias.gov.br\/educacao\/wp-json\/wp\/v2\/posts\/31197","targetHints":{"allow":["GET"]}}],"collection":[{"href":"https:\/\/goias.gov.br\/educacao\/wp-json\/wp\/v2\/posts"}],"about":[{"href":"https:\/\/goias.gov.br\/educacao\/wp-json\/wp\/v2\/types\/post"}],"author":[{"embeddable":true,"href":"https:\/\/goias.gov.br\/educacao\/wp-json\/wp\/v2\/users\/757"}],"replies":[{"embeddable":true,"href":"https:\/\/goias.gov.br\/educacao\/wp-json\/wp\/v2\/comments?post=31197"}],"version-history":[{"count":0,"href":"https:\/\/goias.gov.br\/educacao\/wp-json\/wp\/v2\/posts\/31197\/revisions"}],"wp:featuredmedia":[{"embeddable":true,"href":"https:\/\/goias.gov.br\/educacao\/wp-json\/wp\/v2\/media\/31196"}],"wp:attachment":[{"href":"https:\/\/goias.gov.br\/educacao\/wp-json\/wp\/v2\/media?parent=31197"}],"wp:term":[{"taxonomy":"category","embeddable":true,"href":"https:\/\/goias.gov.br\/educacao\/wp-json\/wp\/v2\/categories?post=31197"},{"taxonomy":"post_tag","embeddable":true,"href":"https:\/\/goias.gov.br\/educacao\/wp-json\/wp\/v2\/tags?post=31197"}],"curies":[{"name":"wp","href":"https:\/\/api.w.org\/{rel}","templated":true}]}}