

{"id":30880,"date":"2020-05-22T09:35:14","date_gmt":"2020-05-22T12:35:14","guid":{"rendered":"https:\/\/siteshom.goias.gov.br\/educacao\/preparacao-para-o-enem-sera-estendida-ate-a-data-das-provas\/"},"modified":"2020-05-22T09:35:14","modified_gmt":"2020-05-22T12:35:14","slug":"preparacao-para-o-enem-sera-estendida-ate-a-data-das-provas","status":"publish","type":"post","link":"https:\/\/goias.gov.br\/educacao\/preparacao-para-o-enem-sera-estendida-ate-a-data-das-provas\/","title":{"rendered":"Prepara\u00e7\u00e3o para o Enem ser\u00e1 estendida at\u00e9 a data das provas"},"content":{"rendered":"<p><\/p><p><p><em>\u2013 An\u00fancio de adiamento das provas tem o apoio do governo estadual<br>\u2013 Maioria dos alunos da rede estadual j\u00e1 fez a inscri\u00e7\u00e3o para o Enem 2020<br>\u2013 Inscri\u00e7\u00e3o pode ser feita at\u00e9 esta sexta-feira, 22\/05<\/em><\/p><\/p><p><\/p><p><\/p><p><p>Com o adiamento das provas do Exame Nacional do Ensino M\u00e9dio (Enem) 2020, divulgado nesta quarta-feira, 20\/05, pelo Instituto Nacional de Estudos e Pesquisas Educacionais An\u00edsio Teixeira (Inep) e Minist\u00e9rio da Educa\u00e7\u00e3o (MEC), a secret\u00e1ria de Estado da Educa\u00e7\u00e3o de Goi\u00e1s, F\u00e1tima Gavioli, anunciou que os programas e atividades de prepara\u00e7\u00e3o dos estudantes das escolas estaduais para o Enem dever\u00e3o ser estendidos at\u00e9 a data das provas.<\/p><\/p><p><\/p><p><\/p><p><p>De acordo com a secret\u00e1ria, o Governo de Goi\u00e1s, por meio da Secretaria da Educa\u00e7\u00e3o (Seduc), apoia o adiamento da realiza\u00e7\u00e3o das provas em fun\u00e7\u00e3o dos impactos da pandemia do coronav\u00edrus j\u00e1 que o Enem envolve milhares de participantes em todo o pa\u00eds, mas, defende sua realiza\u00e7\u00e3o ainda em 2020. \u201cMesmo antes da decis\u00e3o do Inep a nossa posi\u00e7\u00e3o era de que o Enem fosse realizado neste ano, ainda que em datas diferentes das j\u00e1 marcadas\u201d, afirmou.<\/p><\/p><p><\/p><p><\/p><p><p>A secret\u00e1ria da Educa\u00e7\u00e3o destacou que em Goi\u00e1s o processo das aulas n\u00e3o presenciais, al\u00e9m de dar continuidade ao ano letivo durante o enfrentamento da pandemia, inclui tamb\u00e9m a prepara\u00e7\u00e3o dos alunos do Ensino M\u00e9dio, sobretudo da 3\u00aa s\u00e9rie, da rede p\u00fablica estadual de ensino para fazerem bem as provas do Enem.<\/p><\/p><p><\/p><p><\/p><p><p>\u201cSempre nos posicionamos contra o cancelamento do Enem, mesmo porque estamos fazendo, aqui, um esfor\u00e7o gigantesco com as aulas n\u00e3o presenciais para assegurar a continuidade do desenvolvimento das atividades do processo de ensino e aprendizagem para todos os nossos estudantes e tamb\u00e9m estamos investindo fortemente nos programas espec\u00edficos para os alunos que far\u00e3o o Enem\u201d, ressaltou F\u00e1tima Gavioli.<\/p><\/p><p><\/p><p><\/p><p><p>Segundo a nota oficial do Inep\/MEC ser\u00e3o adiadas as datas das provas tanto na vers\u00e3o impressa quanto digital, em 30 ou 60 dias, em rela\u00e7\u00e3o ao que estava previsto. A nota informa, ainda, que uma consulta aos inscritos no Enem 2020 ser\u00e1 realizada, em junho, por meio da P\u00e1gina do Estudante. Em nova nota divulgada nesta sexta-feira, 22\/05, o Inep\/MEC informa a prorroga\u00e7\u00e3o das inscri\u00e7\u00f5es que, ent\u00e3o, poder\u00e3o ser feitas, at\u00e9 \u00e0s 23h59 da quarta-feira, 27\/05.<\/p><\/p><p><\/p><p><\/p><p><p><a href=\"https:\/\/enem.inep.gov.br\/\" target=\"_blank\" rel=\"noreferrer noopener\">Clique aqui para entrar na pagina do Enem 2020<\/a><\/p><\/p><p><\/p><p><\/p><p><p><a href=\"https:\/\/enem.inep.gov.br\/participante\/#!\/\">Clique aqui para fazer sua inscri\u00e7\u00e3o no Enem 2020<\/a><\/p><\/p><p><\/p><p><\/p><p><p><a href=\"https:\/\/enem.inep.gov.br\/crono#cronograma\">Clique aqui e acompanha o calend\u00e1rio do Enem 2020<\/a><\/p><\/p><p><\/p><p><\/p><p><p><strong>Goi\u00e1s Bem no Enem<br><\/strong>Levantamento da Seduc indica que, at\u00e9 o an\u00fancio do adiamento das provas, mais de 75% dos alunos das escolas da rede p\u00fablica estadual de ensino j\u00e1 tinham feito a sua inscri\u00e7\u00e3o para o Enem 2020. As escolas, as coordena\u00e7\u00f5es regionais de Educa\u00e7\u00e3o (CREs) e a Seduc, por meio de suas superintend\u00eancias, est\u00e3o fazendo um trabalho de mobiliza\u00e7\u00e3o para a participa\u00e7\u00e3o dos alunos no Enem, considerado importante para a vida dos jovens.<\/p><\/p><p><\/p><p><\/p><p><p>A Seduc lembra aos alunos das escolas estaduais que, de acordo com o edital do Enem 2020, os estudantes que estiverem cursando a 3\u00aa s\u00e9rie do Ensino M\u00e9dio em uma escola p\u00fablica est\u00e3o isentos da taxa de inscri\u00e7\u00e3o. Outros requisitos tamb\u00e9m permitem ao participante a isen\u00e7\u00e3o. Os interessados devem consultar o Edital dispon\u00edvel no portal do Inep.<\/p><\/p><p><\/p><p><\/p><p><p>Uma aten\u00e7\u00e3o especial para os alunos concluintes do Ensino M\u00e9dio da rede estadual, que ocorre desde o ano passado por meio de projetos como o \u2018Goi\u00e1s Bem no Enem\u2019 e \u2018Goi\u00e1sTec\u2019, tem o objetivo de melhorar a participa\u00e7\u00e3o desses alunos na entrada da universidade e no mundo do trabalho, e tem contribu\u00eddo para que o estudante das escolas estaduais de Goi\u00e1s seja estimulado a aprender e a se preparar para as sele\u00e7\u00f5es como o Enem.<\/p><\/p><p><\/p><p><\/p><p><p>\u201cAqui h\u00e1 um empenho muito grande para uma boa performance dos alunos das escolas estaduais, quer seja com o est\u00edmulo a que se dediquem a fazer boas provas, quer seja incrementando as aulas regulares do Ensino M\u00e9dio com ferramentas mais adequadas, com linguagem mais apropriada para os jovens\u201d, explica a secret\u00e1ria da Educa\u00e7\u00e3o.<\/p><\/p><p><\/p><p><\/p><p><p>Conforme ressalta, os estudantes da rede estadual neste momento da pandemia contam com as aulas em ambientes virtuais, por canais remotos, com aulas televisionadas, portal de conte\u00fados e com programas como o \u2018Goi\u00e1s Bem no Enem\u2019 e \u2018Goi\u00e1sTec\u2019, entre outros. Ainda segundo a secret\u00e1ria, a rede estadual est\u00e1 preparando os alunos para a continuidade e conclus\u00e3o do ano letivo e tamb\u00e9m para dar seguimento aos estudos no pr\u00f3ximo ano, para avan\u00e7ar para o ensino superior e para a inser\u00e7\u00e3o no trabalho.<\/p><\/p><p><\/p><p><\/p><p><p>\u201cTemos um grande trabalho sendo realizado que nos faz apoiar o adiamento, em virtude das decis\u00f5es das \u00e1reas da sa\u00fade, e tamb\u00e9m defendermos, com muita seriedade, a realiza\u00e7\u00e3o do Enem. O que n\u00e3o apoiar\u00edamos, certamente, seria o seu cancelamento\u201d, reitera F\u00e1tima Gavioli, que tamb\u00e9m afirmou que os programas, a\u00e7\u00f5es e atividades voltados para o Enem continuar\u00e3o sendo desenvolvidos at\u00e9 a data da realiza\u00e7\u00e3o das provas. \u201cNosso apoio aos nossos alunos \u00e9 integral, o que queremos \u00e9 o sucesso deles na vida\u201d, disse a secret\u00e1ria.<\/p><\/p><p><\/p><p><\/p><p><p>Goi\u00e2nia, 21 de maio de 2020.<br>Comunica\u00e7\u00e3o Setorial da Seduc<\/p><\/p><p><\/p>","protected":false},"excerpt":{"rendered":"<p>\u2013 An\u00fancio de adiamento das provas tem o apoio do governo estadual\u2013 Maioria dos alunos da rede estadual j\u00e1 fez a inscri\u00e7\u00e3o para o Enem 2020\u2013 Inscri\u00e7\u00e3o pode ser feita at\u00e9 esta sexta-feira, 22\/05 Com o adiamento das provas do Exame Nacional do Ensino M\u00e9dio (Enem) 2020, divulgado nesta quarta-feira, 20\/05, pelo Instituto Nacional de [&hellip;]<\/p>\n","protected":false},"author":759,"featured_media":30879,"comment_status":"closed","ping_status":"open","sticky":false,"template":"","format":"standard","meta":{"footnotes":""},"categories":[4801],"tags":[4851,5031,4867,4940,4852],"class_list":["post-30880","post","type-post","status-publish","format-standard","has-post-thumbnail","hentry","category-noticias","tag-destaque","tag-enem","tag-ensino-medio","tag-estudantes","tag-governo-de-goias"],"rttpg_featured_image_url":{"full":["https:\/\/goias.gov.br\/educacao\/wp-content\/uploads\/sites\/40\/2020\/05\/IMG_0078-366-scaled.jpg",2560,1707,false],"landscape":["https:\/\/goias.gov.br\/educacao\/wp-content\/uploads\/sites\/40\/2020\/05\/IMG_0078-366-scaled.jpg",2560,1707,false],"portraits":["https:\/\/goias.gov.br\/educacao\/wp-content\/uploads\/sites\/40\/2020\/05\/IMG_0078-366-scaled.jpg",2560,1707,false],"thumbnail":["https:\/\/goias.gov.br\/educacao\/wp-content\/uploads\/sites\/40\/2020\/05\/IMG_0078-366-150x150.jpg",150,150,true],"medium":["https:\/\/goias.gov.br\/educacao\/wp-content\/uploads\/sites\/40\/2020\/05\/IMG_0078-366-300x200.jpg",300,200,true],"large":["https:\/\/goias.gov.br\/educacao\/wp-content\/uploads\/sites\/40\/2020\/05\/IMG_0078-366-1024x683.jpg",1024,683,true],"1536x1536":["https:\/\/goias.gov.br\/educacao\/wp-content\/uploads\/sites\/40\/2020\/05\/IMG_0078-366-1536x1024.jpg",1536,1024,true],"2048x2048":["https:\/\/goias.gov.br\/educacao\/wp-content\/uploads\/sites\/40\/2020\/05\/IMG_0078-366-2048x1365.jpg",2048,1365,true]},"rttpg_author":{"display_name":"caiosoliveira","author_link":"https:\/\/goias.gov.br\/educacao\/author\/caiosoliveira\/"},"rttpg_comment":0,"rttpg_category":"<a href=\"https:\/\/goias.gov.br\/educacao\/categoria\/noticias\/\" rel=\"category tag\">Not\u00edcias<\/a>","rttpg_excerpt":"\u2013 An\u00fancio de adiamento das provas tem o apoio do governo estadual\u2013 Maioria dos alunos da rede estadual j\u00e1 fez a inscri\u00e7\u00e3o para o Enem 2020\u2013 Inscri\u00e7\u00e3o pode ser feita at\u00e9 esta sexta-feira, 22\/05 Com o adiamento das provas do Exame Nacional do Ensino M\u00e9dio (Enem) 2020, divulgado nesta quarta-feira, 20\/05, pelo Instituto Nacional de&hellip;","_links":{"self":[{"href":"https:\/\/goias.gov.br\/educacao\/wp-json\/wp\/v2\/posts\/30880","targetHints":{"allow":["GET"]}}],"collection":[{"href":"https:\/\/goias.gov.br\/educacao\/wp-json\/wp\/v2\/posts"}],"about":[{"href":"https:\/\/goias.gov.br\/educacao\/wp-json\/wp\/v2\/types\/post"}],"author":[{"embeddable":true,"href":"https:\/\/goias.gov.br\/educacao\/wp-json\/wp\/v2\/users\/759"}],"replies":[{"embeddable":true,"href":"https:\/\/goias.gov.br\/educacao\/wp-json\/wp\/v2\/comments?post=30880"}],"version-history":[{"count":0,"href":"https:\/\/goias.gov.br\/educacao\/wp-json\/wp\/v2\/posts\/30880\/revisions"}],"wp:featuredmedia":[{"embeddable":true,"href":"https:\/\/goias.gov.br\/educacao\/wp-json\/wp\/v2\/media\/30879"}],"wp:attachment":[{"href":"https:\/\/goias.gov.br\/educacao\/wp-json\/wp\/v2\/media?parent=30880"}],"wp:term":[{"taxonomy":"category","embeddable":true,"href":"https:\/\/goias.gov.br\/educacao\/wp-json\/wp\/v2\/categories?post=30880"},{"taxonomy":"post_tag","embeddable":true,"href":"https:\/\/goias.gov.br\/educacao\/wp-json\/wp\/v2\/tags?post=30880"}],"curies":[{"name":"wp","href":"https:\/\/api.w.org\/{rel}","templated":true}]}}