

{"id":30514,"date":"2020-08-20T08:18:06","date_gmt":"2020-08-20T11:18:06","guid":{"rendered":"https:\/\/siteshom.goias.gov.br\/educacao\/correios-cancelam-concurso-internacional-de-redacao-de-cartas\/"},"modified":"2020-08-20T08:18:06","modified_gmt":"2020-08-20T11:18:06","slug":"correios-cancelam-concurso-internacional-de-redacao-de-cartas","status":"publish","type":"post","link":"https:\/\/goias.gov.br\/educacao\/correios-cancelam-concurso-internacional-de-redacao-de-cartas\/","title":{"rendered":"Correios cancelam Concurso Internacional de Reda\u00e7\u00e3o de Cartas"},"content":{"rendered":"<p><\/p><p><p><em>Motivo alegado foi o fechamento das unidades escolares. Sele\u00e7\u00e3o de textos pelas institui\u00e7\u00f5es de ensino \u00e9 uma das principais etapas do concurso<\/em><\/p><\/p><p><\/p><p><\/p><p><p>A Uni\u00e3o Postal Universal (UPU) decidiu cancelar a edi\u00e7\u00e3o 2020 do Concurso Internacional de Reda\u00e7\u00e3o de Cartas, no Brasil. O tradicional certame foi cancelado devido ao fechamento das unidades educacionais como uma das medidas de seguran\u00e7a para evitar a propaga\u00e7\u00e3o da Covid-19.<\/p><\/p><p><\/p><p><\/p><p><p>&#8220;Diante desse novo cen\u00e1rio, as escolas foram fechadas em todo o territ\u00f3rio nacional, impossibilitando a continuidade \u00e0s pr\u00f3ximas fases do concurso&#8221;, diz a nota encaminhada pelos Correios \u00e0 Secretaria de Educa\u00e7\u00e3o do Estado de Goi\u00e1s (Seduc).<\/p><\/p><p><\/p><p><\/p><p><p>Os organizadores informam que as unidades escolares que chegaram a postar as reda\u00e7\u00f5es ser\u00e3o comunicadas por e-mail e tamb\u00e9m por telegrama.<br>O Concurso Internacional de Cartas \u00e9 realizado desde 1972 e este ano \u00e9 a sua 49\u00ba edi\u00e7\u00e3o. Seu objetivo \u00e9 despertar nas crian\u00e7as e jovens, com at\u00e9 15 anos, o interesse pela escrita por meio de correspond\u00eancias impressas.<\/p><\/p><p><\/p><p><\/p><p><p>O certame conta com v\u00e1rias fases e a sele\u00e7\u00e3o pelas escolas \u00e9 uma das principais. Depois vem as etapas estaduais, nacional e internacional. A primeira melhor carta de cada Estado se classifica para a fase nacional, onde s\u00e3o selecionadas tr\u00eas produ\u00e7\u00f5es. O primeiro lugar concorre ao grande pr\u00eamio mundial.<\/p><\/p><p><\/p>","protected":false},"excerpt":{"rendered":"<p>Motivo alegado foi o fechamento das unidades escolares. Sele\u00e7\u00e3o de textos pelas institui\u00e7\u00f5es de ensino \u00e9 uma das principais etapas do concurso A Uni\u00e3o Postal Universal (UPU) decidiu cancelar a edi\u00e7\u00e3o 2020 do Concurso Internacional de Reda\u00e7\u00e3o de Cartas, no Brasil. O tradicional certame foi cancelado devido ao fechamento das unidades educacionais como uma das [&hellip;]<\/p>\n","protected":false},"author":759,"featured_media":30513,"comment_status":"closed","ping_status":"open","sticky":false,"template":"","format":"standard","meta":{"footnotes":""},"categories":[4801],"tags":[5019,4851,4850,4940,4852],"class_list":["post-30514","post","type-post","status-publish","format-standard","has-post-thumbnail","hentry","category-noticias","tag-cidadania","tag-destaque","tag-educacao","tag-estudantes","tag-governo-de-goias"],"rttpg_featured_image_url":{"full":["https:\/\/goias.gov.br\/educacao\/wp-content\/uploads\/sites\/40\/2020\/08\/148993-correios_jpg-a66.jpeg",1110,650,false],"landscape":["https:\/\/goias.gov.br\/educacao\/wp-content\/uploads\/sites\/40\/2020\/08\/148993-correios_jpg-a66.jpeg",1110,650,false],"portraits":["https:\/\/goias.gov.br\/educacao\/wp-content\/uploads\/sites\/40\/2020\/08\/148993-correios_jpg-a66.jpeg",1110,650,false],"thumbnail":["https:\/\/goias.gov.br\/educacao\/wp-content\/uploads\/sites\/40\/2020\/08\/148993-correios_jpg-a66-150x150.jpeg",150,150,true],"medium":["https:\/\/goias.gov.br\/educacao\/wp-content\/uploads\/sites\/40\/2020\/08\/148993-correios_jpg-a66-300x176.jpeg",300,176,true],"large":["https:\/\/goias.gov.br\/educacao\/wp-content\/uploads\/sites\/40\/2020\/08\/148993-correios_jpg-a66-1024x600.jpeg",1024,600,true],"1536x1536":["https:\/\/goias.gov.br\/educacao\/wp-content\/uploads\/sites\/40\/2020\/08\/148993-correios_jpg-a66.jpeg",1110,650,false],"2048x2048":["https:\/\/goias.gov.br\/educacao\/wp-content\/uploads\/sites\/40\/2020\/08\/148993-correios_jpg-a66.jpeg",1110,650,false]},"rttpg_author":{"display_name":"caiosoliveira","author_link":"https:\/\/goias.gov.br\/educacao\/author\/caiosoliveira\/"},"rttpg_comment":0,"rttpg_category":"<a href=\"https:\/\/goias.gov.br\/educacao\/categoria\/noticias\/\" rel=\"category tag\">Not\u00edcias<\/a>","rttpg_excerpt":"Motivo alegado foi o fechamento das unidades escolares. Sele\u00e7\u00e3o de textos pelas institui\u00e7\u00f5es de ensino \u00e9 uma das principais etapas do concurso A Uni\u00e3o Postal Universal (UPU) decidiu cancelar a edi\u00e7\u00e3o 2020 do Concurso Internacional de Reda\u00e7\u00e3o de Cartas, no Brasil. O tradicional certame foi cancelado devido ao fechamento das unidades educacionais como uma das&hellip;","_links":{"self":[{"href":"https:\/\/goias.gov.br\/educacao\/wp-json\/wp\/v2\/posts\/30514","targetHints":{"allow":["GET"]}}],"collection":[{"href":"https:\/\/goias.gov.br\/educacao\/wp-json\/wp\/v2\/posts"}],"about":[{"href":"https:\/\/goias.gov.br\/educacao\/wp-json\/wp\/v2\/types\/post"}],"author":[{"embeddable":true,"href":"https:\/\/goias.gov.br\/educacao\/wp-json\/wp\/v2\/users\/759"}],"replies":[{"embeddable":true,"href":"https:\/\/goias.gov.br\/educacao\/wp-json\/wp\/v2\/comments?post=30514"}],"version-history":[{"count":0,"href":"https:\/\/goias.gov.br\/educacao\/wp-json\/wp\/v2\/posts\/30514\/revisions"}],"wp:featuredmedia":[{"embeddable":true,"href":"https:\/\/goias.gov.br\/educacao\/wp-json\/wp\/v2\/media\/30513"}],"wp:attachment":[{"href":"https:\/\/goias.gov.br\/educacao\/wp-json\/wp\/v2\/media?parent=30514"}],"wp:term":[{"taxonomy":"category","embeddable":true,"href":"https:\/\/goias.gov.br\/educacao\/wp-json\/wp\/v2\/categories?post=30514"},{"taxonomy":"post_tag","embeddable":true,"href":"https:\/\/goias.gov.br\/educacao\/wp-json\/wp\/v2\/tags?post=30514"}],"curies":[{"name":"wp","href":"https:\/\/api.w.org\/{rel}","templated":true}]}}