

{"id":294554,"date":"2025-02-22T18:34:36","date_gmt":"2025-02-22T21:34:36","guid":{"rendered":"https:\/\/goias.gov.br\/educacao\/?p=294554"},"modified":"2025-02-27T18:36:46","modified_gmt":"2025-02-27T21:36:46","slug":"294554-2","status":"publish","type":"post","link":"https:\/\/goias.gov.br\/educacao\/294554-2\/","title":{"rendered":""},"content":{"rendered":"\n<figure class=\"wp-block-image size-large\"><img fetchpriority=\"high\" decoding=\"async\" width=\"1024\" height=\"683\" src=\"https:\/\/goias.gov.br\/educacao\/wp-content\/uploads\/sites\/40\/2025\/02\/IMG_3157-1-1024x683.jpg\" alt=\"\" class=\"wp-image-294581\" srcset=\"https:\/\/goias.gov.br\/educacao\/wp-content\/uploads\/sites\/40\/2025\/02\/IMG_3157-1-1024x683.jpg 1024w, https:\/\/goias.gov.br\/educacao\/wp-content\/uploads\/sites\/40\/2025\/02\/IMG_3157-1-300x200.jpg 300w, https:\/\/goias.gov.br\/educacao\/wp-content\/uploads\/sites\/40\/2025\/02\/IMG_3157-1-768x512.jpg 768w, https:\/\/goias.gov.br\/educacao\/wp-content\/uploads\/sites\/40\/2025\/02\/IMG_3157-1-1536x1024.jpg 1536w, https:\/\/goias.gov.br\/educacao\/wp-content\/uploads\/sites\/40\/2025\/02\/IMG_3157-1-2048x1365.jpg 2048w\" sizes=\"(max-width: 1024px) 100vw, 1024px\" \/><\/figure>\n\n\n\n<p><em>Durante a reuni\u00e3o, os participantes foram divididos em grupos conforme suas \u00e1reas de atua\u00e7\u00e3o, permitindo uma discuss\u00e3o mais espec\u00edfica e direcionada \u00e0s necessidades de cada setor<\/em><\/p>\n\n\n\n<p>A Secretaria de Estado da Educa\u00e7\u00e3o de Goi\u00e1s (Seduc\/GO) realizou nesta sexta-feira, (21\/02), uma grande reuni\u00e3o de imers\u00e3o sobre o Regulamento da Pasta, com vistas ao debate e atualiza\u00e7\u00e3o das compet\u00eancias previstas em cada uma de suas \u00e1reas e unidades administrativas de forma alinhada aos planos nacional e estadual de Educa\u00e7\u00e3o. O objetivo do encontro foi definir as prioridades para os pr\u00f3ximos anos, tendo como base o planejamento estrat\u00e9gico j\u00e1 elaborado em 2022.<\/p>\n\n\n\n<p>A secret\u00e1ria de Estado da Educa\u00e7\u00e3o, F\u00e1tima Gavioli, destacou, na abertura do evento, a import\u00e2ncia desse momento para que todos os servidores lotados na sede da Seduc\/GO possam analisar o que j\u00e1 foi feito e definir novos avan\u00e7os.<\/p>\n\n\n\n<p>\u201cEste \u00e9 o momento de afinarmos, ainda mais, nossas a\u00e7\u00f5es para sermos cada vez mais assertivos no atendimento aos estudantes com a excel\u00eancia que eles merecem. Conhecer o planejamento e os planos de Educa\u00e7\u00e3o amplia nossa capacidade de resolver as demandas que surgem nas unidades escolares\u201d, enfatizou.<\/p>\n\n\n\n<p>Durante a imers\u00e3o, os participantes foram divididos em grupos conforme suas \u00e1reas de atua\u00e7\u00e3o, permitindo uma discuss\u00e3o mais espec\u00edfica e direcionada \u00e0s necessidades de cada setor. Toda a secretaria participou do encontro.<\/p>\n\n\n\n<p><strong>Alinhamento Pedag\u00f3gico <\/strong><\/p>\n\n\n\n<figure class=\"wp-block-gallery has-nested-images columns-default is-cropped wp-block-gallery-1 is-layout-flex wp-block-gallery-is-layout-flex\">\n<figure class=\"wp-block-image size-large\"><img decoding=\"async\" width=\"1024\" height=\"683\" data-id=\"294584\" src=\"https:\/\/goias.gov.br\/educacao\/wp-content\/uploads\/sites\/40\/2025\/02\/IMG_3362-1-1024x683.jpg\" alt=\"\" class=\"wp-image-294584\" srcset=\"https:\/\/goias.gov.br\/educacao\/wp-content\/uploads\/sites\/40\/2025\/02\/IMG_3362-1-1024x683.jpg 1024w, https:\/\/goias.gov.br\/educacao\/wp-content\/uploads\/sites\/40\/2025\/02\/IMG_3362-1-300x200.jpg 300w, https:\/\/goias.gov.br\/educacao\/wp-content\/uploads\/sites\/40\/2025\/02\/IMG_3362-1-768x512.jpg 768w, https:\/\/goias.gov.br\/educacao\/wp-content\/uploads\/sites\/40\/2025\/02\/IMG_3362-1-1536x1024.jpg 1536w, https:\/\/goias.gov.br\/educacao\/wp-content\/uploads\/sites\/40\/2025\/02\/IMG_3362-1-2048x1365.jpg 2048w\" sizes=\"(max-width: 1024px) 100vw, 1024px\" \/><\/figure>\n\n\n\n<figure class=\"wp-block-image size-large\"><img decoding=\"async\" width=\"1024\" height=\"683\" data-id=\"294585\" src=\"https:\/\/goias.gov.br\/educacao\/wp-content\/uploads\/sites\/40\/2025\/02\/IMG_3341-1-1024x683.jpg\" alt=\"\" class=\"wp-image-294585\" srcset=\"https:\/\/goias.gov.br\/educacao\/wp-content\/uploads\/sites\/40\/2025\/02\/IMG_3341-1-1024x683.jpg 1024w, https:\/\/goias.gov.br\/educacao\/wp-content\/uploads\/sites\/40\/2025\/02\/IMG_3341-1-300x200.jpg 300w, https:\/\/goias.gov.br\/educacao\/wp-content\/uploads\/sites\/40\/2025\/02\/IMG_3341-1-768x512.jpg 768w, https:\/\/goias.gov.br\/educacao\/wp-content\/uploads\/sites\/40\/2025\/02\/IMG_3341-1-1536x1024.jpg 1536w, https:\/\/goias.gov.br\/educacao\/wp-content\/uploads\/sites\/40\/2025\/02\/IMG_3341-1-2048x1365.jpg 2048w\" sizes=\"(max-width: 1024px) 100vw, 1024px\" \/><\/figure>\n\n\n\n<figure class=\"wp-block-image size-large\"><img loading=\"lazy\" decoding=\"async\" width=\"1024\" height=\"683\" data-id=\"294586\" src=\"https:\/\/goias.gov.br\/educacao\/wp-content\/uploads\/sites\/40\/2025\/02\/IMG_3330-1-1024x683.jpg\" alt=\"\" class=\"wp-image-294586\" srcset=\"https:\/\/goias.gov.br\/educacao\/wp-content\/uploads\/sites\/40\/2025\/02\/IMG_3330-1-1024x683.jpg 1024w, https:\/\/goias.gov.br\/educacao\/wp-content\/uploads\/sites\/40\/2025\/02\/IMG_3330-1-300x200.jpg 300w, https:\/\/goias.gov.br\/educacao\/wp-content\/uploads\/sites\/40\/2025\/02\/IMG_3330-1-768x512.jpg 768w, https:\/\/goias.gov.br\/educacao\/wp-content\/uploads\/sites\/40\/2025\/02\/IMG_3330-1-1536x1024.jpg 1536w, https:\/\/goias.gov.br\/educacao\/wp-content\/uploads\/sites\/40\/2025\/02\/IMG_3330-1-2048x1365.jpg 2048w\" sizes=\"(max-width: 1024px) 100vw, 1024px\" \/><\/figure>\n<\/figure>\n\n\n\n<p><br>A Diretoria Pedag\u00f3gica da Seduc\/GO formou um dos grupos de discuss\u00e3o e propostas. Entre os temas discutidos se destacaram as compet\u00eancias e atribui\u00e7\u00f5es dos servidores, as defini\u00e7\u00f5es previstas no Regulamento e o planejamento de prioridades da Educa\u00e7\u00e3o estadual.<\/p>\n\n\n\n<p>A diretora pedag\u00f3gica, Alessandra Oliveira de Almeida, destacou a\u00e7\u00f5es para melhorar as reda\u00e7\u00f5es do Enem, fortalecer o acompanhamento dos alunos e refor\u00e7ar o Sistema de Avalia\u00e7\u00e3o da Educa\u00e7\u00e3o B\u00e1sica. Tamb\u00e9m anunciou a amplia\u00e7\u00e3o das vagas do programa Goi\u00e1sTec para comunidades quilombolas e ind\u00edgenas.<\/p>\n\n\n\n<p>Outros destaques incluem a expans\u00e3o do ensino integral e o crescimento do Profissionaliza Goi\u00e1s, que passou de 300 para 20 mil inscritos desde 2019. No Ensino Fundamental, foi debatida a coopera\u00e7\u00e3o com os munic\u00edpios para fortalecer a rede de ensino.<\/p>\n\n\n\n<p><strong>Pol\u00edtica Educacional<\/strong><\/p>\n\n\n\n<figure class=\"wp-block-gallery has-nested-images columns-default is-cropped wp-block-gallery-2 is-layout-flex wp-block-gallery-is-layout-flex\">\n<figure class=\"wp-block-image size-large\"><img loading=\"lazy\" decoding=\"async\" width=\"1024\" height=\"683\" data-id=\"294591\" src=\"https:\/\/goias.gov.br\/educacao\/wp-content\/uploads\/sites\/40\/2025\/02\/IMG_3253-1-1024x683.jpg\" alt=\"\" class=\"wp-image-294591\" srcset=\"https:\/\/goias.gov.br\/educacao\/wp-content\/uploads\/sites\/40\/2025\/02\/IMG_3253-1-1024x683.jpg 1024w, https:\/\/goias.gov.br\/educacao\/wp-content\/uploads\/sites\/40\/2025\/02\/IMG_3253-1-300x200.jpg 300w, https:\/\/goias.gov.br\/educacao\/wp-content\/uploads\/sites\/40\/2025\/02\/IMG_3253-1-768x512.jpg 768w, https:\/\/goias.gov.br\/educacao\/wp-content\/uploads\/sites\/40\/2025\/02\/IMG_3253-1-1536x1024.jpg 1536w, https:\/\/goias.gov.br\/educacao\/wp-content\/uploads\/sites\/40\/2025\/02\/IMG_3253-1-2048x1365.jpg 2048w\" sizes=\"(max-width: 1024px) 100vw, 1024px\" \/><\/figure>\n\n\n\n<figure class=\"wp-block-image size-large\"><img loading=\"lazy\" decoding=\"async\" width=\"1024\" height=\"683\" data-id=\"294590\" src=\"https:\/\/goias.gov.br\/educacao\/wp-content\/uploads\/sites\/40\/2025\/02\/IMG_3108-1-1024x683.jpg\" alt=\"\" class=\"wp-image-294590\" srcset=\"https:\/\/goias.gov.br\/educacao\/wp-content\/uploads\/sites\/40\/2025\/02\/IMG_3108-1-1024x683.jpg 1024w, https:\/\/goias.gov.br\/educacao\/wp-content\/uploads\/sites\/40\/2025\/02\/IMG_3108-1-300x200.jpg 300w, https:\/\/goias.gov.br\/educacao\/wp-content\/uploads\/sites\/40\/2025\/02\/IMG_3108-1-768x512.jpg 768w, https:\/\/goias.gov.br\/educacao\/wp-content\/uploads\/sites\/40\/2025\/02\/IMG_3108-1-1536x1024.jpg 1536w, https:\/\/goias.gov.br\/educacao\/wp-content\/uploads\/sites\/40\/2025\/02\/IMG_3108-1-2048x1365.jpg 2048w\" sizes=\"(max-width: 1024px) 100vw, 1024px\" \/><\/figure>\n\n\n\n<figure class=\"wp-block-image size-large\"><img loading=\"lazy\" decoding=\"async\" width=\"1024\" height=\"683\" data-id=\"294589\" src=\"https:\/\/goias.gov.br\/educacao\/wp-content\/uploads\/sites\/40\/2025\/02\/IMG_3090-1-1024x683.jpg\" alt=\"\" class=\"wp-image-294589\" srcset=\"https:\/\/goias.gov.br\/educacao\/wp-content\/uploads\/sites\/40\/2025\/02\/IMG_3090-1-1024x683.jpg 1024w, https:\/\/goias.gov.br\/educacao\/wp-content\/uploads\/sites\/40\/2025\/02\/IMG_3090-1-300x200.jpg 300w, https:\/\/goias.gov.br\/educacao\/wp-content\/uploads\/sites\/40\/2025\/02\/IMG_3090-1-768x512.jpg 768w, https:\/\/goias.gov.br\/educacao\/wp-content\/uploads\/sites\/40\/2025\/02\/IMG_3090-1-1536x1024.jpg 1536w, https:\/\/goias.gov.br\/educacao\/wp-content\/uploads\/sites\/40\/2025\/02\/IMG_3090-1-2048x1365.jpg 2048w\" sizes=\"(max-width: 1024px) 100vw, 1024px\" \/><\/figure>\n<\/figure>\n\n\n\n<p><br>Constituindo outro importante grupo nas discuss\u00f5es acerca do Regulamento da Seduc\/GO, a Diretoria de Pol\u00edtica Educacional, para al\u00e9m da revis\u00e3o de incisos, nova reda\u00e7\u00e3o, altera\u00e7\u00f5es com foco na rela\u00e7\u00e3o atribui\u00e7\u00f5es\/unidade administrativa e de atualiza\u00e7\u00e3o de suas compet\u00eancias dentro do Regulamento, prop\u00f4s macro a\u00e7\u00f5es priorit\u00e1rias com vistas aos pr\u00f3ximos dois anos.<\/p>\n\n\n\n<p>A proposta que destaca essas a\u00e7\u00f5es foi feita considerando-se sua estrutura, superintend\u00eancias, ger\u00eancias e organiza\u00e7\u00e3o. Integram esta diretoria as superintend\u00eancias de Gest\u00e3o Estrat\u00e9gica e Avalia\u00e7\u00e3o de Resultados; de Apoio ao Desenvolvimento Curricular; e, do Programa Bolsa Educa\u00e7\u00e3o.<\/p>\n\n\n\n<p>Neste contexto, de forma ampla, as a\u00e7\u00f5es priorit\u00e1rias foram assim definidas. A macro a\u00e7\u00e3o da diretoria \u00e9 de \u201cElabora\u00e7\u00e3o, monitoramento, apoio e avalia\u00e7\u00e3o de diretrizes, normas e pol\u00edticas\u201d. De acordo com a diretora de Pol\u00edtica Educacional da Seduc\/GO, Vanessa de Almeida Carvalho, aqui se incluem a elabora\u00e7\u00e3o de diretrizes e normas para as Unidades Escolares, o monitoramento e avalia\u00e7\u00e3o das pol\u00edticas educacionais e do plano estrat\u00e9gico e o apoio e capacita\u00e7\u00e3o cont\u00ednua de educadores e gestores.<\/p>\n\n\n\n<p><strong>Forma\u00e7\u00e3o em Pares <\/strong><\/p>\n\n\n\n<figure class=\"wp-block-gallery has-nested-images columns-default is-cropped wp-block-gallery-3 is-layout-flex wp-block-gallery-is-layout-flex\">\n<figure class=\"wp-block-image size-large\"><img loading=\"lazy\" decoding=\"async\" width=\"1024\" height=\"683\" data-id=\"294598\" src=\"https:\/\/goias.gov.br\/educacao\/wp-content\/uploads\/sites\/40\/2025\/02\/IMG_3082-1-1024x683.jpg\" alt=\"\" class=\"wp-image-294598\" srcset=\"https:\/\/goias.gov.br\/educacao\/wp-content\/uploads\/sites\/40\/2025\/02\/IMG_3082-1-1024x683.jpg 1024w, https:\/\/goias.gov.br\/educacao\/wp-content\/uploads\/sites\/40\/2025\/02\/IMG_3082-1-300x200.jpg 300w, https:\/\/goias.gov.br\/educacao\/wp-content\/uploads\/sites\/40\/2025\/02\/IMG_3082-1-768x512.jpg 768w, https:\/\/goias.gov.br\/educacao\/wp-content\/uploads\/sites\/40\/2025\/02\/IMG_3082-1-1536x1024.jpg 1536w, https:\/\/goias.gov.br\/educacao\/wp-content\/uploads\/sites\/40\/2025\/02\/IMG_3082-1-2048x1365.jpg 2048w\" sizes=\"(max-width: 1024px) 100vw, 1024px\" \/><\/figure>\n\n\n\n<figure class=\"wp-block-image size-large\"><img loading=\"lazy\" decoding=\"async\" width=\"1024\" height=\"683\" data-id=\"294597\" src=\"https:\/\/goias.gov.br\/educacao\/wp-content\/uploads\/sites\/40\/2025\/02\/IMG_2989-1-1024x683.jpg\" alt=\"\" class=\"wp-image-294597\" srcset=\"https:\/\/goias.gov.br\/educacao\/wp-content\/uploads\/sites\/40\/2025\/02\/IMG_2989-1-1024x683.jpg 1024w, https:\/\/goias.gov.br\/educacao\/wp-content\/uploads\/sites\/40\/2025\/02\/IMG_2989-1-300x200.jpg 300w, https:\/\/goias.gov.br\/educacao\/wp-content\/uploads\/sites\/40\/2025\/02\/IMG_2989-1-768x512.jpg 768w, https:\/\/goias.gov.br\/educacao\/wp-content\/uploads\/sites\/40\/2025\/02\/IMG_2989-1-1536x1024.jpg 1536w, https:\/\/goias.gov.br\/educacao\/wp-content\/uploads\/sites\/40\/2025\/02\/IMG_2989-1-2048x1365.jpg 2048w\" sizes=\"(max-width: 1024px) 100vw, 1024px\" \/><\/figure>\n<\/figure>\n\n\n\n<p>Tamb\u00e9m ter\u00e1 destaque a Forma\u00e7\u00e3o em Pares, que se constitui na oferta de forma\u00e7\u00e3o continuada para professores de L\u00edngua Portuguesa e Matem\u00e1tica e outras \u00e1reas do conhecimento no modelo h\u00edbrido. Imers\u00e3o da tutoria \u00e9 outra destas a\u00e7\u00f5es, ent\u00e3o, voltada ao fortalecimento desta metodologia.<\/p>\n\n\n\n<p>Uma outra a\u00e7\u00e3o elencada nas prioridades refere-se ao programa Bolsa Estudo que beneficia estudantes do 9\u00ba ano do Fundamental \u00e0 3\u00aa s\u00e9rie do Ensino M\u00e9dio. Na mesma perspectiva, tamb\u00e9m ter\u00e1 destaque a oferta do P\u00e9-de-Meia, programa do governo federal implementado em parceria com a Seduc\/GO.<\/p>\n\n\n\n<p>O diretor Administrativo Financeiro da Seduc\/GO, Andros Roberto Barbosa, avalia como muito positiva a imers\u00e3o. Na opini\u00e3o dele, a iniciativa serviu para mostrar aos servidores o quanto o trabalho de cada um \u00e9 importante no contexto das pol\u00edticas p\u00fablicas efetivas. \u201cDessa forma foi poss\u00edvel fazer com que cada \u00e1rea compreendesse a sua relev\u00e2ncia dentro dos processos e que, com a sua colabora\u00e7\u00e3o, elas conseguem impactar toda a estrutura da Seduc\u201d, diz ele.<\/p>\n\n\n\n<p><strong>Motiva\u00e7\u00e3o <\/strong><\/p>\n\n\n\n<p>Andros tamb\u00e9m ressalta outro aspecto positivo, que foi refor\u00e7ar o sentimento de pertencimento. \u201cMuitas vezes as pessoas se sentem como uma pe\u00e7a de um trabalho mec\u00e2nico e isso gera uma desmotiva\u00e7\u00e3o. A imers\u00e3o foi importante para os servidores terem uma vis\u00e3o do quanto s\u00e3o importantes e que a gest\u00e3o est\u00e1 ao lado deles, buscando que cada um desenvolva seu melhor trabalho\u201d, comenta.<\/p>\n\n\n\n<p>O diretor tamb\u00e9m afirma que a a\u00e7\u00e3o mostrou a todos os servidores o quanto o planejamento pode fazer a diferen\u00e7a. \u201cSaber que, mesmo em n\u00edveis diferentes do planejamento \u2013 seja no operacional, no t\u00e1tico ou no estrat\u00e9gico -, as ideias se conectam para mostrar o verdadeiro sentido do servi\u00e7o p\u00fablico, que \u00e9 transformar a arrecada\u00e7\u00e3o do contribuinte em servi\u00e7os que atendam a sociedade.<\/p>\n\n\n\n<p><\/p>\n\n\n\n<p><\/p>\n","protected":false},"excerpt":{"rendered":"<p>Durante a reuni\u00e3o, os participantes foram divididos em grupos conforme suas \u00e1reas de atua\u00e7\u00e3o, permitindo uma discuss\u00e3o mais espec\u00edfica e direcionada \u00e0s necessidades de cada setor A Secretaria de Estado da Educa\u00e7\u00e3o de Goi\u00e1s (Seduc\/GO) realizou nesta sexta-feira, (21\/02), uma grande reuni\u00e3o de imers\u00e3o sobre o Regulamento da Pasta, com vistas ao debate e atualiza\u00e7\u00e3o [&hellip;]<\/p>\n","protected":false},"author":459,"featured_media":294575,"comment_status":"closed","ping_status":"open","sticky":false,"template":"","format":"standard","meta":{"footnotes":""},"categories":[4801],"tags":[],"class_list":["post-294554","post","type-post","status-publish","format-standard","has-post-thumbnail","hentry","category-noticias"],"rttpg_featured_image_url":{"full":["https:\/\/goias.gov.br\/educacao\/wp-content\/uploads\/sites\/40\/2025\/02\/IMG_3533-1.jpg",5472,3648,false],"landscape":["https:\/\/goias.gov.br\/educacao\/wp-content\/uploads\/sites\/40\/2025\/02\/IMG_3533-1.jpg",5472,3648,false],"portraits":["https:\/\/goias.gov.br\/educacao\/wp-content\/uploads\/sites\/40\/2025\/02\/IMG_3533-1.jpg",5472,3648,false],"thumbnail":["https:\/\/goias.gov.br\/educacao\/wp-content\/uploads\/sites\/40\/2025\/02\/IMG_3533-1-150x150.jpg",150,150,true],"medium":["https:\/\/goias.gov.br\/educacao\/wp-content\/uploads\/sites\/40\/2025\/02\/IMG_3533-1-300x200.jpg",300,200,true],"large":["https:\/\/goias.gov.br\/educacao\/wp-content\/uploads\/sites\/40\/2025\/02\/IMG_3533-1-1024x683.jpg",1024,683,true],"1536x1536":["https:\/\/goias.gov.br\/educacao\/wp-content\/uploads\/sites\/40\/2025\/02\/IMG_3533-1-1536x1024.jpg",1536,1024,true],"2048x2048":["https:\/\/goias.gov.br\/educacao\/wp-content\/uploads\/sites\/40\/2025\/02\/IMG_3533-1-2048x1365.jpg",2048,1365,true]},"rttpg_author":{"display_name":"mariajrodrigues","author_link":"https:\/\/goias.gov.br\/educacao\/author\/mariajrodrigues\/"},"rttpg_comment":0,"rttpg_category":"<a href=\"https:\/\/goias.gov.br\/educacao\/categoria\/noticias\/\" rel=\"category tag\">Not\u00edcias<\/a>","rttpg_excerpt":"Durante a reuni\u00e3o, os participantes foram divididos em grupos conforme suas \u00e1reas de atua\u00e7\u00e3o, permitindo uma discuss\u00e3o mais espec\u00edfica e direcionada \u00e0s necessidades de cada setor A Secretaria de Estado da Educa\u00e7\u00e3o de Goi\u00e1s (Seduc\/GO) realizou nesta sexta-feira, (21\/02), uma grande reuni\u00e3o de imers\u00e3o sobre o Regulamento da Pasta, com vistas ao debate e atualiza\u00e7\u00e3o&hellip;","_links":{"self":[{"href":"https:\/\/goias.gov.br\/educacao\/wp-json\/wp\/v2\/posts\/294554","targetHints":{"allow":["GET"]}}],"collection":[{"href":"https:\/\/goias.gov.br\/educacao\/wp-json\/wp\/v2\/posts"}],"about":[{"href":"https:\/\/goias.gov.br\/educacao\/wp-json\/wp\/v2\/types\/post"}],"author":[{"embeddable":true,"href":"https:\/\/goias.gov.br\/educacao\/wp-json\/wp\/v2\/users\/459"}],"replies":[{"embeddable":true,"href":"https:\/\/goias.gov.br\/educacao\/wp-json\/wp\/v2\/comments?post=294554"}],"version-history":[{"count":2,"href":"https:\/\/goias.gov.br\/educacao\/wp-json\/wp\/v2\/posts\/294554\/revisions"}],"predecessor-version":[{"id":294608,"href":"https:\/\/goias.gov.br\/educacao\/wp-json\/wp\/v2\/posts\/294554\/revisions\/294608"}],"wp:featuredmedia":[{"embeddable":true,"href":"https:\/\/goias.gov.br\/educacao\/wp-json\/wp\/v2\/media\/294575"}],"wp:attachment":[{"href":"https:\/\/goias.gov.br\/educacao\/wp-json\/wp\/v2\/media?parent=294554"}],"wp:term":[{"taxonomy":"category","embeddable":true,"href":"https:\/\/goias.gov.br\/educacao\/wp-json\/wp\/v2\/categories?post=294554"},{"taxonomy":"post_tag","embeddable":true,"href":"https:\/\/goias.gov.br\/educacao\/wp-json\/wp\/v2\/tags?post=294554"}],"curies":[{"name":"wp","href":"https:\/\/api.w.org\/{rel}","templated":true}]}}