

{"id":28756,"date":"2021-05-25T11:15:05","date_gmt":"2021-05-25T14:15:05","guid":{"rendered":"https:\/\/siteshom.goias.gov.br\/educacao\/estudante-goiana-e-selecionada-para-o-programa-jovens-embaixadores\/"},"modified":"2021-05-25T11:15:05","modified_gmt":"2021-05-25T14:15:05","slug":"estudante-goiana-e-selecionada-para-o-programa-jovens-embaixadores","status":"publish","type":"post","link":"https:\/\/goias.gov.br\/educacao\/estudante-goiana-e-selecionada-para-o-programa-jovens-embaixadores\/","title":{"rendered":"Estudante goiana \u00e9 selecionada para o programa Jovens Embaixadores"},"content":{"rendered":"<p><\/p><p><p>Uma aluna da rede p\u00fablica estadual de Goi\u00e1s est\u00e1 entre os selecionados do pa\u00eds para o programa Jovens Embaixadores 2021, realizado pela Embaixada dos Estados Unidos aqui no Brasil. A estudante que ir\u00e1 representar o estado \u00e9 a jovem N\u00e1tally Silva Marinho, do Col\u00e9gio Estadual Polivalente Frei Jo\u00e3o Batista, de An\u00e1polis, da Coordena\u00e7\u00e3o Regional de Educa\u00e7\u00e3o (CRE) de An\u00e1polis. Ela se junta aos outros 32 escolhidos para o programa.<\/p><\/p><p><\/p><p><\/p><p><p>Em decorr\u00eancia da pandemia de Covid-19, a edi\u00e7\u00e3o deste ano ser\u00e1 realizada de forma virtual. Assim, o interc\u00e2mbio foi todo convertido para o formato on-line e ocorrer\u00e1 no per\u00edodo de 14 de junho a 13 de agosto de 2021. O interc\u00e2mbio contar\u00e1, tamb\u00e9m, com a participa\u00e7\u00e3o de estudantes americanos.<\/p><\/p><p><\/p><p><\/p><p><p>Na programa\u00e7\u00e3o virtual ser\u00e3o realizadas oficinas sobre lideran\u00e7a, comunica\u00e7\u00e3o e cultura; cidadania digital; a\u00e7\u00f5es que estimulem o processo criativo e inovador dos jovens. Os estudantes poder\u00e3o compartilhar suas experi\u00eancias com o trabalho de empreendedorismo social realizado em suas comunidades.<\/p><\/p><p><\/p><p><\/p><p><p><strong>Interc\u00e2mbio<br><\/strong>N\u00e1talli Marinho e os demais participantes s\u00e3o estudantes do Ensino M\u00e9dio de redes p\u00fablicas e far\u00e3o, de forma remota, o interc\u00e2mbio do programa com dura\u00e7\u00e3o de tr\u00eas semanas.<\/p><\/p><p><\/p><p><\/p><p><p>Eles passaram por v\u00e1rias etapas, at\u00e9 a aprova\u00e7\u00e3o de 33 estudantes, de 24 estados brasileiros e do Distrito Federal. Para participar das avalia\u00e7\u00f5es, o aluno precisou comprovar excelente desempenho escolar, boa flu\u00eancia em Ingl\u00eas e iniciativa de empreendedorismo social e impacto social em sua comunidade.<\/p><\/p><p><\/p><p><\/p><p><p>De acordo com a superintendente de Ensino M\u00e9dio da Secretaria de Estado da Educa\u00e7\u00e3o de Goi\u00e1s, Osvany Gundim, \u00e9 importante motivar e incentivar a participa\u00e7\u00e3o dos estudantes. \u201cEstamos oportunizando-lhes espa\u00e7os para a constru\u00e7\u00e3o de novos saberes. A\u00e7\u00f5es dessa natureza contribuem, significativamente, para a forma\u00e7\u00e3o cultural e social dos estudantes\u201d, destacou a superintendente.<\/p><\/p><p><\/p>","protected":false},"excerpt":{"rendered":"<p>Uma aluna da rede p\u00fablica estadual de Goi\u00e1s est\u00e1 entre os selecionados do pa\u00eds para o programa Jovens Embaixadores 2021, realizado pela Embaixada dos Estados Unidos aqui no Brasil. A estudante que ir\u00e1 representar o estado \u00e9 a jovem N\u00e1tally Silva Marinho, do Col\u00e9gio Estadual Polivalente Frei Jo\u00e3o Batista, de An\u00e1polis, da Coordena\u00e7\u00e3o Regional de [&hellip;]<\/p>\n","protected":false},"author":759,"featured_media":28755,"comment_status":"closed","ping_status":"open","sticky":false,"template":"","format":"standard","meta":{"footnotes":""},"categories":[4801],"tags":[4851,4850,4940,4852],"class_list":["post-28756","post","type-post","status-publish","format-standard","has-post-thumbnail","hentry","category-noticias","tag-destaque","tag-educacao","tag-estudantes","tag-governo-de-goias"],"rttpg_featured_image_url":{"full":["https:\/\/goias.gov.br\/educacao\/wp-content\/uploads\/sites\/40\/2021\/05\/jovem-embaixadora-47c.jpg",737,386,false],"landscape":["https:\/\/goias.gov.br\/educacao\/wp-content\/uploads\/sites\/40\/2021\/05\/jovem-embaixadora-47c.jpg",737,386,false],"portraits":["https:\/\/goias.gov.br\/educacao\/wp-content\/uploads\/sites\/40\/2021\/05\/jovem-embaixadora-47c.jpg",737,386,false],"thumbnail":["https:\/\/goias.gov.br\/educacao\/wp-content\/uploads\/sites\/40\/2021\/05\/jovem-embaixadora-47c-150x150.jpg",150,150,true],"medium":["https:\/\/goias.gov.br\/educacao\/wp-content\/uploads\/sites\/40\/2021\/05\/jovem-embaixadora-47c-300x157.jpg",300,157,true],"large":["https:\/\/goias.gov.br\/educacao\/wp-content\/uploads\/sites\/40\/2021\/05\/jovem-embaixadora-47c.jpg",737,386,false],"1536x1536":["https:\/\/goias.gov.br\/educacao\/wp-content\/uploads\/sites\/40\/2021\/05\/jovem-embaixadora-47c.jpg",737,386,false],"2048x2048":["https:\/\/goias.gov.br\/educacao\/wp-content\/uploads\/sites\/40\/2021\/05\/jovem-embaixadora-47c.jpg",737,386,false]},"rttpg_author":{"display_name":"caiosoliveira","author_link":"https:\/\/goias.gov.br\/educacao\/author\/caiosoliveira\/"},"rttpg_comment":0,"rttpg_category":"<a href=\"https:\/\/goias.gov.br\/educacao\/categoria\/noticias\/\" rel=\"category tag\">Not\u00edcias<\/a>","rttpg_excerpt":"Uma aluna da rede p\u00fablica estadual de Goi\u00e1s est\u00e1 entre os selecionados do pa\u00eds para o programa Jovens Embaixadores 2021, realizado pela Embaixada dos Estados Unidos aqui no Brasil. A estudante que ir\u00e1 representar o estado \u00e9 a jovem N\u00e1tally Silva Marinho, do Col\u00e9gio Estadual Polivalente Frei Jo\u00e3o Batista, de An\u00e1polis, da Coordena\u00e7\u00e3o Regional de&hellip;","_links":{"self":[{"href":"https:\/\/goias.gov.br\/educacao\/wp-json\/wp\/v2\/posts\/28756","targetHints":{"allow":["GET"]}}],"collection":[{"href":"https:\/\/goias.gov.br\/educacao\/wp-json\/wp\/v2\/posts"}],"about":[{"href":"https:\/\/goias.gov.br\/educacao\/wp-json\/wp\/v2\/types\/post"}],"author":[{"embeddable":true,"href":"https:\/\/goias.gov.br\/educacao\/wp-json\/wp\/v2\/users\/759"}],"replies":[{"embeddable":true,"href":"https:\/\/goias.gov.br\/educacao\/wp-json\/wp\/v2\/comments?post=28756"}],"version-history":[{"count":0,"href":"https:\/\/goias.gov.br\/educacao\/wp-json\/wp\/v2\/posts\/28756\/revisions"}],"wp:featuredmedia":[{"embeddable":true,"href":"https:\/\/goias.gov.br\/educacao\/wp-json\/wp\/v2\/media\/28755"}],"wp:attachment":[{"href":"https:\/\/goias.gov.br\/educacao\/wp-json\/wp\/v2\/media?parent=28756"}],"wp:term":[{"taxonomy":"category","embeddable":true,"href":"https:\/\/goias.gov.br\/educacao\/wp-json\/wp\/v2\/categories?post=28756"},{"taxonomy":"post_tag","embeddable":true,"href":"https:\/\/goias.gov.br\/educacao\/wp-json\/wp\/v2\/tags?post=28756"}],"curies":[{"name":"wp","href":"https:\/\/api.w.org\/{rel}","templated":true}]}}