

{"id":28133,"date":"2021-08-25T05:25:37","date_gmt":"2021-08-25T08:25:37","guid":{"rendered":"https:\/\/siteshom.goias.gov.br\/educacao\/governo-de-goias-realiza-encontro-com-prefeitos-da-regiao-norte-de-goias-para-tratar-sobre-investimentos-na-area-da-educacao\/"},"modified":"2021-08-25T05:25:37","modified_gmt":"2021-08-25T08:25:37","slug":"governo-de-goias-realiza-encontro-com-prefeitos-da-regiao-norte-de-goias-para-tratar-sobre-investimentos-na-area-da-educacao","status":"publish","type":"post","link":"https:\/\/goias.gov.br\/educacao\/governo-de-goias-realiza-encontro-com-prefeitos-da-regiao-norte-de-goias-para-tratar-sobre-investimentos-na-area-da-educacao\/","title":{"rendered":"Governo de Goi\u00e1s realiza encontro com prefeitos da regi\u00e3o norte de Goi\u00e1s para tratar sobre investimentos na \u00e1rea da Educa\u00e7\u00e3o"},"content":{"rendered":"<p><\/p><p><p><em>Encontro de Presta\u00e7\u00e3o de Contas da Educa\u00e7\u00e3o e de Suporte T\u00e9cnico \u00e0s Secretarias Municipais de Educa\u00e7\u00e3o no Simec\/PAR contar\u00e1 com a participa\u00e7\u00e3o de prefeitos e secret\u00e1rios municipais de 26 munic\u00edpios goianos<\/em><\/p><\/p><p><\/p><p><\/p><p><p>O Governo de Goi\u00e1s, por meio da Secretaria de Estado da Educa\u00e7\u00e3o (Seduc\/Go), promove na pr\u00f3xima quarta-feira (25\/8), o Encontro de Presta\u00e7\u00e3o de Contas da Educa\u00e7\u00e3o e de Suporte T\u00e9cnico \u00e0s Secretarias Municipais de Educa\u00e7\u00e3o no Simec\/PAR com a participa\u00e7\u00e3o de prefeitos e secret\u00e1rios municipais de 26 cidades da regi\u00e3o norte de Goi\u00e1s.<\/p><\/p><p><\/p><p><\/p><p><p>O evento ser\u00e1 realizado em formato presencial, na sede centralizada da Seduc Goi\u00e1s, e ter\u00e1 a participa\u00e7\u00e3o da secret\u00e1ria de Estado da Educa\u00e7\u00e3o, F\u00e1tima Gavioli.<\/p><\/p><p><\/p><p><\/p><p><p>O objetivo do encontro \u00e9 apresentar os dados relacionados \u00e0s a\u00e7\u00f5es do Estado na \u00e1rea da Educa\u00e7\u00e3o e os resultados observados nas unidades escolares estaduais localizadas nos 26 munic\u00edpios do norte goiano.<\/p><\/p><p><\/p><p><\/p><p><p>Na oportunidade, prefeitos, secret\u00e1rios municipais de Educa\u00e7\u00e3o e presidentes da C\u00e2mara de Vereadores ter\u00e3o acesso \u00e0s informa\u00e7\u00f5es e poder\u00e3o conhecer detalhadamente as a\u00e7\u00f5es do Governo de Goi\u00e1s na \u00e1rea educacional nos \u00faltimos dois anos.<\/p><\/p><p><\/p><p><\/p><p><p>Al\u00e9m da an\u00e1lise dos dados, o evento permitir\u00e1 que as lideran\u00e7as municipais tirem suas d\u00favidas sobre o Sistema Integrado de Monitoramento, Execu\u00e7\u00e3o e Controle do Minist\u00e9rio da Educa\u00e7\u00e3o (Simec\/PAR), disponibilizado pelo governo federal e que subsidia as a\u00e7\u00f5es e planejamentos do Plano de A\u00e7\u00f5es Articuladas (PAR). Durante esse momento, t\u00e9cnicos educacionais apresentar\u00e3o o portal operacional, suas funcionalidades e servi\u00e7os.<\/p><\/p><p><\/p><p><\/p><p><p><strong>Munic\u00edpios participantes<\/strong><\/p><\/p><p><\/p><p><\/p><p><p>Estar\u00e3o presentes no Encontro de Presta\u00e7\u00e3o de Contas da Educa\u00e7\u00e3o e Suporte T\u00e9cnico \u00e0s Secretarias Municipais de Educa\u00e7\u00e3o no Simec\/PAR representantes dos munic\u00edpios de Alto Horizonte, Amaralina, Bon\u00f3polis, Campina\u00e7u, Campinorte, Campos Verdes de Goi\u00e1s, Crix\u00e1s, Estrela do Norte, Formoso, Mara Rosa, Mina\u00e7u, Montividiu do Norte, Mozarl\u00e2ndia, Mundo Novo, Mutun\u00f3polis, Niquel\u00e2ndia, Nova Crix\u00e1s, Nova Igua\u00e7u de Goi\u00e1s, Novo Planalto, Porangatu, Santa Tereza de Goi\u00e1s, Santa Terezinha de Goi\u00e1s, S\u00e3o Miguel do Araguaia, Trombas, Uirapuru e Urua\u00e7u.<\/p><\/p><p><\/p><p><\/p><p><p>Cada uma dessas cidades recebeu investimentos para a melhoria na infraestrutura de suas unidades escolares e no atendimento \u00e0 comunidade educacional, ao todo o investimento na regi\u00e3o norte do estado foi de R$ 55.987.612,40.<\/p><\/p><p><\/p><p><\/p><p><p><strong>Plano Estadual de Educa\u00e7\u00e3o<\/strong><br>Essa a\u00e7\u00e3o atende a meta 21 do Plano Estadual de Educa\u00e7\u00e3o (PEE)<\/p><\/p><p><\/p>","protected":false},"excerpt":{"rendered":"<p>Encontro de Presta\u00e7\u00e3o de Contas da Educa\u00e7\u00e3o e de Suporte T\u00e9cnico \u00e0s Secretarias Municipais de Educa\u00e7\u00e3o no Simec\/PAR contar\u00e1 com a participa\u00e7\u00e3o de prefeitos e secret\u00e1rios municipais de 26 munic\u00edpios goianos O Governo de Goi\u00e1s, por meio da Secretaria de Estado da Educa\u00e7\u00e3o (Seduc\/Go), promove na pr\u00f3xima quarta-feira (25\/8), o Encontro de Presta\u00e7\u00e3o de Contas [&hellip;]<\/p>\n","protected":false},"author":757,"featured_media":28118,"comment_status":"closed","ping_status":"open","sticky":false,"template":"","format":"standard","meta":{"footnotes":""},"categories":[4801],"tags":[4850,5107,4852,4869,5087,4872],"class_list":["post-28133","post","type-post","status-publish","format-standard","has-post-thumbnail","hentry","category-noticias","tag-educacao","tag-encontro-de-prestacao-de-contas-da-educacao-e-de-suporte-tecnico","tag-governo-de-goias","tag-plano-estadual-de-educacao","tag-prestacao-de-contas","tag-seduc"],"rttpg_featured_image_url":{"full":["https:\/\/goias.gov.br\/educacao\/wp-content\/uploads\/sites\/40\/2021\/08\/Encontro-prefeitos-8c7-scaled.jpg",2560,1289,false],"landscape":["https:\/\/goias.gov.br\/educacao\/wp-content\/uploads\/sites\/40\/2021\/08\/Encontro-prefeitos-8c7-scaled.jpg",2560,1289,false],"portraits":["https:\/\/goias.gov.br\/educacao\/wp-content\/uploads\/sites\/40\/2021\/08\/Encontro-prefeitos-8c7-scaled.jpg",2560,1289,false],"thumbnail":["https:\/\/goias.gov.br\/educacao\/wp-content\/uploads\/sites\/40\/2021\/08\/Encontro-prefeitos-8c7-150x150.jpg",150,150,true],"medium":["https:\/\/goias.gov.br\/educacao\/wp-content\/uploads\/sites\/40\/2021\/08\/Encontro-prefeitos-8c7-300x151.jpg",300,151,true],"large":["https:\/\/goias.gov.br\/educacao\/wp-content\/uploads\/sites\/40\/2021\/08\/Encontro-prefeitos-8c7-1024x516.jpg",1024,516,true],"1536x1536":["https:\/\/goias.gov.br\/educacao\/wp-content\/uploads\/sites\/40\/2021\/08\/Encontro-prefeitos-8c7-1536x773.jpg",1536,773,true],"2048x2048":["https:\/\/goias.gov.br\/educacao\/wp-content\/uploads\/sites\/40\/2021\/08\/Encontro-prefeitos-8c7-2048x1031.jpg",2048,1031,true]},"rttpg_author":{"display_name":"alexandersouza","author_link":"https:\/\/goias.gov.br\/educacao\/author\/alexandersouza\/"},"rttpg_comment":0,"rttpg_category":"<a href=\"https:\/\/goias.gov.br\/educacao\/categoria\/noticias\/\" rel=\"category tag\">Not\u00edcias<\/a>","rttpg_excerpt":"Encontro de Presta\u00e7\u00e3o de Contas da Educa\u00e7\u00e3o e de Suporte T\u00e9cnico \u00e0s Secretarias Municipais de Educa\u00e7\u00e3o no Simec\/PAR contar\u00e1 com a participa\u00e7\u00e3o de prefeitos e secret\u00e1rios municipais de 26 munic\u00edpios goianos O Governo de Goi\u00e1s, por meio da Secretaria de Estado da Educa\u00e7\u00e3o (Seduc\/Go), promove na pr\u00f3xima quarta-feira (25\/8), o Encontro de Presta\u00e7\u00e3o de Contas&hellip;","_links":{"self":[{"href":"https:\/\/goias.gov.br\/educacao\/wp-json\/wp\/v2\/posts\/28133","targetHints":{"allow":["GET"]}}],"collection":[{"href":"https:\/\/goias.gov.br\/educacao\/wp-json\/wp\/v2\/posts"}],"about":[{"href":"https:\/\/goias.gov.br\/educacao\/wp-json\/wp\/v2\/types\/post"}],"author":[{"embeddable":true,"href":"https:\/\/goias.gov.br\/educacao\/wp-json\/wp\/v2\/users\/757"}],"replies":[{"embeddable":true,"href":"https:\/\/goias.gov.br\/educacao\/wp-json\/wp\/v2\/comments?post=28133"}],"version-history":[{"count":0,"href":"https:\/\/goias.gov.br\/educacao\/wp-json\/wp\/v2\/posts\/28133\/revisions"}],"wp:featuredmedia":[{"embeddable":true,"href":"https:\/\/goias.gov.br\/educacao\/wp-json\/wp\/v2\/media\/28118"}],"wp:attachment":[{"href":"https:\/\/goias.gov.br\/educacao\/wp-json\/wp\/v2\/media?parent=28133"}],"wp:term":[{"taxonomy":"category","embeddable":true,"href":"https:\/\/goias.gov.br\/educacao\/wp-json\/wp\/v2\/categories?post=28133"},{"taxonomy":"post_tag","embeddable":true,"href":"https:\/\/goias.gov.br\/educacao\/wp-json\/wp\/v2\/tags?post=28133"}],"curies":[{"name":"wp","href":"https:\/\/api.w.org\/{rel}","templated":true}]}}