

{"id":263213,"date":"2025-02-20T16:27:25","date_gmt":"2025-02-20T19:27:25","guid":{"rendered":"https:\/\/goias.gov.br\/educacao\/?p=263213"},"modified":"2025-02-20T16:27:40","modified_gmt":"2025-02-20T19:27:40","slug":"encontro-para-alinhar-acoes-educacionais-reune-prefeitos-e-secretarios-na-secretaria-da-educacao","status":"publish","type":"post","link":"https:\/\/goias.gov.br\/educacao\/encontro-para-alinhar-acoes-educacionais-reune-prefeitos-e-secretarios-na-secretaria-da-educacao\/","title":{"rendered":"Encontro para alinhar a\u00e7\u00f5es educacionais re\u00fane prefeitos e secret\u00e1rios na Secretaria da Educa\u00e7\u00e3o"},"content":{"rendered":"\n<p><em>Reuni\u00e3o foi realizada para discutir iniciativas voltadas ao fortalecimento da Educa\u00e7\u00e3o nos munic\u00edpios goianos<\/em><\/p>\n\n\n\n<figure class=\"wp-block-image size-large\"><img fetchpriority=\"high\" decoding=\"async\" width=\"1024\" height=\"682\" src=\"https:\/\/goias.gov.br\/educacao\/wp-content\/uploads\/sites\/40\/2025\/02\/WhatsApp-Image-2025-02-20-at-16.21.07-1024x682.jpeg\" alt=\"\" class=\"wp-image-263343\" srcset=\"https:\/\/goias.gov.br\/educacao\/wp-content\/uploads\/sites\/40\/2025\/02\/WhatsApp-Image-2025-02-20-at-16.21.07-1024x682.jpeg 1024w, https:\/\/goias.gov.br\/educacao\/wp-content\/uploads\/sites\/40\/2025\/02\/WhatsApp-Image-2025-02-20-at-16.21.07-300x200.jpeg 300w, https:\/\/goias.gov.br\/educacao\/wp-content\/uploads\/sites\/40\/2025\/02\/WhatsApp-Image-2025-02-20-at-16.21.07-768x512.jpeg 768w, https:\/\/goias.gov.br\/educacao\/wp-content\/uploads\/sites\/40\/2025\/02\/WhatsApp-Image-2025-02-20-at-16.21.07-1536x1023.jpeg 1536w, https:\/\/goias.gov.br\/educacao\/wp-content\/uploads\/sites\/40\/2025\/02\/WhatsApp-Image-2025-02-20-at-16.21.07.jpeg 1600w\" sizes=\"(max-width: 1024px) 100vw, 1024px\" \/><\/figure>\n\n\n\n<p>O Governo de Goi\u00e1s, por meio da Secretaria de Estado da Educa\u00e7\u00e3o (Seduc\/GO), realizou, nesta quarta-feira (19\/02), o Encontro de Prefeitos e Secret\u00e1rios para Alinhamento de A\u00e7\u00f5es da Seduc\/GO. O evento ocorreu na quadra poliesportiva da secretaria, em Goi\u00e2nia, e reuniu prefeitos e secret\u00e1rios municipais para discutir iniciativas voltadas ao fortalecimento da Educa\u00e7\u00e3o p\u00fablica no estado.<\/p>\n\n\n\n<p>Entre os principais temas abordados est\u00e3o o Sistema de Gest\u00e3o Escolar (Sige), Transporte Escolar, seguran\u00e7a nas escolas e o Programa AlfaMais Goi\u00e1s, que objetiva a alfabetiza\u00e7\u00e3o plena das crian\u00e7as at\u00e9 o 2\u00ba ano do Ensino Fundamental.<\/p>\n\n\n\n<p>A secret\u00e1ria da Educa\u00e7\u00e3o, F\u00e1tima Gavioli, destacou a import\u00e2ncia do empenho dos munic\u00edpios goianos na implementa\u00e7\u00e3o das diretrizes repassadas aos secret\u00e1rios municipais de Educa\u00e7\u00e3o e prefeitos. &#8220;O foco da nossa discuss\u00e3o aqui \u00e9 a educa\u00e7\u00e3o, como podemos aprimor\u00e1-la, e estamos juntos nesse compromisso para alcan\u00e7ar esse objetivo.&#8221; Ela tamb\u00e9m ressaltou a atua\u00e7\u00e3o positiva do programa AlfaMais no estado de Goi\u00e1s.<\/p>\n\n\n\n<p><strong>Compromisso com a Alfabetiza\u00e7\u00e3o<\/strong><\/p>\n\n\n\n<p>O AlfaMais Goi\u00e1s \u00e9 um programa essencial na pol\u00edtica educacional do estado, com o objetivo de garantir que todos os alunos cheguem ao 2\u00b0 ano do Ensino Fundamental com autonomia na leitura e escrita. Para isso, a iniciativa oferece forma\u00e7\u00f5es continuadas, materiais did\u00e1ticos e suporte pedag\u00f3gico aos professores.<\/p>\n\n\n\n<p>A coordenadora do AlfaMais Goi\u00e1s, D\u00e9bora Cristine Camargos, refor\u00e7ou a import\u00e2ncia do programa e o compromisso do estado com a Alfabetiza\u00e7\u00e3o. &#8220;O Governo de Goi\u00e1s, a Seduc\/GO e a Uni\u00e3o Nacional dos Dirigentes Municipais de Educa\u00e7\u00e3o (Undime), est\u00e3o alinhados para fortalecer ainda mais as a\u00e7\u00f5es do AlfaMais, garantindo que toda crian\u00e7a tenha acesso \u00e0 Educa\u00e7\u00e3o de qualidade&#8221;, destacou.<\/p>\n\n\n\n<p><strong>Resultados positivos e reconhecimento<\/strong><\/p>\n\n\n\n<p>A secret\u00e1ria municipal de Educa\u00e7\u00e3o de Santa Rita do Araguaia, Walma Vieira Maia de Oliveira, celebrou os avan\u00e7os proporcionados pelo AlfaMais e a import\u00e2ncia do encontro para os gestores municipais.<\/p>\n\n\n\n<p>\u201cEssa reuni\u00e3o nos orienta sobre como aprimorar o processo de alfabetiza\u00e7\u00e3o. Al\u00e9m disso, duas escolas do nosso munic\u00edpio foram premiadas com o \u2018Pr\u00eamio Leia\u2019 gra\u00e7as ao AlfaMais, o que nos enche de orgulho e refor\u00e7a nosso compromisso com a Educa\u00e7\u00e3o\u201d, afirmou.<\/p>\n\n\n\n<p>Com iniciativas como essa, o Governo de Goi\u00e1s mostra o seu compromisso com uma educa\u00e7\u00e3o p\u00fablica de excel\u00eancia, promovendo estrat\u00e9gias eficazes e incentivando a troca de experi\u00eancias entre os prefeitos e secret\u00e1rios municipais de Goi\u00e1s.<\/p>\n\n\n\n<div class=\"wp-block-group is-nowrap is-layout-flex wp-container-core-group-is-layout-ad2f72ca wp-block-group-is-layout-flex\">\n<figure class=\"wp-block-image size-large\"><img decoding=\"async\" width=\"1024\" height=\"682\" src=\"https:\/\/goias.gov.br\/educacao\/wp-content\/uploads\/sites\/40\/2025\/02\/WhatsApp-Image-2025-02-20-at-16.21.07-1-1-1024x682.jpeg\" alt=\"\" class=\"wp-image-263355\" srcset=\"https:\/\/goias.gov.br\/educacao\/wp-content\/uploads\/sites\/40\/2025\/02\/WhatsApp-Image-2025-02-20-at-16.21.07-1-1-1024x682.jpeg 1024w, https:\/\/goias.gov.br\/educacao\/wp-content\/uploads\/sites\/40\/2025\/02\/WhatsApp-Image-2025-02-20-at-16.21.07-1-1-300x200.jpeg 300w, https:\/\/goias.gov.br\/educacao\/wp-content\/uploads\/sites\/40\/2025\/02\/WhatsApp-Image-2025-02-20-at-16.21.07-1-1-768x512.jpeg 768w, https:\/\/goias.gov.br\/educacao\/wp-content\/uploads\/sites\/40\/2025\/02\/WhatsApp-Image-2025-02-20-at-16.21.07-1-1-1536x1023.jpeg 1536w, https:\/\/goias.gov.br\/educacao\/wp-content\/uploads\/sites\/40\/2025\/02\/WhatsApp-Image-2025-02-20-at-16.21.07-1-1.jpeg 1600w\" sizes=\"(max-width: 1024px) 100vw, 1024px\" \/><\/figure>\n<\/div>\n\n\n\n<p><em>(Texto: Isabele Brand\u00e3o\/Foto: Solimar Oliveira)<\/em><\/p>\n\n\n\n<p><\/p>\n","protected":false},"excerpt":{"rendered":"<p>Reuni\u00e3o foi realizada para discutir iniciativas voltadas ao fortalecimento da Educa\u00e7\u00e3o nos munic\u00edpios goianos O Governo de Goi\u00e1s, por meio da Secretaria de Estado da Educa\u00e7\u00e3o (Seduc\/GO), realizou, nesta quarta-feira (19\/02), o Encontro de Prefeitos e Secret\u00e1rios para Alinhamento de A\u00e7\u00f5es da Seduc\/GO. O evento ocorreu na quadra poliesportiva da secretaria, em Goi\u00e2nia, e reuniu [&hellip;]<\/p>\n","protected":false},"author":633,"featured_media":263343,"comment_status":"closed","ping_status":"open","sticky":false,"template":"","format":"standard","meta":{"footnotes":""},"categories":[4801],"tags":[],"class_list":["post-263213","post","type-post","status-publish","format-standard","has-post-thumbnail","hentry","category-noticias"],"rttpg_featured_image_url":{"full":["https:\/\/goias.gov.br\/educacao\/wp-content\/uploads\/sites\/40\/2025\/02\/WhatsApp-Image-2025-02-20-at-16.21.07.jpeg",1600,1066,false],"landscape":["https:\/\/goias.gov.br\/educacao\/wp-content\/uploads\/sites\/40\/2025\/02\/WhatsApp-Image-2025-02-20-at-16.21.07.jpeg",1600,1066,false],"portraits":["https:\/\/goias.gov.br\/educacao\/wp-content\/uploads\/sites\/40\/2025\/02\/WhatsApp-Image-2025-02-20-at-16.21.07.jpeg",1600,1066,false],"thumbnail":["https:\/\/goias.gov.br\/educacao\/wp-content\/uploads\/sites\/40\/2025\/02\/WhatsApp-Image-2025-02-20-at-16.21.07-150x150.jpeg",150,150,true],"medium":["https:\/\/goias.gov.br\/educacao\/wp-content\/uploads\/sites\/40\/2025\/02\/WhatsApp-Image-2025-02-20-at-16.21.07-300x200.jpeg",300,200,true],"large":["https:\/\/goias.gov.br\/educacao\/wp-content\/uploads\/sites\/40\/2025\/02\/WhatsApp-Image-2025-02-20-at-16.21.07-1024x682.jpeg",1024,682,true],"1536x1536":["https:\/\/goias.gov.br\/educacao\/wp-content\/uploads\/sites\/40\/2025\/02\/WhatsApp-Image-2025-02-20-at-16.21.07-1536x1023.jpeg",1536,1023,true],"2048x2048":["https:\/\/goias.gov.br\/educacao\/wp-content\/uploads\/sites\/40\/2025\/02\/WhatsApp-Image-2025-02-20-at-16.21.07.jpeg",1600,1066,false]},"rttpg_author":{"display_name":"isabellebrandao","author_link":"https:\/\/goias.gov.br\/educacao\/author\/isabellebrandao\/"},"rttpg_comment":0,"rttpg_category":"<a href=\"https:\/\/goias.gov.br\/educacao\/categoria\/noticias\/\" rel=\"category tag\">Not\u00edcias<\/a>","rttpg_excerpt":"Reuni\u00e3o foi realizada para discutir iniciativas voltadas ao fortalecimento da Educa\u00e7\u00e3o nos munic\u00edpios goianos O Governo de Goi\u00e1s, por meio da Secretaria de Estado da Educa\u00e7\u00e3o (Seduc\/GO), realizou, nesta quarta-feira (19\/02), o Encontro de Prefeitos e Secret\u00e1rios para Alinhamento de A\u00e7\u00f5es da Seduc\/GO. O evento ocorreu na quadra poliesportiva da secretaria, em Goi\u00e2nia, e reuniu&hellip;","_links":{"self":[{"href":"https:\/\/goias.gov.br\/educacao\/wp-json\/wp\/v2\/posts\/263213","targetHints":{"allow":["GET"]}}],"collection":[{"href":"https:\/\/goias.gov.br\/educacao\/wp-json\/wp\/v2\/posts"}],"about":[{"href":"https:\/\/goias.gov.br\/educacao\/wp-json\/wp\/v2\/types\/post"}],"author":[{"embeddable":true,"href":"https:\/\/goias.gov.br\/educacao\/wp-json\/wp\/v2\/users\/633"}],"replies":[{"embeddable":true,"href":"https:\/\/goias.gov.br\/educacao\/wp-json\/wp\/v2\/comments?post=263213"}],"version-history":[{"count":1,"href":"https:\/\/goias.gov.br\/educacao\/wp-json\/wp\/v2\/posts\/263213\/revisions"}],"predecessor-version":[{"id":263378,"href":"https:\/\/goias.gov.br\/educacao\/wp-json\/wp\/v2\/posts\/263213\/revisions\/263378"}],"wp:featuredmedia":[{"embeddable":true,"href":"https:\/\/goias.gov.br\/educacao\/wp-json\/wp\/v2\/media\/263343"}],"wp:attachment":[{"href":"https:\/\/goias.gov.br\/educacao\/wp-json\/wp\/v2\/media?parent=263213"}],"wp:term":[{"taxonomy":"category","embeddable":true,"href":"https:\/\/goias.gov.br\/educacao\/wp-json\/wp\/v2\/categories?post=263213"},{"taxonomy":"post_tag","embeddable":true,"href":"https:\/\/goias.gov.br\/educacao\/wp-json\/wp\/v2\/tags?post=263213"}],"curies":[{"name":"wp","href":"https:\/\/api.w.org\/{rel}","templated":true}]}}