

{"id":202779,"date":"2025-01-23T18:19:55","date_gmt":"2025-01-23T21:19:55","guid":{"rendered":"https:\/\/goias.gov.br\/educacao\/?p=202779"},"modified":"2025-01-24T12:42:26","modified_gmt":"2025-01-24T15:42:26","slug":"seduc-go-e-parceira-na-campanha-liga-cidade-limpa-lancada-pelo-governo-de-goias-e-ministerio-publico","status":"publish","type":"post","link":"https:\/\/goias.gov.br\/educacao\/seduc-go-e-parceira-na-campanha-liga-cidade-limpa-lancada-pelo-governo-de-goias-e-ministerio-publico\/","title":{"rendered":"Seduc\/GO \u00e9 uma das parceiras da Campanha Liga Cidade Limpa, lan\u00e7ada pelo Governo de Goi\u00e1s e Minist\u00e9rio P\u00fablico"},"content":{"rendered":"\n<figure class=\"wp-block-image size-large\"><img fetchpriority=\"high\" decoding=\"async\" width=\"1024\" height=\"682\" src=\"https:\/\/goias.gov.br\/educacao\/wp-content\/uploads\/sites\/40\/2025\/01\/WhatsApp-Image-2025-01-23-at-16.54.10-1024x682.jpeg\" alt=\"\" class=\"wp-image-202780\" srcset=\"https:\/\/goias.gov.br\/educacao\/wp-content\/uploads\/sites\/40\/2025\/01\/WhatsApp-Image-2025-01-23-at-16.54.10-1024x682.jpeg 1024w, https:\/\/goias.gov.br\/educacao\/wp-content\/uploads\/sites\/40\/2025\/01\/WhatsApp-Image-2025-01-23-at-16.54.10-300x200.jpeg 300w, https:\/\/goias.gov.br\/educacao\/wp-content\/uploads\/sites\/40\/2025\/01\/WhatsApp-Image-2025-01-23-at-16.54.10-768x512.jpeg 768w, https:\/\/goias.gov.br\/educacao\/wp-content\/uploads\/sites\/40\/2025\/01\/WhatsApp-Image-2025-01-23-at-16.54.10-1536x1023.jpeg 1536w, https:\/\/goias.gov.br\/educacao\/wp-content\/uploads\/sites\/40\/2025\/01\/WhatsApp-Image-2025-01-23-at-16.54.10.jpeg 1600w\" sizes=\"(max-width: 1024px) 100vw, 1024px\" \/><\/figure>\n\n\n\n<p><em>A\u00e7\u00f5es de Educa\u00e7\u00e3o ambiental ser\u00e3o desenvolvidas inicialmente com 131 turmas de 6\u00ba e 7\u00ba anos do Ensino Fundamental da rede estadual de ensino. Objetivo \u00e9 conscientizar sobre a correta destina\u00e7\u00e3o dos res\u00edduos s\u00f3lidos<\/em><\/p>\n\n\n\n<p>O Governo do Estado, em parceria com o Minist\u00e9rio P\u00fablico de Goi\u00e1s (MP\/GO), lan\u00e7ou nesta quarta-feira, (22\/01), a campanha Liga Cidade Limpa \u2013 Separa\u00e7\u00e3o de Res\u00edduos.<\/p>\n\n\n\n<p>E uma das primeiras a\u00e7\u00f5es do projeto \u00e9 a forma\u00e7\u00e3o de professores da rede estadual de ensino, que teve in\u00edcio nesta quinta-feira, (23\/01) em formato online. Foram formadas duas turmas, uma no matutino e outra no vespertino.<\/p>\n\n\n\n<p>\u201cAs aulas ficar\u00e3o dispon\u00edveis no canal do MP\/GO no Youtube e t\u00eam como foco a destina\u00e7\u00e3o correta dos res\u00edduos s\u00f3lidos produzidos nas escolas\u201d, explica Patr\u00edcia de Almeida Assun\u00e7\u00e3o, gerente de Programas e Projetos Intersetoriais e Socioeduca\u00e7\u00e3o da Seduc\/G.<\/p>\n\n\n\n<p>Segundo ela, o projeto ser\u00e1 implantado nas 40 Coordena\u00e7\u00f5es Regionais de Educa\u00e7\u00e3o em, pelo menos, uma turma de 6\u00ba e 7\u00ba anos que ser\u00e3o reagrupadas para se trabalhar nas eletivas de Meio Ambiente. \u201cAtenderemos 131 turmas com 30 alunos cada. Nas escolas, o trabalho com os materiais da campanha ser\u00e1 iniciado no dia 3 de fevereiro\u201d.<\/p>\n\n\n\n<p>Para Patr\u00edcia, \u00e9 de suma import\u00e2ncia trabalhar com os estudantes de 6\u00ba e 7\u00ba anos quando se almeja formar cidad\u00e3os conscientes e fortalecer a cultura de separa\u00e7\u00e3o de res\u00edduos de forma correta. \u201cEu digo que essa campanha j\u00e1 nasceu dando certo, visto que j\u00e1 temos muitos professores inscritos para a forma\u00e7\u00e3o. Sem o engajamento deles n\u00e3o conseguiremos alcan\u00e7ar o nosso p\u00fablico-alvo, que s\u00e3o os estudantes\u201d, afirma.<\/p>\n\n\n\n<p><strong>Educa\u00e7\u00e3o ambiental<\/strong><br>A campanha nasceu na execu\u00e7\u00e3o do projeto institucional Todos Pela PERS, desenvolvido desde 2021 pelo Minist\u00e9rio P\u00fablico, cujo objetivo \u00e9 promover o cumprimento da Pol\u00edtica Nacional de Res\u00edduos S\u00f3lidos (PNRS &#8211; Lei Federal n\u00ba 12.305\/10), com a implementa\u00e7\u00e3o de medidas necess\u00e1rias para a disposi\u00e7\u00e3o final ambientalmente adequada dos res\u00edduos s\u00f3lidos, com vistas ao encerramento dos lix\u00f5es.<\/p>\n\n\n\n<p>No projeto, identificou-se a necessidade de produzir um material de educa\u00e7\u00e3o ambiental sobre o tema, com o fim de oferec\u00ea-lo \u00e0s promotorias de Justi\u00e7a e aos munic\u00edpios, para que possam reproduzi-lo em suas localidades.<\/p>\n\n\n\n<p><strong>Pol\u00edtica p\u00fablica<\/strong><br>O procurador-geral de Justi\u00e7a, Cyro Terra Peres, destacou que o material trata o assunto de forma l\u00fadica para as crian\u00e7as, pois elas ensinam os adultos, mostrando a destina\u00e7\u00e3o correta dos res\u00edduos s\u00f3lidos.<\/p>\n\n\n\n<p>O promotor de Justi\u00e7a Juliano de Barros Ara\u00fajo, um dos coordenadores do Grupo de Atua\u00e7\u00e3o Especial do Meio Ambiente (Gaema) do MP\/GO, explicou que o projeto contar\u00e1 com v\u00e1rios formatos de divulga\u00e7\u00e3o: cartilhas, folders, cartazes, adesivos, outdoors, busdoors, banners, spots de r\u00e1dio, m\u00eddias digitais para redes sociais, v\u00eddeos e jingles.<\/p>\n\n\n\n<p>O promotor observou ainda que o material servir\u00e1 de apoio \u00e0 atua\u00e7\u00e3o final\u00edstica do Minist\u00e9rio P\u00fablico na busca pelo encerramento dos lix\u00f5es e pela gest\u00e3o ambientalmente adequada dos res\u00edduos s\u00f3lidos, na medida em que, al\u00e9m de utilizar uma linguagem \u00fanica em todo o Estado, viabiliza e auxilia todos os munic\u00edpios a promoverem a sensibiliza\u00e7\u00e3o da sociedade sobre a import\u00e2ncia do manejo adequado dos res\u00edduos recicl\u00e1veis, \u201cum tema essencial para o desenvolvimento sustent\u00e1vel e a preserva\u00e7\u00e3o ambiental\u201d.<\/p>\n\n\n\n<p><strong>Sobre a campanha<\/strong><br>A Campanha Liga Cidade Limpa tem como roteiro central as Aventuras da Turma do Super R, a partir de um gibi produzido internamente pelo MP\/GO, que tem oito hist\u00f3rias em quadrinhos protagonizadas pelo her\u00f3i Super R (cesto de res\u00edduos recicl\u00e1veis) e seus amigos Natureba (cesto de res\u00edduos org\u00e2nicos) e Jeitoso (cesto destinado aos rejeitos).<\/p>\n\n\n\n<p>Juntos, eles ensinam as crian\u00e7as e, por extens\u00e3o, os adultos, sobre a correta separa\u00e7\u00e3o dos res\u00edduos s\u00f3lidos em casa e na escola, abordando temas como coleta seletiva, rejeitos, descarte adequado de \u00f3leo de cozinha, pilhas e baterias e aterros sanit\u00e1rios.<\/p>\n\n\n\n<p>Todo o material desenvolvido estar\u00e1 dispon\u00edvel, em vers\u00e3o digital, \u00e0s promotorias de Justi\u00e7a para que possam articular com os munic\u00edpios e a sociedades locais a reprodu\u00e7\u00e3o impressa, a veicula\u00e7\u00e3o em r\u00e1dios, a divulga\u00e7\u00e3o em redes sociais, a instala\u00e7\u00e3o de outdoors, enfim, replicar e utilizar amplamente na conscientiza\u00e7\u00e3o da popula\u00e7\u00e3o.<\/p>\n\n\n\n<p><strong>Parceria<\/strong><br>A iniciativa da campanha no \u00e2mbito do MP coube \u00e0 \u00c1rea do Meio Ambiente e Consumidor do Centro de Apoio Operacional (Caomac), Gaema, Superintend\u00eancia de Planejamento e Gest\u00e3o (Suplan) e a Assessoria de Comunica\u00e7\u00e3o Social.<\/p>\n\n\n\n<p>No Estado, a parceria abrange as Secretarias de Estado de Comunica\u00e7\u00e3o (Secom), de Educa\u00e7\u00e3o (Seduc), de Meio Ambiente e Desenvolvimento Sustent\u00e1vel (Semad) e da Retomada. <em>(Texto: Maria Jos\u00e9 Rodrigues \/ Fotos: Solimar de Oliveira) <\/em><\/p>\n\n\n\n<p><\/p>\n\n\n\n<p><\/p>\n","protected":false},"excerpt":{"rendered":"<p>A\u00e7\u00f5es de Educa\u00e7\u00e3o ambiental ser\u00e3o desenvolvidas inicialmente com 131 turmas de 6\u00ba e 7\u00ba anos do Ensino Fundamental da rede estadual de ensino. Objetivo \u00e9 conscientizar sobre a correta destina\u00e7\u00e3o dos res\u00edduos s\u00f3lidos O Governo do Estado, em parceria com o Minist\u00e9rio P\u00fablico de Goi\u00e1s (MP\/GO), lan\u00e7ou nesta quarta-feira, (22\/01), a campanha Liga Cidade Limpa [&hellip;]<\/p>\n","protected":false},"author":459,"featured_media":202781,"comment_status":"closed","ping_status":"open","sticky":false,"template":"","format":"standard","meta":{"footnotes":""},"categories":[4801],"tags":[],"class_list":["post-202779","post","type-post","status-publish","format-standard","has-post-thumbnail","hentry","category-noticias"],"rttpg_featured_image_url":{"full":["https:\/\/goias.gov.br\/educacao\/wp-content\/uploads\/sites\/40\/2025\/01\/WhatsApp-Image-2025-01-23-at-16.54.10-1.jpeg",1600,1066,false],"landscape":["https:\/\/goias.gov.br\/educacao\/wp-content\/uploads\/sites\/40\/2025\/01\/WhatsApp-Image-2025-01-23-at-16.54.10-1.jpeg",1600,1066,false],"portraits":["https:\/\/goias.gov.br\/educacao\/wp-content\/uploads\/sites\/40\/2025\/01\/WhatsApp-Image-2025-01-23-at-16.54.10-1.jpeg",1600,1066,false],"thumbnail":["https:\/\/goias.gov.br\/educacao\/wp-content\/uploads\/sites\/40\/2025\/01\/WhatsApp-Image-2025-01-23-at-16.54.10-1-150x150.jpeg",150,150,true],"medium":["https:\/\/goias.gov.br\/educacao\/wp-content\/uploads\/sites\/40\/2025\/01\/WhatsApp-Image-2025-01-23-at-16.54.10-1-300x200.jpeg",300,200,true],"large":["https:\/\/goias.gov.br\/educacao\/wp-content\/uploads\/sites\/40\/2025\/01\/WhatsApp-Image-2025-01-23-at-16.54.10-1-1024x682.jpeg",1024,682,true],"1536x1536":["https:\/\/goias.gov.br\/educacao\/wp-content\/uploads\/sites\/40\/2025\/01\/WhatsApp-Image-2025-01-23-at-16.54.10-1-1536x1023.jpeg",1536,1023,true],"2048x2048":["https:\/\/goias.gov.br\/educacao\/wp-content\/uploads\/sites\/40\/2025\/01\/WhatsApp-Image-2025-01-23-at-16.54.10-1.jpeg",1600,1066,false]},"rttpg_author":{"display_name":"mariajrodrigues","author_link":"https:\/\/goias.gov.br\/educacao\/author\/mariajrodrigues\/"},"rttpg_comment":0,"rttpg_category":"<a href=\"https:\/\/goias.gov.br\/educacao\/categoria\/noticias\/\" rel=\"category tag\">Not\u00edcias<\/a>","rttpg_excerpt":"A\u00e7\u00f5es de Educa\u00e7\u00e3o ambiental ser\u00e3o desenvolvidas inicialmente com 131 turmas de 6\u00ba e 7\u00ba anos do Ensino Fundamental da rede estadual de ensino. Objetivo \u00e9 conscientizar sobre a correta destina\u00e7\u00e3o dos res\u00edduos s\u00f3lidos O Governo do Estado, em parceria com o Minist\u00e9rio P\u00fablico de Goi\u00e1s (MP\/GO), lan\u00e7ou nesta quarta-feira, (22\/01), a campanha Liga Cidade Limpa&hellip;","_links":{"self":[{"href":"https:\/\/goias.gov.br\/educacao\/wp-json\/wp\/v2\/posts\/202779","targetHints":{"allow":["GET"]}}],"collection":[{"href":"https:\/\/goias.gov.br\/educacao\/wp-json\/wp\/v2\/posts"}],"about":[{"href":"https:\/\/goias.gov.br\/educacao\/wp-json\/wp\/v2\/types\/post"}],"author":[{"embeddable":true,"href":"https:\/\/goias.gov.br\/educacao\/wp-json\/wp\/v2\/users\/459"}],"replies":[{"embeddable":true,"href":"https:\/\/goias.gov.br\/educacao\/wp-json\/wp\/v2\/comments?post=202779"}],"version-history":[{"count":2,"href":"https:\/\/goias.gov.br\/educacao\/wp-json\/wp\/v2\/posts\/202779\/revisions"}],"predecessor-version":[{"id":202872,"href":"https:\/\/goias.gov.br\/educacao\/wp-json\/wp\/v2\/posts\/202779\/revisions\/202872"}],"wp:featuredmedia":[{"embeddable":true,"href":"https:\/\/goias.gov.br\/educacao\/wp-json\/wp\/v2\/media\/202781"}],"wp:attachment":[{"href":"https:\/\/goias.gov.br\/educacao\/wp-json\/wp\/v2\/media?parent=202779"}],"wp:term":[{"taxonomy":"category","embeddable":true,"href":"https:\/\/goias.gov.br\/educacao\/wp-json\/wp\/v2\/categories?post=202779"},{"taxonomy":"post_tag","embeddable":true,"href":"https:\/\/goias.gov.br\/educacao\/wp-json\/wp\/v2\/tags?post=202779"}],"curies":[{"name":"wp","href":"https:\/\/api.w.org\/{rel}","templated":true}]}}