

{"id":201760,"date":"2025-01-13T11:11:26","date_gmt":"2025-01-13T14:11:26","guid":{"rendered":"https:\/\/goias.gov.br\/educacao\/?p=201760"},"modified":"2025-01-13T11:11:28","modified_gmt":"2025-01-13T14:11:28","slug":"alexandre-de-almeida-pantaleao","status":"publish","type":"post","link":"https:\/\/goias.gov.br\/educacao\/alexandre-de-almeida-pantaleao\/","title":{"rendered":"Alexandre de Almeida Pantale\u00e3o"},"content":{"rendered":"\n<figure class=\"wp-block-image size-full is-resized\"><img fetchpriority=\"high\" decoding=\"async\" width=\"557\" height=\"609\" src=\"https:\/\/goias.gov.br\/educacao\/wp-content\/uploads\/sites\/40\/2025\/01\/FOTO-ALEXANDRE-DE-ALMEIDA-PANTALEAO-.jpg\" alt=\"\" class=\"wp-image-201761\" style=\"width:191px;height:auto\" srcset=\"https:\/\/goias.gov.br\/educacao\/wp-content\/uploads\/sites\/40\/2025\/01\/FOTO-ALEXANDRE-DE-ALMEIDA-PANTALEAO-.jpg 557w, https:\/\/goias.gov.br\/educacao\/wp-content\/uploads\/sites\/40\/2025\/01\/FOTO-ALEXANDRE-DE-ALMEIDA-PANTALEAO--274x300.jpg 274w\" sizes=\"(max-width: 557px) 100vw, 557px\" \/><\/figure>\n\n\n\n<p>Com muita como\u00e7\u00e3o e tristeza, a Secretaria de Estado da Educa\u00e7\u00e3o (Seduc\/GO) comunica o falecimento do professor Alexandre de Almeida Pantale\u00e3o neste domingo, (12\/01).<br>Alexandre tinha 42 e lecionava Hist\u00f3ria no Centro de Ensino em Per\u00edodo Integral (Cepi) Cora\u00e7\u00e3o de Jesus, em Goi\u00e2nia. Profissional dedicado e comprometido com sua miss\u00e3o, ele era professor efetivo da rede estadual de Educa\u00e7\u00e3o desde 2010.<br>Nosso desejo nesse momento de tamanha dor para os amigos e familiares \u00e9 de que Deus console o cora\u00e7\u00e3o de todos e traga serenidade para enfrentar essa irrepar\u00e1vel perda.<\/p>\n\n\n\n<p><\/p>\n","protected":false},"excerpt":{"rendered":"<p>Com muita como\u00e7\u00e3o e tristeza, a Secretaria de Estado da Educa\u00e7\u00e3o (Seduc\/GO) comunica o falecimento do professor Alexandre de Almeida Pantale\u00e3o neste domingo, (12\/01).Alexandre tinha 42 e lecionava Hist\u00f3ria no Centro de Ensino em Per\u00edodo Integral (Cepi) Cora\u00e7\u00e3o de Jesus, em Goi\u00e2nia. Profissional dedicado e comprometido com sua miss\u00e3o, ele era professor efetivo da rede [&hellip;]<\/p>\n","protected":false},"author":459,"featured_media":0,"comment_status":"closed","ping_status":"open","sticky":false,"template":"","format":"standard","meta":{"footnotes":""},"categories":[4826],"tags":[],"class_list":["post-201760","post","type-post","status-publish","format-standard","hentry","category-nota-de-pesar"],"rttpg_featured_image_url":null,"rttpg_author":{"display_name":"mariajrodrigues","author_link":"https:\/\/goias.gov.br\/educacao\/author\/mariajrodrigues\/"},"rttpg_comment":0,"rttpg_category":"<a href=\"https:\/\/goias.gov.br\/educacao\/categoria\/nota-de-pesar\/\" rel=\"category tag\">Nota de pesar<\/a>","rttpg_excerpt":"Com muita como\u00e7\u00e3o e tristeza, a Secretaria de Estado da Educa\u00e7\u00e3o (Seduc\/GO) comunica o falecimento do professor Alexandre de Almeida Pantale\u00e3o neste domingo, (12\/01).Alexandre tinha 42 e lecionava Hist\u00f3ria no Centro de Ensino em Per\u00edodo Integral (Cepi) Cora\u00e7\u00e3o de Jesus, em Goi\u00e2nia. Profissional dedicado e comprometido com sua miss\u00e3o, ele era professor efetivo da rede&hellip;","_links":{"self":[{"href":"https:\/\/goias.gov.br\/educacao\/wp-json\/wp\/v2\/posts\/201760","targetHints":{"allow":["GET"]}}],"collection":[{"href":"https:\/\/goias.gov.br\/educacao\/wp-json\/wp\/v2\/posts"}],"about":[{"href":"https:\/\/goias.gov.br\/educacao\/wp-json\/wp\/v2\/types\/post"}],"author":[{"embeddable":true,"href":"https:\/\/goias.gov.br\/educacao\/wp-json\/wp\/v2\/users\/459"}],"replies":[{"embeddable":true,"href":"https:\/\/goias.gov.br\/educacao\/wp-json\/wp\/v2\/comments?post=201760"}],"version-history":[{"count":1,"href":"https:\/\/goias.gov.br\/educacao\/wp-json\/wp\/v2\/posts\/201760\/revisions"}],"predecessor-version":[{"id":201762,"href":"https:\/\/goias.gov.br\/educacao\/wp-json\/wp\/v2\/posts\/201760\/revisions\/201762"}],"wp:attachment":[{"href":"https:\/\/goias.gov.br\/educacao\/wp-json\/wp\/v2\/media?parent=201760"}],"wp:term":[{"taxonomy":"category","embeddable":true,"href":"https:\/\/goias.gov.br\/educacao\/wp-json\/wp\/v2\/categories?post=201760"},{"taxonomy":"post_tag","embeddable":true,"href":"https:\/\/goias.gov.br\/educacao\/wp-json\/wp\/v2\/tags?post=201760"}],"curies":[{"name":"wp","href":"https:\/\/api.w.org\/{rel}","templated":true}]}}