

{"id":201153,"date":"2025-01-06T15:36:02","date_gmt":"2025-01-06T18:36:02","guid":{"rendered":"https:\/\/goias.gov.br\/educacao\/?p=201153"},"modified":"2025-01-12T12:34:21","modified_gmt":"2025-01-12T15:34:21","slug":"nota-de-pesar-34","status":"publish","type":"post","link":"https:\/\/goias.gov.br\/educacao\/nota-de-pesar-34\/","title":{"rendered":"Maristela Cruvinel de Oliveira Silva"},"content":{"rendered":"\n<figure class=\"wp-block-image size-full\"><img fetchpriority=\"high\" decoding=\"async\" width=\"509\" height=\"424\" src=\"https:\/\/goias.gov.br\/educacao\/wp-content\/uploads\/sites\/40\/2025\/01\/MARISTELA-CRUVINEL-.jpg\" alt=\"\" class=\"wp-image-201751\" srcset=\"https:\/\/goias.gov.br\/educacao\/wp-content\/uploads\/sites\/40\/2025\/01\/MARISTELA-CRUVINEL-.jpg 509w, https:\/\/goias.gov.br\/educacao\/wp-content\/uploads\/sites\/40\/2025\/01\/MARISTELA-CRUVINEL--300x250.jpg 300w\" sizes=\"(max-width: 509px) 100vw, 509px\" \/><\/figure>\n\n\n\n<p>A Secretaria de Estado da Educa\u00e7\u00e3o de Goi\u00e1s (Seduc) manifesta profundo pesar pelo falecimento da gestora Maristela Cruvinel de Oliveira Silva, ocorrido neste domingo (05\/01), no munic\u00edpio de Rio Verde.<\/p>\n\n\n\n<p>Com uma trajet\u00f3ria de 30 anos dedicados \u00e0 Educa\u00e7\u00e3o, Maristela foi gestora do Col\u00e9gio de Ensino em Per\u00edodo Integral Jo\u00e3o Veloso do Carmo, em Rio verde onde conquistou o respeito e a admira\u00e7\u00e3o de alunos e colegas, tamb\u00e9m, era esposa e m\u00e3e de duas filhas.<\/p>\n\n\n\n<p>Maristela deixa um legado de compromisso, inspira\u00e7\u00e3o e amor pelo ensino, marcando a vida de todos que tiveram o privil\u00e9gio de conviver com ela. A Seduc se solidariza com familiares e amigos neste momento de dor, rogando para que Deus a acolha e lhe conceda o descanso eterno.<\/p>\n\n\n\n<p><\/p>\n\n\n\n<p><\/p>\n","protected":false},"excerpt":{"rendered":"<p>A Secretaria de Estado da Educa\u00e7\u00e3o de Goi\u00e1s (Seduc) manifesta profundo pesar pelo falecimento da gestora Maristela Cruvinel de Oliveira Silva, ocorrido neste domingo (05\/01), no munic\u00edpio de Rio Verde. Com uma trajet\u00f3ria de 30 anos dedicados \u00e0 Educa\u00e7\u00e3o, Maristela foi gestora do Col\u00e9gio de Ensino em Per\u00edodo Integral Jo\u00e3o Veloso do Carmo, em Rio [&hellip;]<\/p>\n","protected":false},"author":633,"featured_media":0,"comment_status":"closed","ping_status":"open","sticky":false,"template":"","format":"standard","meta":{"footnotes":""},"categories":[4826],"tags":[],"class_list":["post-201153","post","type-post","status-publish","format-standard","hentry","category-nota-de-pesar"],"rttpg_featured_image_url":null,"rttpg_author":{"display_name":"isabellebrandao","author_link":"https:\/\/goias.gov.br\/educacao\/author\/isabellebrandao\/"},"rttpg_comment":0,"rttpg_category":"<a href=\"https:\/\/goias.gov.br\/educacao\/categoria\/nota-de-pesar\/\" rel=\"category tag\">Nota de pesar<\/a>","rttpg_excerpt":"A Secretaria de Estado da Educa\u00e7\u00e3o de Goi\u00e1s (Seduc) manifesta profundo pesar pelo falecimento da gestora Maristela Cruvinel de Oliveira Silva, ocorrido neste domingo (05\/01), no munic\u00edpio de Rio Verde. Com uma trajet\u00f3ria de 30 anos dedicados \u00e0 Educa\u00e7\u00e3o, Maristela foi gestora do Col\u00e9gio de Ensino em Per\u00edodo Integral Jo\u00e3o Veloso do Carmo, em Rio&hellip;","_links":{"self":[{"href":"https:\/\/goias.gov.br\/educacao\/wp-json\/wp\/v2\/posts\/201153","targetHints":{"allow":["GET"]}}],"collection":[{"href":"https:\/\/goias.gov.br\/educacao\/wp-json\/wp\/v2\/posts"}],"about":[{"href":"https:\/\/goias.gov.br\/educacao\/wp-json\/wp\/v2\/types\/post"}],"author":[{"embeddable":true,"href":"https:\/\/goias.gov.br\/educacao\/wp-json\/wp\/v2\/users\/633"}],"replies":[{"embeddable":true,"href":"https:\/\/goias.gov.br\/educacao\/wp-json\/wp\/v2\/comments?post=201153"}],"version-history":[{"count":2,"href":"https:\/\/goias.gov.br\/educacao\/wp-json\/wp\/v2\/posts\/201153\/revisions"}],"predecessor-version":[{"id":201753,"href":"https:\/\/goias.gov.br\/educacao\/wp-json\/wp\/v2\/posts\/201153\/revisions\/201753"}],"wp:attachment":[{"href":"https:\/\/goias.gov.br\/educacao\/wp-json\/wp\/v2\/media?parent=201153"}],"wp:term":[{"taxonomy":"category","embeddable":true,"href":"https:\/\/goias.gov.br\/educacao\/wp-json\/wp\/v2\/categories?post=201153"},{"taxonomy":"post_tag","embeddable":true,"href":"https:\/\/goias.gov.br\/educacao\/wp-json\/wp\/v2\/tags?post=201153"}],"curies":[{"name":"wp","href":"https:\/\/api.w.org\/{rel}","templated":true}]}}