

{"id":166021,"date":"2024-10-28T15:25:01","date_gmt":"2024-10-28T18:25:01","guid":{"rendered":"https:\/\/goias.gov.br\/educacao\/?p=166021"},"modified":"2024-10-28T15:29:51","modified_gmt":"2024-10-28T18:29:51","slug":"tania-maria-ventura","status":"publish","type":"post","link":"https:\/\/goias.gov.br\/educacao\/tania-maria-ventura\/","title":{"rendered":"T\u00e2nia Maria Ventura"},"content":{"rendered":"\n<p>Nota de Pesar<\/p>\n\n\n\n<p>A Secretaria de Estado da Educa\u00e7\u00e3o de Goi\u00e1s (Seduc\/GO) lamenta, com profundo pesar, a morte da servidora T\u00e2nia Maria Ventura, ocorrida na quarta-feira, dia 23\/10, por complica\u00e7\u00f5es p\u00f3s-tratamento de C\u00e2ncer.<\/p>\n\n\n\n<p>T\u00e2nia era formada em Hist\u00f3ria e trabalhava na Superintend\u00eancia de Desporto Educacional, Arte e Educa\u00e7\u00e3o\/Coordena\u00e7\u00e3o Pedag\u00f3gica de Desporto, Arte Educa\u00e7\u00e3o, na sede da Seduc\/GO, em Goi\u00e2nia.<\/p>\n\n\n\n<p>A Seduc\/GO, em nome da rede p\u00fablica estadual de ensino, roga a Deus conforto, paz e bem aos amigos e colegas de T\u00e2nia, e, em especial, os seus pais, neste momento de dor e tristeza.<\/p>\n\n\n\n<p><strong>Secretaria de Estado da Educa\u00e7\u00e3o de Goi\u00e1s \u2013 Seduc\/GO<\/strong><\/p>\n\n\n\n<figure class=\"wp-block-image size-full\"><img fetchpriority=\"high\" decoding=\"async\" width=\"470\" height=\"444\" src=\"https:\/\/goias.gov.br\/educacao\/wp-content\/uploads\/sites\/40\/2024\/10\/WhatsApp-Image-2024-10-28-at-12.39.15.jpeg\" alt=\"\" class=\"wp-image-166039\" srcset=\"https:\/\/goias.gov.br\/educacao\/wp-content\/uploads\/sites\/40\/2024\/10\/WhatsApp-Image-2024-10-28-at-12.39.15.jpeg 470w, https:\/\/goias.gov.br\/educacao\/wp-content\/uploads\/sites\/40\/2024\/10\/WhatsApp-Image-2024-10-28-at-12.39.15-300x283.jpeg 300w\" sizes=\"(max-width: 470px) 100vw, 470px\" \/><\/figure>\n","protected":false},"excerpt":{"rendered":"<p>Nota de Pesar A Secretaria de Estado da Educa\u00e7\u00e3o de Goi\u00e1s (Seduc\/GO) lamenta, com profundo pesar, a morte da servidora T\u00e2nia Maria Ventura, ocorrida na quarta-feira, dia 23\/10, por complica\u00e7\u00f5es p\u00f3s-tratamento de C\u00e2ncer. T\u00e2nia era formada em Hist\u00f3ria e trabalhava na Superintend\u00eancia de Desporto Educacional, Arte e Educa\u00e7\u00e3o\/Coordena\u00e7\u00e3o Pedag\u00f3gica de Desporto, Arte Educa\u00e7\u00e3o, na sede [&hellip;]<\/p>\n","protected":false},"author":458,"featured_media":0,"comment_status":"closed","ping_status":"open","sticky":false,"template":"","format":"standard","meta":{"footnotes":""},"categories":[4826],"tags":[],"class_list":["post-166021","post","type-post","status-publish","format-standard","hentry","category-nota-de-pesar"],"rttpg_featured_image_url":null,"rttpg_author":{"display_name":"marcleymatos","author_link":"https:\/\/goias.gov.br\/educacao\/author\/marcleymatos\/"},"rttpg_comment":0,"rttpg_category":"<a href=\"https:\/\/goias.gov.br\/educacao\/categoria\/nota-de-pesar\/\" rel=\"category tag\">Nota de pesar<\/a>","rttpg_excerpt":"Nota de Pesar A Secretaria de Estado da Educa\u00e7\u00e3o de Goi\u00e1s (Seduc\/GO) lamenta, com profundo pesar, a morte da servidora T\u00e2nia Maria Ventura, ocorrida na quarta-feira, dia 23\/10, por complica\u00e7\u00f5es p\u00f3s-tratamento de C\u00e2ncer. T\u00e2nia era formada em Hist\u00f3ria e trabalhava na Superintend\u00eancia de Desporto Educacional, Arte e Educa\u00e7\u00e3o\/Coordena\u00e7\u00e3o Pedag\u00f3gica de Desporto, Arte Educa\u00e7\u00e3o, na sede&hellip;","_links":{"self":[{"href":"https:\/\/goias.gov.br\/educacao\/wp-json\/wp\/v2\/posts\/166021","targetHints":{"allow":["GET"]}}],"collection":[{"href":"https:\/\/goias.gov.br\/educacao\/wp-json\/wp\/v2\/posts"}],"about":[{"href":"https:\/\/goias.gov.br\/educacao\/wp-json\/wp\/v2\/types\/post"}],"author":[{"embeddable":true,"href":"https:\/\/goias.gov.br\/educacao\/wp-json\/wp\/v2\/users\/458"}],"replies":[{"embeddable":true,"href":"https:\/\/goias.gov.br\/educacao\/wp-json\/wp\/v2\/comments?post=166021"}],"version-history":[{"count":1,"href":"https:\/\/goias.gov.br\/educacao\/wp-json\/wp\/v2\/posts\/166021\/revisions"}],"predecessor-version":[{"id":166047,"href":"https:\/\/goias.gov.br\/educacao\/wp-json\/wp\/v2\/posts\/166021\/revisions\/166047"}],"wp:attachment":[{"href":"https:\/\/goias.gov.br\/educacao\/wp-json\/wp\/v2\/media?parent=166021"}],"wp:term":[{"taxonomy":"category","embeddable":true,"href":"https:\/\/goias.gov.br\/educacao\/wp-json\/wp\/v2\/categories?post=166021"},{"taxonomy":"post_tag","embeddable":true,"href":"https:\/\/goias.gov.br\/educacao\/wp-json\/wp\/v2\/tags?post=166021"}],"curies":[{"name":"wp","href":"https:\/\/api.w.org\/{rel}","templated":true}]}}