

{"id":131299,"date":"2024-08-29T10:27:49","date_gmt":"2024-08-29T13:27:49","guid":{"rendered":"https:\/\/goias.gov.br\/educacao\/?p=131299"},"modified":"2024-08-29T10:27:51","modified_gmt":"2024-08-29T13:27:51","slug":"franco-helis-de-brito-brandao","status":"publish","type":"post","link":"https:\/\/goias.gov.br\/educacao\/franco-helis-de-brito-brandao\/","title":{"rendered":"Franco Helis de Brito Brand\u00e3o"},"content":{"rendered":"\n<figure class=\"wp-block-image size-full is-resized\"><img fetchpriority=\"high\" decoding=\"async\" width=\"510\" height=\"421\" src=\"https:\/\/goias.gov.br\/educacao\/wp-content\/uploads\/sites\/40\/2024\/08\/FRANCIS-C.-E.-JOAO-CARNEIRO-DOS-SANTOS-.jpg\" alt=\"\" class=\"wp-image-131300\" style=\"width:486px;height:auto\" srcset=\"https:\/\/goias.gov.br\/educacao\/wp-content\/uploads\/sites\/40\/2024\/08\/FRANCIS-C.-E.-JOAO-CARNEIRO-DOS-SANTOS-.jpg 510w, https:\/\/goias.gov.br\/educacao\/wp-content\/uploads\/sites\/40\/2024\/08\/FRANCIS-C.-E.-JOAO-CARNEIRO-DOS-SANTOS--300x248.jpg 300w\" sizes=\"(max-width: 510px) 100vw, 510px\" \/><\/figure>\n\n\n\n<p>\u00c9 com muita tristeza que a Secretaria de Estado da Educa\u00e7\u00e3o de Goi\u00e1s (Seduc\/GO) informa o falecimento do servidor Franco Helis de Brito Brand\u00e3o. Profissional s\u00e9rio e comprometido com suas fun\u00e7\u00f5es, Franco dedicou 30 anos de sua vida \u00e0 rede estadual de educa\u00e7\u00e3o. Atualmente estava lotado no Col\u00e9gio Estadual Jo\u00e3o Carneiro dos Santos, em Senador Canedo. Aos familiares, amigos e colegas de trabalho, os nossos mais profundos sentimentos de pesar.<\/p>\n","protected":false},"excerpt":{"rendered":"<p>\u00c9 com muita tristeza que a Secretaria de Estado da Educa\u00e7\u00e3o de Goi\u00e1s (Seduc\/GO) informa o falecimento do servidor Franco Helis de Brito Brand\u00e3o. Profissional s\u00e9rio e comprometido com suas fun\u00e7\u00f5es, Franco dedicou 30 anos de sua vida \u00e0 rede estadual de educa\u00e7\u00e3o. Atualmente estava lotado no Col\u00e9gio Estadual Jo\u00e3o Carneiro dos Santos, em Senador [&hellip;]<\/p>\n","protected":false},"author":459,"featured_media":0,"comment_status":"closed","ping_status":"open","sticky":false,"template":"","format":"standard","meta":{"footnotes":""},"categories":[4826],"tags":[],"class_list":["post-131299","post","type-post","status-publish","format-standard","hentry","category-nota-de-pesar"],"rttpg_featured_image_url":null,"rttpg_author":{"display_name":"mariajrodrigues","author_link":"https:\/\/goias.gov.br\/educacao\/author\/mariajrodrigues\/"},"rttpg_comment":0,"rttpg_category":"<a href=\"https:\/\/goias.gov.br\/educacao\/categoria\/nota-de-pesar\/\" rel=\"category tag\">Nota de pesar<\/a>","rttpg_excerpt":"\u00c9 com muita tristeza que a Secretaria de Estado da Educa\u00e7\u00e3o de Goi\u00e1s (Seduc\/GO) informa o falecimento do servidor Franco Helis de Brito Brand\u00e3o. Profissional s\u00e9rio e comprometido com suas fun\u00e7\u00f5es, Franco dedicou 30 anos de sua vida \u00e0 rede estadual de educa\u00e7\u00e3o. Atualmente estava lotado no Col\u00e9gio Estadual Jo\u00e3o Carneiro dos Santos, em Senador&hellip;","_links":{"self":[{"href":"https:\/\/goias.gov.br\/educacao\/wp-json\/wp\/v2\/posts\/131299","targetHints":{"allow":["GET"]}}],"collection":[{"href":"https:\/\/goias.gov.br\/educacao\/wp-json\/wp\/v2\/posts"}],"about":[{"href":"https:\/\/goias.gov.br\/educacao\/wp-json\/wp\/v2\/types\/post"}],"author":[{"embeddable":true,"href":"https:\/\/goias.gov.br\/educacao\/wp-json\/wp\/v2\/users\/459"}],"replies":[{"embeddable":true,"href":"https:\/\/goias.gov.br\/educacao\/wp-json\/wp\/v2\/comments?post=131299"}],"version-history":[{"count":1,"href":"https:\/\/goias.gov.br\/educacao\/wp-json\/wp\/v2\/posts\/131299\/revisions"}],"predecessor-version":[{"id":131301,"href":"https:\/\/goias.gov.br\/educacao\/wp-json\/wp\/v2\/posts\/131299\/revisions\/131301"}],"wp:attachment":[{"href":"https:\/\/goias.gov.br\/educacao\/wp-json\/wp\/v2\/media?parent=131299"}],"wp:term":[{"taxonomy":"category","embeddable":true,"href":"https:\/\/goias.gov.br\/educacao\/wp-json\/wp\/v2\/categories?post=131299"},{"taxonomy":"post_tag","embeddable":true,"href":"https:\/\/goias.gov.br\/educacao\/wp-json\/wp\/v2\/tags?post=131299"}],"curies":[{"name":"wp","href":"https:\/\/api.w.org\/{rel}","templated":true}]}}