

{"id":100799,"date":"2024-07-03T15:16:34","date_gmt":"2024-07-03T18:16:34","guid":{"rendered":"https:\/\/goias.gov.br\/educacao\/?p=100799"},"modified":"2025-06-03T11:42:29","modified_gmt":"2025-06-03T14:42:29","slug":"contratos-de-locacao-de-imoveis","status":"publish","type":"post","link":"https:\/\/goias.gov.br\/educacao\/contratos-de-locacao-de-imoveis\/","title":{"rendered":"Contratos de loca\u00e7\u00e3o de im\u00f3veis"},"content":{"rendered":"\n<p><a href=\"https:\/\/goias.gov.br\/educacao\/wp-content\/uploads\/sites\/40\/2024\/AcessoaInformacao\/LocacaoImoveis\/Contrato_Locacao_Imoveis.xlsx\">Contratos de loca\u00e7\u00e3o de im\u00f3veis &#8211; Excel<\/a><\/p>\n\n\n\n<table class=\"planilhaview display\" style=\"width:100%\"><thead><tr><th>Contratos de loca\u00e7\u00e3o de im\u00f3veis<\/th><th><\/th><th><\/th><th><\/th><th><\/th><th><\/th><th><\/th><th><\/th><th><\/th><th><\/th><th><\/th><th><\/th><th><\/th><\/tr><tr><th><input type=\"text\" placeholder=\"Filtrar Contratos de loca\u00e7\u00e3o de im\u00f3veis\"><\/th><th><input type=\"text\" placeholder=\"Filtrar \"><\/th><th><input type=\"text\" placeholder=\"Filtrar \"><\/th><th><input type=\"text\" placeholder=\"Filtrar \"><\/th><th><input type=\"text\" placeholder=\"Filtrar \"><\/th><th><input type=\"text\" placeholder=\"Filtrar \"><\/th><th><input type=\"text\" placeholder=\"Filtrar \"><\/th><th><input type=\"text\" placeholder=\"Filtrar \"><\/th><th><input type=\"text\" placeholder=\"Filtrar \"><\/th><th><input type=\"text\" placeholder=\"Filtrar \"><\/th><th><input type=\"text\" placeholder=\"Filtrar \"><\/th><th><input type=\"text\" placeholder=\"Filtrar \"><\/th><th><input type=\"text\" placeholder=\"Filtrar \"><\/th><\/tr><\/thead><tbody><tr><td style=\"color: #000000; background-color: #DAF2D0;font-weight: bold;\">ANO<\/td><td style=\"color: #000000; background-color: #DAF2D0;font-weight: bold;\">REQUISITANTE <\/td><td style=\"color: #000000; background-color: #DAF2D0;font-weight: bold;\">QUALIFICA\u00c7\u00c3O DAS PARTES <\/td><td style=\"color: #000000; background-color: #DAF2D0;font-weight: bold;\">ENDERE\u00c7O DO IM\u00d3VEL <\/td><td style=\"color: #000000; background-color: #DAF2D0;font-weight: bold;\">CIDADE<\/td><td style=\"color: #000000; background-color: #DAF2D0;font-weight: bold;\">DESCRI\u00c7\u00c3O DO IM\u00d3VEL <\/td><td style=\"color: #000000; background-color: #DAF2D0;font-weight: bold;\">FINALIDADE <\/td><td style=\"color: #000000; background-color: #DAF2D0;font-weight: bold;\">OBJETO<\/td><td style=\"color: #000000; background-color: #DAF2D0;font-weight: bold;\">VALOR MENSAL<\/td><td style=\"color: #000000; background-color: #DAF2D0;font-weight: bold;\">PRAZO <\/td><td style=\"color: #000000; background-color: #DAF2D0;font-weight: bold;\">IN\u00cdCIO <\/td><td style=\"color: #000000; background-color: #DAF2D0;font-weight: bold;\">FINAL <\/td><td style=\"color: #000000; background-color: #DAF2D0;font-weight: bold;\">REAJUSTE\/ PORCENTAGEM<\/td><\/tr><tr><td style=\"color: #000000; background-color: #FFFFFF;\">2024<\/td><td style=\"color: #000000; background-color: #FFFFFF;\">CRE \u00c1guas Lindas<\/td><td style=\"color: #000000; background-color: #FFFFFF;\">CONTRATO N\u00ba 213\/13, que entre si celebram o ESTADO DE GOI\u00c1S por meio da SECRETARIA DE ESTADO DA EDUCA\u00c7\u00c3O, CULTURA E ESPORTE e MARCOS AUR\u00c9LIO VIANA DA CUNHA e CAMILA ORIGA VIANA DA CUNHA.<\/td><td style=\"color: #000000; background-color: #FFFFFF;\">Rua 12, Qd. 31, Lotes 25\/26\/35\/36\/37\/38\/39, Residencial Camp Clube, \u00c1guas Lindas de Goi\u00e1s\/GO<\/td><td style=\"color: #000000; background-color: #FFFFFF;\">\u00c1guas Lindas de Goi\u00e1s\/GO<\/td><td style=\"color: #000000; background-color: #FFFFFF;\">Im\u00f3vel comercial, contendo 01 varanda, 06 salas de aula, 01 biblioteca, 01 sala de inform\u00e1tica, 01 secretaria, 01 sala dos professores, 01 cantina, 02 dep\u00f3sitos,  01 corredor, 03 banheiros privados, 02 banheiros coletivos, 01 p\u00e1tio coberto, 02 p\u00e1tios descobertos. \u00e0rea 1750 metros.<\/td><td style=\"color: #000000; background-color: #FFFFFF;\"> Instala\u00e7\u00f5es do Col\u00e9gio Estadual, Piaget.<\/td><td style=\"color: #000000; background-color: #FFFFFF;\">\u00a0loca\u00e7\u00e3o do im\u00f3vel que abriga as instala\u00e7\u00f5es do Col\u00e9gio Estadual, Piaget<\/td><td style=\"color: #000000; background-color: #FFFFFF;\">R$ 5.631,88<\/td><td style=\"color: #000000; background-color: #FFFFFF;\">36 meses<\/td><td style=\"color: #000000; background-color: #FFFFFF;\">21\/01\/2021<\/td><td style=\"color: #000000; background-color: #FFFFFF;\">20\/01\/2024<\/td><td style=\"color: #000000; background-color: #FFFFFF;\">R$ 0,00<\/td><\/tr><tr><td style=\"color: #000000; background-color: #FFFFFF;\">2024<\/td><td style=\"color: #000000; background-color: #FFFFFF;\">CRE \u00c1guas Lindas<\/td><td style=\"color: #000000; background-color: #FFFFFF;\"> CONTRATO N\u00ba 157\/09, que entre si celebram o ESTADO DE GOI\u00c1S por meio da SECRETARIA DE ESTADO DA EDUCA\u00c7\u00c3O, CULTURA E ESPORTE e LE\u00d4NIDAS PIRES RIBEIRO GON\u00c7ALVES.<\/td><td style=\"color: #000000; background-color: #FFFFFF;\">Quadra 44, conjunto B, Lotes 41, 43, 45, 47, 49 e 51 - Parque Barragem- Setor 2 - \u00c1guas Lindas de Goi\u00e1s<\/td><td style=\"color: #000000; background-color: #FFFFFF;\">\u00c1guas Lindas de Goi\u00e1s\/GO<\/td><td style=\"color: #000000; background-color: #FFFFFF;\">im\u00f3vel com \u00e1rea do terreno de 3.348,00 m\u00b2 e \u00e1rea constru\u00edda de 1.454,40 m\u00b2, situado \u00e0 Rua Araguaia, Quadra 44, Conjunto B, Lotes 41, 43, 45, 47, 49 e 51 - Parque da Barragem, Setor 2, em \u00c1guas Lindas - GO<\/td><td style=\"color: #000000; background-color: #FFFFFF;\"> Instala\u00e7\u00f5es do Col\u00e9gio Estadual Rafael de Sousa<\/td><td style=\"color: #000000; background-color: #FFFFFF;\">loca\u00e7\u00e3o de im\u00f3vel consiste em\u00a0abrigar as instala\u00e7\u00f5es do Col\u00e9gio Estadual Rafael de Sousa<\/td><td style=\"color: #000000; background-color: #FFFFFF;\">R$ 15.689,02<\/td><td style=\"color: #000000; background-color: #FFFFFF;\">24 meses<\/td><td style=\"color: #000000; background-color: #FFFFFF;\">01\/01\/2023<\/td><td style=\"color: #000000; background-color: #FFFFFF;\">31\/12\/2024<\/td><td style=\"color: #000000; background-color: #FFFFFF;\">R$ 0,00<\/td><\/tr><tr><td style=\"color: #000000; background-color: #FFFFFF;\">2024<\/td><td style=\"color: #000000; background-color: #FFFFFF;\">CRE \u00c1guas Lindas<\/td><td style=\"color: #000000; background-color: #FFFFFF;\">Contrato n\u00ba 157\/2009, celebrado entre o Estado de Goi\u00e1s, por meio da Secretaria de Estado da Educa\u00e7\u00e3o, e o Sr. Marco Aur\u00e9lio Viana da Cunha e a Sr\u00aa Camila Origa Viana da Cunha, cujo objeto consiste na loca\u00e7\u00e3o de im\u00f3vel para abrigar as instala\u00e7\u00f5es do Col\u00e9gio Estadual Em\u00edlia Ferreira Branco, no munic\u00edpio de \u00c1guas Lindas\/GO.<\/td><td style=\"color: #000000; background-color: #FFFFFF;\">Rua 04, QD. N, LT. 04, Ch\u00e1cara Coimbra, \u00c1guas Lindas\/GO.<\/td><td style=\"color: #000000; background-color: #FFFFFF;\">\u00c1guas Lindas de Goi\u00e1s\/GO<\/td><td style=\"color: #000000; background-color: #FFFFFF;\">im\u00f3vel com \u00e1rea do terreno de 4.524,00 m\u00b2, \u00e1rea constru\u00edda de 1.182,96 m\u00b2, situado \u00e0 Rua 04, Quadra N, Lote 04, Ch\u00e1cara Coimbra, em \u00c1guas Lindas - GO<\/td><td style=\"color: #000000; background-color: #FFFFFF;\">s instala\u00e7\u00f5es do Col\u00e9gio Estadual Em\u00edlia Ferreira Branco.<\/td><td style=\"color: #000000; background-color: #FFFFFF;\">loca\u00e7\u00e3o do im\u00f3vel que abriga as instala\u00e7\u00f5es do Col\u00e9gio Estadual, Em\u00edlia Ferreira Branco, localizado no munic\u00edpio de \u00c1guas Lindas\/GO.<\/td><td style=\"color: #000000; background-color: #FFFFFF;\">R$ 10.834,19<\/td><td style=\"color: #000000; background-color: #FFFFFF;\">36 meses<\/td><td style=\"color: #000000; background-color: #FFFFFF;\">17\/06\/2023<\/td><td style=\"color: #000000; background-color: #FFFFFF;\">16\/06\/2026<\/td><td style=\"color: #000000; background-color: #FFFFFF;\">R$ 0,00<\/td><\/tr><tr><td style=\"color: #000000; background-color: #FFFFFF;\">2024<\/td><td style=\"color: #000000; background-color: #FFFFFF;\">CRE \u00c1guas Lindas<\/td><td style=\"color: #000000; background-color: #FFFFFF;\">Contrato  n\u00ba 011\/2017, celebrado entre o Estado de Goi\u00e1s, por meio da Secretaria de Estado da Educa\u00e7\u00e3o, e a Miss\u00e3o Evang\u00e9lica Filad\u00e9lfia, cujo objeto consiste na loca\u00e7\u00e3o de im\u00f3vel para  abrigar as instala\u00e7\u00f5es do Col\u00e9gio Estadual Duque de Caxias, localizado no munic\u00edpio de \u00c1guas Lindas\/GO<\/td><td style=\"color: #000000; background-color: #FFFFFF;\">\u00c1rea Especial A-I\/01, Mans\u00f5es Village, \u00c1guas Lindas\/GO.<\/td><td style=\"color: #000000; background-color: #FFFFFF;\">\u00c1guas Lindas de Goi\u00e1s\/GO<\/td><td style=\"color: #000000; background-color: #FFFFFF;\">o im\u00f3vel com \u00e1rea constru\u00edda de 1.780,10 m\u00b2, situado \u00e0 \u00c1rea Especial A-I\/01, Mans\u00f5es Village, \u00c1guas Lindas \u2013 GO<\/td><td style=\"color: #000000; background-color: #FFFFFF;\"> Instala\u00e7\u00f5es\u00a0do Col\u00e9gio Estadual Duque de Caxias<\/td><td style=\"color: #000000; background-color: #FFFFFF;\">\u00a0loca\u00e7\u00e3o de im\u00f3vel para \u00a0abrigar as instala\u00e7\u00f5es\u00a0do Col\u00e9gio Estadual Duque de Caxias, localizado no munic\u00edpio de\u00a0\u00c1guas Lindas\/GO<\/td><td style=\"color: #000000; background-color: #FFFFFF;\">R$ 12.883,85<\/td><td style=\"color: #000000; background-color: #FFFFFF;\">36 meses<\/td><td style=\"color: #000000; background-color: #FFFFFF;\">21\/01\/2023<\/td><td style=\"color: #000000; background-color: #FFFFFF;\">20\/01\/2026<\/td><td style=\"color: #000000; background-color: #FFFFFF;\">R$ 0,00<\/td><\/tr><tr><td style=\"color: #000000; background-color: #FFFFFF;\">2024<\/td><td style=\"color: #000000; background-color: #FFFFFF;\">CRE Jata\u00ed<\/td><td style=\"color: #000000; background-color: #FFFFFF;\"> CONTRATO DE LOCA\u00c7\u00c3O DE IM\u00d3VEL N\u00ba 091\/2021 que entre si celebram o ESTADO DE GOI\u00c1S, por meio da SECRETARIA DE ESTADO DA EDUCA\u00c7\u00c3O, e o ISVPG PROVINCIA NOSSA SENHORA DOS POBRES.<\/td><td style=\"color: #000000; background-color: #FFFFFF;\">\u00a0Rua Castro Alves, n\u00ba 1288, Vila Santa Maria, Cep: 75800-109, Jata\u00ed \u2013 Go.<\/td><td style=\"color: #000000; background-color: #FFFFFF;\">Jata\u00ed \u2013 Go<\/td><td style=\"color: #000000; background-color: #FFFFFF;\">Im\u00f3vel com \u00e1rea Terreno de 7.880,40 m\u00b2  e Edifica\u00e7\u00e3o de 2.278,41 m\u00b2<\/td><td style=\"color: #000000; background-color: #FFFFFF;\">abrigar as instala\u00e7\u00f5es da Escola Estadual S\u00e3o Jos\u00e9 - Extens\u00e3o da Escola Estadual Polivalente Dante Mosconi na Prov\u00edncia Nossa Senhora dos Pobres<\/td><td style=\"color: #000000; background-color: #FFFFFF;\"> Loca\u00e7\u00e3o para abrigar as instala\u00e7\u00f5es da Escola Estadual S\u00e3o Jos\u00e9 - Extens\u00e3o da Escola Estadual Polivalente Dante Mosconi na Prov\u00edncia Nossa Senhora dos Pobres<\/td><td style=\"color: #000000; background-color: #FFFFFF;\">R$ 22.044,69<\/td><td style=\"color: #000000; background-color: #FFFFFF;\">36 meses<\/td><td style=\"color: #000000; background-color: #FFFFFF;\">19\/01\/2022<\/td><td style=\"color: #000000; background-color: #FFFFFF;\">18\/01\/2025<\/td><td style=\"color: #000000; background-color: #FFFFFF;\">R$ 0,00<\/td><\/tr><tr><td style=\"color: #000000; background-color: #FFFFFF;\">2024<\/td><td style=\"color: #000000; background-color: #FFFFFF;\">CRE An\u00e1polis<\/td><td style=\"color: #000000; background-color: #FFFFFF;\">\nCONTRATO N\u00ba 088\/2008 que entre si celebram o\nESTADO DE GOI\u00c1S por meio da SECRETARIA\nDE ESTADO DA EDUCA\u00c7\u00c3O e EDUARDO\nPEREIRA LOBO e JOS\u00c9 ANANIAS LOBO\nJ\u00daNIOR.<\/td><td style=\"color: #000000; background-color: #FFFFFF;\">Rua 40, Lote 05 da QD. 54, Rua 39, Lote 25 da Qd. 54 - Alex\u00e2nia\/GO.<\/td><td style=\"color: #000000; background-color: #FFFFFF;\">An\u00e1polis\/Goi\u00e1s<\/td><td style=\"color: #000000; background-color: #FFFFFF;\">o im\u00f3vel com terreno de 820,02 m2 e \u00e1rea constru\u00edda de 231,12 m2 , situado \u00e0 Rua 40, Quadra 54, Lote 05 e Rua 39, Quadra 54, Lote 25, Setor Nova Florida, Alex\u00e2nia<\/td><td style=\"color: #000000; background-color: #FFFFFF;\">Iim\u00f3vel que abriga as instala\u00e7\u00f5es do Col\u00e9gio Estadual, Estadual 31 de Mar\u00e7o.<\/td><td style=\"color: #000000; background-color: #FFFFFF;\">Loca\u00e7\u00e3o do im\u00f3vel que abriga as instala\u00e7\u00f5es do Col\u00e9gio Estadual, Estadual 31 de Mar\u00e7o.<\/td><td style=\"color: #000000; background-color: #FFFFFF;\">R$ 2.186,85<\/td><td style=\"color: #000000; background-color: #FFFFFF;\">36 meses<\/td><td style=\"color: #000000; background-color: #FFFFFF;\">31\/06\/2023<\/td><td style=\"color: #000000; background-color: #FFFFFF;\">30\/06\/2026<\/td><td style=\"color: #000000; background-color: #FFFFFF;\">R$ 0,00<\/td><\/tr><tr><td style=\"color: #000000; background-color: #FFFFFF;\">2024<\/td><td style=\"color: #000000; background-color: #FFFFFF;\">CRE An\u00e1polis<\/td><td style=\"color: #000000; background-color: #FFFFFF;\">Contrato n\u00ba 071\/2021 de Loca\u00e7\u00e3o de im\u00f3vel\u00a0que entre si celebram o Estado de Goi\u00e1s, por interm\u00e9dio da\u00a0Secretaria de Estado da\u00a0Educa\u00e7\u00e3o\u00a0e a Diocese de\u00a0An\u00e1polis.<\/td><td style=\"color: #000000; background-color: #FFFFFF;\">Avenida Central, Qd 15, S\/n\u00ba, Setor Industrial Munir Calixto, An\u00e1polis \u2013 GO.<\/td><td style=\"color: #000000; background-color: #FFFFFF;\">An\u00e1polis\/Goi\u00e1s<\/td><td style=\"color: #000000; background-color: #FFFFFF;\">Im\u00f3vel com \u00e1rea total de 372,07 m\u00b2, Avenida Central, Qd 15, S\/n\u00ba, Setor Industrial Munir Calixto, An\u00e1polis \u2013 GO<\/td><td style=\"color: #000000; background-color: #FFFFFF;\">abrigar a extens\u00e3o do Col\u00e9gio Estadual General Curado,\u00a0situado no Setor Industrial Munir Calixto<\/td><td style=\"color: #000000; background-color: #FFFFFF;\"> Loca\u00e7\u00e3o do im\u00f3vel abrigar a extens\u00e3o do Col\u00e9gio Estadual General Curado,\u00a0situado no Setor Industrial Munir Calixto<\/td><td style=\"color: #000000; background-color: #FFFFFF;\">R$ 1.892,23<\/td><td style=\"color: #000000; background-color: #FFFFFF;\">06 meses<\/td><td style=\"color: #000000; background-color: #FFFFFF;\">20\/01\/2024<\/td><td style=\"color: #000000; background-color: #FFFFFF;\">19\/07\/2024<\/td><td style=\"color: #000000; background-color: #FFFFFF;\">R$ 0,00<\/td><\/tr><tr><td style=\"color: #000000; background-color: #FFFFFF;\">2024<\/td><td style=\"color: #000000; background-color: #FFFFFF;\">CRE An\u00e1polis<\/td><td style=\"color: #000000; background-color: #FFFFFF;\">Contrato n\u00ba 181\/2022 de Loca\u00e7\u00e3o  de im\u00f3vel que entre si celebram o Estado de Goi\u00e1s, por intermedio da SECRETARIA DE ESTADO DA EDUCA\u00c7\u00c3O e a DIOSECE DE GOI\u00c1S.<\/td><td style=\"color: #000000; background-color: #FFFFFF;\">Rua Jo\u00e3o Jos\u00e9 Do Nascimento, Quadra 05, Lote 02, no Distrito de Interl\u00e2ndia, localiza\u00e7\u00e3o rural no munic\u00edpio de An\u00e1polis \u2013 GO.<\/td><td style=\"color: #000000; background-color: #FFFFFF;\">An\u00e1polis\/Goi\u00e1s<\/td><td style=\"color: #000000; background-color: #FFFFFF;\">a Rua Jo\u00e3o Jos\u00e9 Do Nascimento, Quadra 05, Lote 02, no Distrito de Interl\u00e2ndia, localiza\u00e7\u00e3o rural, : \u00c1rea do terreno de 1.180,06 m\u00b2 e \u00e1rea edificada de 441,09 m\u00b2.\nTerreno de topografia plana e formato regular, im\u00f3vel de meio de quadra.<\/td><td style=\"color: #000000; background-color: #FFFFFF;\">abrigar as instala\u00e7\u00f5es do Col\u00e9gio Estadual Coronel Achiles de Pina, no Distrito de Interl\u00e2ndia, localizada na zona rural do munic\u00edpio de An\u00e1polis - GO.<\/td><td style=\"color: #000000; background-color: #FFFFFF;\"> Loca\u00e7\u00e3o do im\u00f3vel para abrigar as instala\u00e7\u00f5es do Col\u00e9gio Estadual Coronel Achiles de Pina, no Distrito de Interl\u00e2ndia, localizada na zona rural do munic\u00edpio de An\u00e1polis - GO.<\/td><td style=\"color: #000000; background-color: #FFFFFF;\">R$ 2.377,48<\/td><td style=\"color: #000000; background-color: #FFFFFF;\">36 meses<\/td><td style=\"color: #000000; background-color: #FFFFFF;\">24\/11\/2022<\/td><td style=\"color: #000000; background-color: #FFFFFF;\">23\/11\/2025<\/td><td style=\"color: #000000; background-color: #FFFFFF;\">R$ 0,00<\/td><\/tr><tr><td style=\"color: #000000; background-color: #FFFFFF;\">2024<\/td><td style=\"color: #000000; background-color: #FFFFFF;\">CRE Catal\u00e3o<\/td><td style=\"color: #000000; background-color: #FFFFFF;\">Contrato de Loca\u00e7\u00e3o n\u00ba 207\/2018 que celebram o ESTADO DE GOI\u00c1S, por meio da SECRETARIA DE ESTADO DE EDUCA\u00c7\u00c3O, CULTURA E ESPORTE, e FL\u00c1VIA RESENDE.<\/td><td style=\"color: #000000; background-color: #FFFFFF;\">Rua 05 Q.03 L. 15 ao 18, n\u00ba 22, Bairro Flamboyant, Catal\u00e3o \u2013 GO <\/td><td style=\"color: #000000; background-color: #FFFFFF;\">An\u00e1polis\/Goi\u00e1s<\/td><td style=\"color: #000000; background-color: #FFFFFF;\">Im\u00f3vel comercial, estado de conserva\u00e7\u00e3o entre regular e reparos simples, idade aparente de 5 anos, padr\u00e3o galp\u00e3o industrial. Composto por 01 sal\u00e3o, 02 banheiros, 01 cozinha industrial, 01 dep\u00f3sito, 01 sala de administra\u00e7\u00e3o. \u00c1rea edificada 736,00m.<\/td><td style=\"color: #000000; background-color: #FFFFFF;\">abrigar as instala\u00e7\u00f5es do Col\u00e9gio Estadual Rita Paranhos Bretas, localizado no munic\u00edpio de Catal\u00e3o\/GO.<\/td><td style=\"color: #000000; background-color: #FFFFFF;\">Loca\u00e7\u00e3o para abrigar as instala\u00e7\u00f5es do Col\u00e9gio Estadual Rita Paranhos Bretas, localizado no munic\u00edpio de Catal\u00e3o\/GO.<\/td><td style=\"color: #000000; background-color: #FFFFFF;\">R$ 10.991,49<\/td><td style=\"color: #000000; background-color: #FFFFFF;\">36 meses<\/td><td style=\"color: #000000; background-color: #FFFFFF;\">06\/09\/2022<\/td><td style=\"color: #000000; background-color: #FFFFFF;\">05\/09\/2025<\/td><td style=\"color: #000000; background-color: #FFFFFF;\">R$ 0,00<\/td><\/tr><tr><td style=\"color: #000000; background-color: #FFFFFF;\">2024<\/td><td style=\"color: #000000; background-color: #FFFFFF;\">CRE Trindade<\/td><td style=\"color: #000000; background-color: #FFFFFF;\">\u00a0Contrato n\u00ba 191\/2009, celebrado entre o Estado de Goi\u00e1s por meio da Secretaria\u00a0de Estado de Educa\u00e7\u00e3o, Cultura e Esporte e o Sr. Milton da Luz, cujo objeto consiste na loca\u00e7\u00e3o de im\u00f3vel para abrigar o Col\u00e9gio Estadual Alfa \u00d4mega no Munic\u00edpio de Jata\u00ed<\/td><td style=\"color: #000000; background-color: #FFFFFF;\">Rua Concei\u00e7\u00e3o do Norte, Qd 02. Lt. 24, n\u00ba 380, Setor Jardim Ipanema, Trindade - GO.<\/td><td style=\"color: #000000; background-color: #FFFFFF;\">Trindade\/GO<\/td><td style=\"color: #000000; background-color: #FFFFFF;\">O im\u00f3vel \u00e9 composto por Hall de entrada, 15 (quinze) salas de aulas, 01 (uma) biblioteca, 01(uma) sala para professores, 01 (uma) sala da secretaria, 01 (uma) sala da diretoria e 01(uma) sala da coordena\u00e7\u00e3o, 02 (dois) almoxarifado, 01 (um) dep\u00f3sito, 03 (tr\u00eas) banheiros e 1 (um) p\u00e1tio. \u00c1rea Terreno (m\u00b2):\n\u00c1rea Edificada (m\u00b2):\n2.160,00\n1.469,42<\/td><td style=\"color: #000000; background-color: #FFFFFF;\"> Instala\u00e7\u00f5es do Col\u00e9gio Estadual Alfa e \u00d4mega, situado no munic\u00edpio de Trindade \u2013 Goi\u00e1s.<\/td><td style=\"color: #000000; background-color: #FFFFFF;\">Loca\u00e7\u00e3o do im\u00f3vel que abriga as instala\u00e7\u00f5es do\u00a0Col\u00e9gio Estadual Alfa e \u00d4mega, situado no munic\u00edpio de Trindade \u2013 Goi\u00e1s.<\/td><td style=\"color: #000000; background-color: #FFFFFF;\">R$ 12.564,57<\/td><td style=\"color: #000000; background-color: #FFFFFF;\">24 meses<\/td><td style=\"color: #000000; background-color: #FFFFFF;\">01\/01\/2022<\/td><td style=\"color: #000000; background-color: #FFFFFF;\">31\/12\/2023<\/td><td style=\"color: #000000; background-color: #FFFFFF;\">R$ 0,00<\/td><\/tr><tr><td style=\"color: #000000; background-color: #FFFFFF;\">2023<\/td><td style=\"color: #000000; background-color: #FFFFFF;\">SEDUC<\/td><td style=\"color: #000000; background-color: #FFFFFF;\"> CONTRATO DE LOCA\u00c7\u00c3O DE IM\u00d3VEL N\u00ba 220\/2009 que entre si celebram o ESTADO DE GOI\u00c1S, atrav\u00e9s da SECRETARIA DA EDUCA\u00c7\u00c3O e ASPAM PARTICIPA\u00c7\u00c3O LTDA<\/td><td style=\"color: #000000; background-color: #FFFFFF;\">Avenida Perimetral Norte, n\u00ba 2.859, lote 02 e 03, Galp\u00e3o 08 \u2013 Bloco A, Vila Jo\u00e3o Vaz, Goi\u00e2nia - Goi\u00e1s<\/td><td style=\"color: #000000; background-color: #FFFFFF;\">Goi\u00e2nia - Goi\u00e1s<\/td><td style=\"color: #000000; background-color: #FFFFFF;\">com \u00e1rea edificada de 4.007,18 m\u00b2<\/td><td style=\"color: #000000; background-color: #FFFFFF;\">Instala\u00e7\u00e3o do Almoxarifado da Centralizada.<\/td><td style=\"color: #000000; background-color: #FFFFFF;\">Contrato de\u00a0loca\u00e7\u00e3o de im\u00f3vel para abrigar o Almoxarifado da Centralizada.<\/td><td style=\"color: #000000; background-color: #FFFFFF;\">R$ 44.798,96<\/td><td style=\"color: #000000; background-color: #FFFFFF;\">24 meses<\/td><td style=\"color: #000000; background-color: #FFFFFF;\">17\/06\/2022<\/td><td style=\"color: #000000; background-color: #FFFFFF;\">16\/06\/2024<\/td><td style=\"color: #000000; background-color: #FFFFFF;\">IPCA de R$ 5.597,91<\/td><\/tr><tr><td style=\"color: #000000; background-color: #FFFFFF;\">2023<\/td><td style=\"color: #000000; background-color: #FFFFFF;\">CRE \u00c1guas Lindas<\/td><td style=\"color: #000000; background-color: #FFFFFF;\">CONTRATO N\u00ba 213\/13, que entre si celebram o ESTADO DE GOI\u00c1S por meio da SECRETARIA DE ESTADO DA EDUCA\u00c7\u00c3O, CULTURA E ESPORTE e MARCOS AUR\u00c9LIO VIANA DA CUNHA e CAMILA ORIGA VIANA DA CUNHA.<\/td><td style=\"color: #000000; background-color: #FFFFFF;\">Rua 12, Qd. 31, Lotes 25\/26\/35\/36\/37\/38\/39, Residencial Camp Clube, \u00c1guas Lindas de Goi\u00e1s\/GO<\/td><td style=\"color: #000000; background-color: #FFFFFF;\">\u00c1guas Lindas de Goi\u00e1s\/GO<\/td><td style=\"color: #000000; background-color: #FFFFFF;\">Im\u00f3vel comercial, contendo 01 varanda, 06 salas de aula, 01 biblioteca, 01 sala de inform\u00e1tica, 01 secretaria, 01 sala dos professores, 01 cantina, 02 dep\u00f3sitos,  01 corredor, 03 banheiros privados, 02 banheiros coletivos, 01 p\u00e1tio coberto, 02 p\u00e1tios descobertos. \u00e0rea 1750 metros.<\/td><td style=\"color: #000000; background-color: #FFFFFF;\"> Instala\u00e7\u00f5es do Col\u00e9gio Estadual, Piaget.<\/td><td style=\"color: #000000; background-color: #FFFFFF;\">\u00a0loca\u00e7\u00e3o do im\u00f3vel que abriga as instala\u00e7\u00f5es do Col\u00e9gio Estadual, Piaget<\/td><td style=\"color: #000000; background-color: #FFFFFF;\">R$ 5.631,88<\/td><td style=\"color: #000000; background-color: #FFFFFF;\">36 meses<\/td><td style=\"color: #000000; background-color: #FFFFFF;\">21\/01\/2021<\/td><td style=\"color: #000000; background-color: #FFFFFF;\">20\/01\/2024<\/td><td style=\"color: #000000; background-color: #FFFFFF;\">R$ 0,00<\/td><\/tr><tr><td style=\"color: #000000; background-color: #FFFFFF;\">2023<\/td><td style=\"color: #000000; background-color: #FFFFFF;\">CRE \u00c1guas Lindas<\/td><td style=\"color: #000000; background-color: #FFFFFF;\"> CONTRATO N\u00ba 157\/09, que entre si celebram o ESTADO DE GOI\u00c1S por meio da SECRETARIA DE ESTADO DA EDUCA\u00c7\u00c3O, CULTURA E ESPORTE e LE\u00d4NIDAS PIRES RIBEIRO GON\u00c7ALVES.<\/td><td style=\"color: #000000; background-color: #FFFFFF;\">Quadra 44, conjunto B, Lotes 41, 43, 45, 47, 49 e 51 - Parque Barragem- Setor 2 - \u00c1guas Lindas de Goi\u00e1s<\/td><td style=\"color: #000000; background-color: #FFFFFF;\">\u00c1guas Lindas de Goi\u00e1s\/GO<\/td><td style=\"color: #000000; background-color: #FFFFFF;\">im\u00f3vel com \u00e1rea do terreno de 3.348,00 m\u00b2 e \u00e1rea constru\u00edda de 1.454,40 m\u00b2, situado \u00e0 Rua Araguaia, Quadra 44, Conjunto B, Lotes 41, 43, 45, 47, 49 e 51 - Parque da Barragem, Setor 2, em \u00c1guas Lindas - GO<\/td><td style=\"color: #000000; background-color: #FFFFFF;\"> Instala\u00e7\u00f5es do Col\u00e9gio Estadual Rafael de Sousa<\/td><td style=\"color: #000000; background-color: #FFFFFF;\">loca\u00e7\u00e3o de im\u00f3vel consiste em\u00a0abrigar as instala\u00e7\u00f5es do Col\u00e9gio Estadual Rafael de Sousa<\/td><td style=\"color: #000000; background-color: #FFFFFF;\">R$ 15.689,02<\/td><td style=\"color: #000000; background-color: #FFFFFF;\">24 meses<\/td><td style=\"color: #000000; background-color: #FFFFFF;\">01\/01\/2023<\/td><td style=\"color: #000000; background-color: #FFFFFF;\">31\/12\/2024<\/td><td style=\"color: #000000; background-color: #FFFFFF;\">IPCA de R$ 1.259,68<\/td><\/tr><tr><td style=\"color: #000000; background-color: #FFFFFF;\">2023<\/td><td style=\"color: #000000; background-color: #FFFFFF;\">CRE \u00c1guas Lindas<\/td><td style=\"color: #000000; background-color: #FFFFFF;\">Contrato n\u00ba 157\/2009, celebrado entre o Estado de Goi\u00e1s, por meio da Secretaria de Estado da Educa\u00e7\u00e3o, e o Sr. Marco Aur\u00e9lio Viana da Cunha e a Sr\u00aa Camila Origa Viana da Cunha, cujo objeto consiste na loca\u00e7\u00e3o de im\u00f3vel para abrigar as instala\u00e7\u00f5es do Col\u00e9gio Estadual Em\u00edlia Ferreira Branco, no munic\u00edpio de \u00c1guas Lindas\/GO.<\/td><td style=\"color: #000000; background-color: #FFFFFF;\">Rua 04, QD. N, LT. 04, Ch\u00e1cara Coimbra, \u00c1guas Lindas\/GO.<\/td><td style=\"color: #000000; background-color: #FFFFFF;\">\u00c1guas Lindas de Goi\u00e1s\/GO<\/td><td style=\"color: #000000; background-color: #FFFFFF;\">im\u00f3vel com \u00e1rea do terreno de 4.524,00 m\u00b2, \u00e1rea constru\u00edda de 1.182,96 m\u00b2, situado \u00e0 Rua 04, Quadra N, Lote 04, Ch\u00e1cara Coimbra, em \u00c1guas Lindas - GO<\/td><td style=\"color: #000000; background-color: #FFFFFF;\">s instala\u00e7\u00f5es do Col\u00e9gio Estadual Em\u00edlia Ferreira Branco.<\/td><td style=\"color: #000000; background-color: #FFFFFF;\">loca\u00e7\u00e3o do im\u00f3vel que abriga as instala\u00e7\u00f5es do Col\u00e9gio Estadual, Em\u00edlia Ferreira Branco, localizado no munic\u00edpio de \u00c1guas Lindas\/GO.<\/td><td style=\"color: #000000; background-color: #FFFFFF;\">R$ 10.834,19<\/td><td style=\"color: #000000; background-color: #FFFFFF;\">06 meses<\/td><td style=\"color: #000000; background-color: #FFFFFF;\">17\/12\/2022<\/td><td style=\"color: #000000; background-color: #FFFFFF;\">16\/06\/2023<\/td><td style=\"color: #000000; background-color: #FFFFFF;\">IPCA de R$ 869,85<\/td><\/tr><tr><td style=\"color: #000000; background-color: #FFFFFF;\">2023<\/td><td style=\"color: #000000; background-color: #FFFFFF;\">CRE \u00c1guas Lindas<\/td><td style=\"color: #000000; background-color: #FFFFFF;\">Contrato  n\u00ba 011\/2017, celebrado entre o Estado de Goi\u00e1s, por meio da Secretaria de Estado da Educa\u00e7\u00e3o, e a Miss\u00e3o Evang\u00e9lica Filad\u00e9lfia, cujo objeto consiste na loca\u00e7\u00e3o de im\u00f3vel para  abrigar as instala\u00e7\u00f5es do Col\u00e9gio Estadual Duque de Caxias, localizado no munic\u00edpio de \u00c1guas Lindas\/GO<\/td><td style=\"color: #000000; background-color: #FFFFFF;\">\u00c1rea Especial A-I\/01, Mans\u00f5es Village, \u00c1guas Lindas\/GO.<\/td><td style=\"color: #000000; background-color: #FFFFFF;\">\u00c1guas Lindas de Goi\u00e1s\/GO<\/td><td style=\"color: #000000; background-color: #FFFFFF;\">o im\u00f3vel com \u00e1rea constru\u00edda de 1.780,10 m\u00b2, situado \u00e0 \u00c1rea Especial A-I\/01, Mans\u00f5es Village, \u00c1guas Lindas \u2013 GO<\/td><td style=\"color: #000000; background-color: #FFFFFF;\"> Instala\u00e7\u00f5es\u00a0do Col\u00e9gio Estadual Duque de Caxias<\/td><td style=\"color: #000000; background-color: #FFFFFF;\">\u00a0loca\u00e7\u00e3o de im\u00f3vel para \u00a0abrigar as instala\u00e7\u00f5es\u00a0do Col\u00e9gio Estadual Duque de Caxias, localizado no munic\u00edpio de\u00a0\u00c1guas Lindas\/GO<\/td><td style=\"color: #000000; background-color: #FFFFFF;\">R$ 12.883,85<\/td><td style=\"color: #000000; background-color: #FFFFFF;\">36 meses<\/td><td style=\"color: #000000; background-color: #FFFFFF;\">21\/01\/2023<\/td><td style=\"color: #000000; background-color: #FFFFFF;\">20\/01\/2026<\/td><td style=\"color: #000000; background-color: #FFFFFF;\">R$ 0,00<\/td><\/tr><tr><td style=\"color: #000000; background-color: #FFFFFF;\">2023<\/td><td style=\"color: #000000; background-color: #FFFFFF;\">CRE Jata\u00ed<\/td><td style=\"color: #000000; background-color: #FFFFFF;\"> CONTRATO DE LOCA\u00c7\u00c3O DE IM\u00d3VEL N\u00ba 091\/2021 que entre si celebram o ESTADO DE GOI\u00c1S, por meio da SECRETARIA DE ESTADO DA EDUCA\u00c7\u00c3O, e o ISVPG PROVINCIA NOSSA SENHORA DOS POBRES.<\/td><td style=\"color: #000000; background-color: #FFFFFF;\">\u00a0Rua Castro Alves, n\u00ba 1288, Vila Santa Maria, Cep: 75800-109, Jata\u00ed \u2013 Go.<\/td><td style=\"color: #000000; background-color: #FFFFFF;\">Jata\u00ed \u2013 Go<\/td><td style=\"color: #000000; background-color: #FFFFFF;\">Im\u00f3vel com \u00e1rea Terreno de 7.880,40 m\u00b2  e Edifica\u00e7\u00e3o de 2.278,41 m\u00b2<\/td><td style=\"color: #000000; background-color: #FFFFFF;\">abrigar as instala\u00e7\u00f5es da Escola Estadual S\u00e3o Jos\u00e9 - Extens\u00e3o da Escola Estadual Polivalente Dante Mosconi na Prov\u00edncia Nossa Senhora dos Pobres<\/td><td style=\"color: #000000; background-color: #FFFFFF;\"> Loca\u00e7\u00e3o para abrigar as instala\u00e7\u00f5es da Escola Estadual S\u00e3o Jos\u00e9 - Extens\u00e3o da Escola Estadual Polivalente Dante Mosconi na Prov\u00edncia Nossa Senhora dos Pobres<\/td><td style=\"color: #000000; background-color: #FFFFFF;\">R$ 22.044,69<\/td><td style=\"color: #000000; background-color: #FFFFFF;\">36 meses<\/td><td style=\"color: #000000; background-color: #FFFFFF;\">19\/01\/2022<\/td><td style=\"color: #000000; background-color: #FFFFFF;\">18\/01\/2025<\/td><td style=\"color: #000000; background-color: #FFFFFF;\">R$ 0,00<\/td><\/tr><tr><td style=\"color: #000000; background-color: #FFFFFF;\">2023<\/td><td style=\"color: #000000; background-color: #FFFFFF;\">CRE An\u00e1polis<\/td><td style=\"color: #000000; background-color: #FFFFFF;\">\nCONTRATO N\u00ba 088\/2008 que entre si celebram o\nESTADO DE GOI\u00c1S por meio da SECRETARIA\nDE ESTADO DA EDUCA\u00c7\u00c3O e EDUARDO\nPEREIRA LOBO e JOS\u00c9 ANANIAS LOBO\nJ\u00daNIOR.<\/td><td style=\"color: #000000; background-color: #FFFFFF;\">Rua 40, Lote 05 da QD. 54, Rua 39, Lote 25 da Qd. 54 - Alex\u00e2nia\/GO.<\/td><td style=\"color: #000000; background-color: #FFFFFF;\">An\u00e1polis\/Goi\u00e1s<\/td><td style=\"color: #000000; background-color: #FFFFFF;\">o im\u00f3vel com terreno de 820,02 m2 e \u00e1rea constru\u00edda de 231,12 m2 , situado \u00e0 Rua 40, Quadra 54, Lote 05 e Rua 39, Quadra 54, Lote 25, Setor Nova Florida, Alex\u00e2nia<\/td><td style=\"color: #000000; background-color: #FFFFFF;\">Iim\u00f3vel que abriga as instala\u00e7\u00f5es do Col\u00e9gio Estadual, Estadual 31 de Mar\u00e7o.<\/td><td style=\"color: #000000; background-color: #FFFFFF;\">Loca\u00e7\u00e3o do im\u00f3vel que abriga as instala\u00e7\u00f5es do Col\u00e9gio Estadual, Estadual 31 de Mar\u00e7o.<\/td><td style=\"color: #000000; background-color: #FFFFFF;\">R$ 2.186,85<\/td><td style=\"color: #000000; background-color: #FFFFFF;\">06 meses<\/td><td style=\"color: #000000; background-color: #FFFFFF;\">01\/01\/2023<\/td><td style=\"color: #000000; background-color: #FFFFFF;\">31\/06\/2023<\/td><td style=\"color: #000000; background-color: #FFFFFF;\">IPCA de R$778,96<\/td><\/tr><tr><td style=\"color: #000000; background-color: #FFFFFF;\">2023<\/td><td style=\"color: #000000; background-color: #FFFFFF;\">CRE An\u00e1polis<\/td><td style=\"color: #000000; background-color: #FFFFFF;\">Contrato n\u00ba 071\/2021 de Loca\u00e7\u00e3o de im\u00f3vel\u00a0que entre si celebram o Estado de Goi\u00e1s, por interm\u00e9dio da\u00a0Secretaria de Estado da\u00a0Educa\u00e7\u00e3o\u00a0e a Diocese de\u00a0An\u00e1polis.<\/td><td style=\"color: #000000; background-color: #FFFFFF;\">Avenida Central, Qd 15, S\/n\u00ba, Setor Industrial Munir Calixto, An\u00e1polis \u2013 GO.<\/td><td style=\"color: #000000; background-color: #FFFFFF;\">An\u00e1polis\/Goi\u00e1s<\/td><td style=\"color: #000000; background-color: #FFFFFF;\">Im\u00f3vel com \u00e1rea total de 372,07 m\u00b2, Avenida Central, Qd 15, S\/n\u00ba, Setor Industrial Munir Calixto, An\u00e1polis \u2013 GO<\/td><td style=\"color: #000000; background-color: #FFFFFF;\">abrigar a extens\u00e3o do Col\u00e9gio Estadual General Curado,\u00a0situado no Setor Industrial Munir Calixto<\/td><td style=\"color: #000000; background-color: #FFFFFF;\"> Loca\u00e7\u00e3o do im\u00f3vel abrigar a extens\u00e3o do Col\u00e9gio Estadual General Curado,\u00a0situado no Setor Industrial Munir Calixto<\/td><td style=\"color: #000000; background-color: #FFFFFF;\">R$ 1.892,23<\/td><td style=\"color: #000000; background-color: #FFFFFF;\">24 meses<\/td><td style=\"color: #000000; background-color: #FFFFFF;\">21\/07\/2021<\/td><td style=\"color: #000000; background-color: #FFFFFF;\">20\/01\/2024<\/td><td style=\"color: #000000; background-color: #FFFFFF;\">R$ 0,00<\/td><\/tr><tr><td style=\"color: #000000; background-color: #FFFFFF;\">2023<\/td><td style=\"color: #000000; background-color: #FFFFFF;\">CRE An\u00e1polis<\/td><td style=\"color: #000000; background-color: #FFFFFF;\">Contrato n\u00ba 181\/2022 de Loca\u00e7\u00e3o  de im\u00f3vel que entre si celebram o Estado de Goi\u00e1s, por intermedio da SECRETARIA DE ESTADO DA EDUCA\u00c7\u00c3O e a DIOSECE DE GOI\u00c1S.<\/td><td style=\"color: #000000; background-color: #FFFFFF;\">Rua Jo\u00e3o Jos\u00e9 Do Nascimento, Quadra 05, Lote 02, no Distrito de Interl\u00e2ndia, localiza\u00e7\u00e3o rural no munic\u00edpio de An\u00e1polis \u2013 GO.<\/td><td style=\"color: #000000; background-color: #FFFFFF;\">An\u00e1polis\/Goi\u00e1s<\/td><td style=\"color: #000000; background-color: #FFFFFF;\">a Rua Jo\u00e3o Jos\u00e9 Do Nascimento, Quadra 05, Lote 02, no Distrito de Interl\u00e2ndia, localiza\u00e7\u00e3o rural, : \u00c1rea do terreno de 1.180,06 m\u00b2 e \u00e1rea edificada de 441,09 m\u00b2.\nTerreno de topografia plana e formato regular, im\u00f3vel de meio de quadra.<\/td><td style=\"color: #000000; background-color: #FFFFFF;\">abrigar as instala\u00e7\u00f5es do Col\u00e9gio Estadual Coronel Achiles de Pina, no Distrito de Interl\u00e2ndia, localizada na zona rural do munic\u00edpio de An\u00e1polis - GO.<\/td><td style=\"color: #000000; background-color: #FFFFFF;\"> Loca\u00e7\u00e3o do im\u00f3vel para abrigar as instala\u00e7\u00f5es do Col\u00e9gio Estadual Coronel Achiles de Pina, no Distrito de Interl\u00e2ndia, localizada na zona rural do munic\u00edpio de An\u00e1polis - GO.<\/td><td style=\"color: #000000; background-color: #FFFFFF;\">R$ 2.377,48<\/td><td style=\"color: #000000; background-color: #FFFFFF;\">36 meses<\/td><td style=\"color: #000000; background-color: #FFFFFF;\">24\/11\/2022<\/td><td style=\"color: #000000; background-color: #FFFFFF;\">23\/11\/2025<\/td><td style=\"color: #000000; background-color: #FFFFFF;\">R$ 0,00<\/td><\/tr><tr><td style=\"color: #000000; background-color: #FFFFFF;\">2023<\/td><td style=\"color: #000000; background-color: #FFFFFF;\">CRE Catal\u00e3o<\/td><td style=\"color: #000000; background-color: #FFFFFF;\">Contrato de Loca\u00e7\u00e3o n\u00ba 207\/2018 que celebram o ESTADO DE GOI\u00c1S, por meio da SECRETARIA DE ESTADO DE EDUCA\u00c7\u00c3O, CULTURA E ESPORTE, e FL\u00c1VIA RESENDE.<\/td><td style=\"color: #000000; background-color: #FFFFFF;\">Rua 05 Q.03 L. 15 ao 18, n\u00ba 22, Bairro Flamboyant, Catal\u00e3o \u2013 GO <\/td><td style=\"color: #000000; background-color: #FFFFFF;\">An\u00e1polis\/Goi\u00e1s<\/td><td style=\"color: #000000; background-color: #FFFFFF;\">Im\u00f3vel comercial, estado de conserva\u00e7\u00e3o entre regular e reparos simples, idade aparente de 5 anos, padr\u00e3o galp\u00e3o industrial. Composto por 01 sal\u00e3o, 02 banheiros, 01 cozinha industrial, 01 dep\u00f3sito, 01 sala de administra\u00e7\u00e3o. \u00c1rea edificada 736,00m.<\/td><td style=\"color: #000000; background-color: #FFFFFF;\">abrigar as instala\u00e7\u00f5es do Col\u00e9gio Estadual Rita Paranhos Bretas, localizado no munic\u00edpio de Catal\u00e3o\/GO.<\/td><td style=\"color: #000000; background-color: #FFFFFF;\">Loca\u00e7\u00e3o para abrigar as instala\u00e7\u00f5es do Col\u00e9gio Estadual Rita Paranhos Bretas, localizado no munic\u00edpio de Catal\u00e3o\/GO.<\/td><td style=\"color: #000000; background-color: #FFFFFF;\">R$ 10.991,49<\/td><td style=\"color: #000000; background-color: #FFFFFF;\">36 meses<\/td><td style=\"color: #000000; background-color: #FFFFFF;\">06\/09\/2022<\/td><td style=\"color: #000000; background-color: #FFFFFF;\">05\/09\/2025<\/td><td style=\"color: #000000; background-color: #FFFFFF;\">IPCA de R$ 4.420,96<\/td><\/tr><tr><td style=\"color: #000000; background-color: #FFFFFF;\">2022<\/td><td style=\"color: #000000; background-color: #FFFFFF;\">SEDUC<\/td><td style=\"color: #000000; background-color: #FFFFFF;\"> CONTRATO DE LOCA\u00c7\u00c3O DE IM\u00d3VEL N\u00ba 220\/2009 que entre si celebram o ESTADO DE GOI\u00c1S, atrav\u00e9s da SECRETARIA DA EDUCA\u00c7\u00c3O e ASPAM PARTICIPA\u00c7\u00c3O LTDA<\/td><td style=\"color: #000000; background-color: #FFFFFF;\">Avenida Perimetral Norte, n\u00ba 2.859, lote 02 e 03, Galp\u00e3o 08 \u2013 Bloco A, Vila Jo\u00e3o Vaz, Goi\u00e2nia - Goi\u00e1s<\/td><td style=\"color: #000000; background-color: #FFFFFF;\">Goi\u00e2nia - Goi\u00e1s<\/td><td style=\"color: #000000; background-color: #FFFFFF;\">com \u00e1rea edificada de 4.007,18 m\u00b2<\/td><td style=\"color: #000000; background-color: #FFFFFF;\">Instala\u00e7\u00e3o do Almoxarifado da Centralizada.<\/td><td style=\"color: #000000; background-color: #FFFFFF;\">Contrato de\u00a0loca\u00e7\u00e3o de im\u00f3vel para abrigar o Almoxarifado da Centralizada.<\/td><td style=\"color: #000000; background-color: #FFFFFF;\">R$ 39.201,05<\/td><td style=\"color: #000000; background-color: #FFFFFF;\">12 meses<\/td><td style=\"color: #000000; background-color: #FFFFFF;\">17\/06\/2021<\/td><td style=\"color: #000000; background-color: #FFFFFF;\">16\/06\/2022<\/td><td style=\"color: #000000; background-color: #FFFFFF;\">IPCA de R$ 11.201,05<\/td><\/tr><tr><td style=\"color: #000000; background-color: #FFFFFF;\">2022<\/td><td style=\"color: #000000; background-color: #FFFFFF;\">CRE \u00c1guas Lindas<\/td><td style=\"color: #000000; background-color: #FFFFFF;\">CONTRATO N\u00ba 213\/13, que entre si celebram o ESTADO DE GOI\u00c1S por meio da SECRETARIA DE ESTADO DA EDUCA\u00c7\u00c3O, CULTURA E ESPORTE e MARCOS AUR\u00c9LIO VIANA DA CUNHA e CAMILA ORIGA VIANA DA CUNHA.<\/td><td style=\"color: #000000; background-color: #FFFFFF;\">Rua 12, Qd. 31, Lotes 25\/26\/35\/36\/37\/38\/39, Residencial Camp Clube, \u00c1guas Lindas de Goi\u00e1s\/GO<\/td><td style=\"color: #000000; background-color: #FFFFFF;\">\u00c1guas Lindas de Goi\u00e1s\/GO<\/td><td style=\"color: #000000; background-color: #FFFFFF;\">Im\u00f3vel comercial, contendo 01 varanda, 06 salas de aula, 01 biblioteca, 01 sala de inform\u00e1tica, 01 secretaria, 01 sala dos professores, 01 cantina, 02 dep\u00f3sitos,  01 corredor, 03 banheiros privados, 02 banheiros coletivos, 01 p\u00e1tio coberto, 02 p\u00e1tios descobertos. \u00e0rea 1750 metros.<\/td><td style=\"color: #000000; background-color: #FFFFFF;\"> Instala\u00e7\u00f5es do Col\u00e9gio Estadual, Piaget.<\/td><td style=\"color: #000000; background-color: #FFFFFF;\">\u00a0loca\u00e7\u00e3o do im\u00f3vel que abriga as instala\u00e7\u00f5es do Col\u00e9gio Estadual, Piaget<\/td><td style=\"color: #000000; background-color: #FFFFFF;\">R$ 5.631,88<\/td><td style=\"color: #000000; background-color: #FFFFFF;\">36 meses<\/td><td style=\"color: #000000; background-color: #FFFFFF;\">21\/01\/2021<\/td><td style=\"color: #000000; background-color: #FFFFFF;\">20\/01\/2024<\/td><td style=\"color: #000000; background-color: #FFFFFF;\">R$ 0,00<\/td><\/tr><tr><td style=\"color: #000000; background-color: #FFFFFF;\">2022<\/td><td style=\"color: #000000; background-color: #FFFFFF;\">CRE Jata\u00ed<\/td><td style=\"color: #000000; background-color: #FFFFFF;\"> CONTRATO DE LOCA\u00c7\u00c3O DE IM\u00d3VEL N\u00ba 091\/2021 que entre si celebram o ESTADO DE GOI\u00c1S, por meio da SECRETARIA DE ESTADO DA EDUCA\u00c7\u00c3O, e o ISVPG PROVINCIA NOSSA SENHORA DOS POBRES.<\/td><td style=\"color: #000000; background-color: #FFFFFF;\">\u00a0Rua Castro Alves, n\u00ba 1288, Vila Santa Maria, Cep: 75800-109, Jata\u00ed \u2013 Go.<\/td><td style=\"color: #000000; background-color: #FFFFFF;\">Jata\u00ed \u2013 Go<\/td><td style=\"color: #000000; background-color: #FFFFFF;\">Im\u00f3vel com \u00e1rea Terreno de 7.880,40 m\u00b2  e Edifica\u00e7\u00e3o de 2.278,41 m\u00b2<\/td><td style=\"color: #000000; background-color: #FFFFFF;\">abrigar as instala\u00e7\u00f5es da Escola Estadual S\u00e3o Jos\u00e9 - Extens\u00e3o da Escola Estadual Polivalente Dante Mosconi na Prov\u00edncia Nossa Senhora dos Pobres<\/td><td style=\"color: #000000; background-color: #FFFFFF;\"> Loca\u00e7\u00e3o para abrigar as instala\u00e7\u00f5es da Escola Estadual S\u00e3o Jos\u00e9 - Extens\u00e3o da Escola Estadual Polivalente Dante Mosconi na Prov\u00edncia Nossa Senhora dos Pobres<\/td><td style=\"color: #000000; background-color: #FFFFFF;\">R$ 22.044,69<\/td><td style=\"color: #000000; background-color: #FFFFFF;\">36 meses<\/td><td style=\"color: #000000; background-color: #FFFFFF;\">19\/01\/2022<\/td><td style=\"color: #000000; background-color: #FFFFFF;\">18\/01\/2025<\/td><td style=\"color: #000000; background-color: #FFFFFF;\">R$ 0,00<\/td><\/tr><tr><td style=\"color: #000000; background-color: #FFFFFF;\">2022<\/td><td style=\"color: #000000; background-color: #FFFFFF;\">CRE An\u00e1polis<\/td><td style=\"color: #000000; background-color: #FFFFFF;\">\nCONTRATO N\u00ba 088\/2008 que entre si celebram o\nESTADO DE GOI\u00c1S por meio da SECRETARIA\nDE ESTADO DA EDUCA\u00c7\u00c3O e EDUARDO\nPEREIRA LOBO e JOS\u00c9 ANANIAS LOBO\nJ\u00daNIOR.<\/td><td style=\"color: #000000; background-color: #FFFFFF;\">Rua 40, Lote 05 da QD. 54, Rua 39, Lote 25 da Qd. 54 - Alex\u00e2nia\/GO.<\/td><td style=\"color: #000000; background-color: #FFFFFF;\">An\u00e1polis\/Goi\u00e1s<\/td><td style=\"color: #000000; background-color: #FFFFFF;\">o im\u00f3vel com terreno de 820,02 m2 e \u00e1rea constru\u00edda de 231,12 m2 , situado \u00e0 Rua 40, Quadra 54, Lote 05 e Rua 39, Quadra 54, Lote 25, Setor Nova Florida, Alex\u00e2nia<\/td><td style=\"color: #000000; background-color: #FFFFFF;\">Iim\u00f3vel que abriga as instala\u00e7\u00f5es do Col\u00e9gio Estadual, Estadual 31 de Mar\u00e7o.<\/td><td style=\"color: #000000; background-color: #FFFFFF;\">Loca\u00e7\u00e3o do im\u00f3vel que abriga as instala\u00e7\u00f5es do Col\u00e9gio Estadual, Estadual 31 de Mar\u00e7o.<\/td><td style=\"color: #000000; background-color: #FFFFFF;\">R$ 1.407,89<\/td><td style=\"color: #000000; background-color: #FFFFFF;\">24 meses<\/td><td style=\"color: #000000; background-color: #FFFFFF;\">01\/01\/2021<\/td><td style=\"color: #000000; background-color: #FFFFFF;\">31\/12\/2022<\/td><td style=\"color: #000000; background-color: #FFFFFF;\">R$ 0,00<\/td><\/tr><tr><td style=\"color: #000000; background-color: #FFFFFF;\">2022<\/td><td style=\"color: #000000; background-color: #FFFFFF;\">CRE An\u00e1polis<\/td><td style=\"color: #000000; background-color: #FFFFFF;\">Contrato n\u00ba 071\/2021 de Loca\u00e7\u00e3o de im\u00f3vel\u00a0que entre si celebram o Estado de Goi\u00e1s, por interm\u00e9dio da\u00a0Secretaria de Estado da\u00a0Educa\u00e7\u00e3o\u00a0e a Diocese de\u00a0An\u00e1polis.<\/td><td style=\"color: #000000; background-color: #FFFFFF;\">Avenida Central, Qd 15, S\/n\u00ba, Setor Industrial Munir Calixto, An\u00e1polis \u2013 GO.<\/td><td style=\"color: #000000; background-color: #FFFFFF;\">An\u00e1polis\/Goi\u00e1s<\/td><td style=\"color: #000000; background-color: #FFFFFF;\">Im\u00f3vel com \u00e1rea total de 372,07 m\u00b2, Avenida Central, Qd 15, S\/n\u00ba, Setor Industrial Munir Calixto, An\u00e1polis \u2013 GO<\/td><td style=\"color: #000000; background-color: #FFFFFF;\">abrigar a extens\u00e3o do Col\u00e9gio Estadual General Curado,\u00a0situado no Setor Industrial Munir Calixto<\/td><td style=\"color: #000000; background-color: #FFFFFF;\"> Loca\u00e7\u00e3o do im\u00f3vel abrigar a extens\u00e3o do Col\u00e9gio Estadual General Curado,\u00a0situado no Setor Industrial Munir Calixto<\/td><td style=\"color: #000000; background-color: #FFFFFF;\">R$ 1.892,23<\/td><td style=\"color: #000000; background-color: #FFFFFF;\">06 meses<\/td><td style=\"color: #000000; background-color: #FFFFFF;\">20\/01\/2024<\/td><td style=\"color: #000000; background-color: #FFFFFF;\">19\/07\/2024<\/td><td style=\"color: #000000; background-color: #FFFFFF;\">IPCA de R$ 271,26<\/td><\/tr><tr><td style=\"color: #000000; background-color: #FFFFFF;\">2022<\/td><td style=\"color: #000000; background-color: #FFFFFF;\">CRE An\u00e1polis<\/td><td style=\"color: #000000; background-color: #FFFFFF;\">Contrato n\u00ba 181\/2022 de Loca\u00e7\u00e3o  de im\u00f3vel que entre si celebram o Estado de Goi\u00e1s, por intermedio da SECRETARIA DE ESTADO DA EDUCA\u00c7\u00c3O e a DIOSECE DE GOI\u00c1S.<\/td><td style=\"color: #000000; background-color: #FFFFFF;\">Rua Jo\u00e3o Jos\u00e9 Do Nascimento, Quadra 05, Lote 02, no Distrito de Interl\u00e2ndia, localiza\u00e7\u00e3o rural no munic\u00edpio de An\u00e1polis \u2013 GO.<\/td><td style=\"color: #000000; background-color: #FFFFFF;\">An\u00e1polis\/Goi\u00e1s<\/td><td style=\"color: #000000; background-color: #FFFFFF;\">a Rua Jo\u00e3o Jos\u00e9 Do Nascimento, Quadra 05, Lote 02, no Distrito de Interl\u00e2ndia, localiza\u00e7\u00e3o rural, : \u00c1rea do terreno de 1.180,06 m\u00b2 e \u00e1rea edificada de 441,09 m\u00b2.\nTerreno de topografia plana e formato regular, im\u00f3vel de meio de quadra.<\/td><td style=\"color: #000000; background-color: #FFFFFF;\">abrigar as instala\u00e7\u00f5es do Col\u00e9gio Estadual Coronel Achiles de Pina, no Distrito de Interl\u00e2ndia, localizada na zona rural do munic\u00edpio de An\u00e1polis - GO.<\/td><td style=\"color: #000000; background-color: #FFFFFF;\"> Loca\u00e7\u00e3o do im\u00f3vel para abrigar as instala\u00e7\u00f5es do Col\u00e9gio Estadual Coronel Achiles de Pina, no Distrito de Interl\u00e2ndia, localizada na zona rural do munic\u00edpio de An\u00e1polis - GO.<\/td><td style=\"color: #000000; background-color: #FFFFFF;\">R$ 2.377,48<\/td><td style=\"color: #000000; background-color: #FFFFFF;\">36 meses<\/td><td style=\"color: #000000; background-color: #FFFFFF;\">24\/11\/2022<\/td><td style=\"color: #000000; background-color: #FFFFFF;\">23\/11\/2025<\/td><td style=\"color: #000000; background-color: #FFFFFF;\">R$ 0,00<\/td><\/tr><tr><td style=\"color: #000000; background-color: #FFFFFF;\">2022<\/td><td style=\"color: #000000; background-color: #FFFFFF;\">CRE Catal\u00e3o<\/td><td style=\"color: #000000; background-color: #FFFFFF;\">Contrato de Loca\u00e7\u00e3o n\u00ba 207\/2018 que celebram o ESTADO DE GOI\u00c1S, por meio da SECRETARIA DE ESTADO DE EDUCA\u00c7\u00c3O, CULTURA E ESPORTE, e FL\u00c1VIA RESENDE.<\/td><td style=\"color: #000000; background-color: #FFFFFF;\">Rua 05 Q.03 L. 15 ao 18, n\u00ba 22, Bairro Flamboyant, Catal\u00e3o \u2013 GO <\/td><td style=\"color: #000000; background-color: #FFFFFF;\">An\u00e1polis\/Goi\u00e1s<\/td><td style=\"color: #000000; background-color: #FFFFFF;\">Im\u00f3vel comercial, estado de conserva\u00e7\u00e3o entre regular e reparos simples, idade aparente de 5 anos, padr\u00e3o galp\u00e3o industrial. Composto por 01 sal\u00e3o, 02 banheiros, 01 cozinha industrial, 01 dep\u00f3sito, 01 sala de administra\u00e7\u00e3o. \u00c1rea edificada 736,00m.<\/td><td style=\"color: #000000; background-color: #FFFFFF;\">abrigar as instala\u00e7\u00f5es do Col\u00e9gio Estadual Rita Paranhos Bretas, localizado no munic\u00edpio de Catal\u00e3o\/GO.<\/td><td style=\"color: #000000; background-color: #FFFFFF;\">Loca\u00e7\u00e3o para abrigar as instala\u00e7\u00f5es do Col\u00e9gio Estadual Rita Paranhos Bretas, localizado no munic\u00edpio de Catal\u00e3o\/GO.<\/td><td style=\"color: #000000; background-color: #FFFFFF;\">R$ 6.570,53<\/td><td style=\"color: #000000; background-color: #FFFFFF;\">36 meses<\/td><td style=\"color: #000000; background-color: #FFFFFF;\">06\/09\/2022<\/td><td style=\"color: #000000; background-color: #FFFFFF;\">05\/09\/2025<\/td><td style=\"color: #000000; background-color: #FFFFFF;\">R$ 0,00<\/td><\/tr><tr><td style=\"color: #000000; background-color: #FFFFFF;\">2022<\/td><td style=\"color: #000000; background-color: #FFFFFF;\">CRE Trindade<\/td><td style=\"color: #000000; background-color: #FFFFFF;\">\u00a0Contrato n\u00ba 191\/2009, celebrado entre o Estado de Goi\u00e1s por meio da Secretaria\u00a0de Estado de Educa\u00e7\u00e3o, Cultura e Esporte e o Sr. Milton da Luz, cujo objeto consiste na loca\u00e7\u00e3o de im\u00f3vel para abrigar o Col\u00e9gio Estadual Alfa \u00d4mega no Munic\u00edpio de Jata\u00ed<\/td><td style=\"color: #000000; background-color: #FFFFFF;\">Rua Concei\u00e7\u00e3o do Norte, Qd 02. Lt. 24, n\u00ba 380, Setor Jardim Ipanema, Trindade - GO.<\/td><td style=\"color: #000000; background-color: #FFFFFF;\">Trindade\/GO<\/td><td style=\"color: #000000; background-color: #FFFFFF;\">O im\u00f3vel \u00e9 composto por Hall de entrada, 15 (quinze) salas de aulas, 01 (uma) biblioteca, 01(uma) sala para professores, 01 (uma) sala da secretaria, 01 (uma) sala da diretoria e 01(uma) sala da coordena\u00e7\u00e3o, 02 (dois) almoxarifado, 01 (um) dep\u00f3sito, 03 (tr\u00eas) banheiros e 1 (um) p\u00e1tio. \u00c1rea Terreno (m\u00b2):\n\u00c1rea Edificada (m\u00b2):\n2.160,00\n1.469,42<\/td><td style=\"color: #000000; background-color: #FFFFFF;\"> Instala\u00e7\u00f5es do Col\u00e9gio Estadual Alfa e \u00d4mega, situado no munic\u00edpio de Trindade \u2013 Goi\u00e1s.<\/td><td style=\"color: #000000; background-color: #FFFFFF;\">Loca\u00e7\u00e3o do im\u00f3vel que abriga as instala\u00e7\u00f5es do\u00a0Col\u00e9gio Estadual Alfa e \u00d4mega, situado no munic\u00edpio de Trindade \u2013 Goi\u00e1s.<\/td><td style=\"color: #000000; background-color: #FFFFFF;\">R$ 12.564,57<\/td><td style=\"color: #000000; background-color: #FFFFFF;\">24 meses<\/td><td style=\"color: #000000; background-color: #FFFFFF;\">01\/01\/2022<\/td><td style=\"color: #000000; background-color: #FFFFFF;\">31\/12\/2023<\/td><td style=\"color: #000000; background-color: #FFFFFF;\">IPCA de R$ 1.126,63<\/td><\/tr><tr><td style=\"color: #000000; background-color: #FFFFFF;\">2021<\/td><td style=\"color: #000000; background-color: #FFFFFF;\">SEDUC<\/td><td style=\"color: #000000; background-color: #FFFFFF;\"> CONTRATO DE LOCA\u00c7\u00c3O DE IM\u00d3VEL N\u00ba 220\/2009 que entre si celebram o ESTADO DE GOI\u00c1S, atrav\u00e9s da SECRETARIA DA EDUCA\u00c7\u00c3O e ASPAM PARTICIPA\u00c7\u00c3O LTDA<\/td><td style=\"color: #000000; background-color: #FFFFFF;\">Avenida Perimetral Norte, n\u00ba 2.859, lote 02 e 03, Galp\u00e3o 08 \u2013 Bloco A, Vila Jo\u00e3o Vaz, Goi\u00e2nia - Goi\u00e1s<\/td><td style=\"color: #000000; background-color: #FFFFFF;\">Goi\u00e2nia - Goi\u00e1s<\/td><td style=\"color: #000000; background-color: #FFFFFF;\">com \u00e1rea edificada de 4.007,18 m\u00b2<\/td><td style=\"color: #000000; background-color: #FFFFFF;\">Instala\u00e7\u00e3o do Almoxarifado da Centralizada.<\/td><td style=\"color: #000000; background-color: #FFFFFF;\">Contrato de\u00a0loca\u00e7\u00e3o de im\u00f3vel para abrigar o Almoxarifado da Centralizada.<\/td><td style=\"color: #000000; background-color: #FFFFFF;\">R$ 28.000,00<\/td><td style=\"color: #000000; background-color: #FFFFFF;\">04 meses<\/td><td style=\"color: #000000; background-color: #FFFFFF;\">18\/02\/2021<\/td><td style=\"color: #000000; background-color: #FFFFFF;\">17\/06\/2021<\/td><td style=\"color: #000000; background-color: #FFFFFF;\">R$ 0,00<\/td><\/tr><tr><td style=\"color: #000000; background-color: #FFFFFF;\">2021<\/td><td style=\"color: #000000; background-color: #FFFFFF;\">CRE \u00c1guas Lindas<\/td><td style=\"color: #000000; background-color: #FFFFFF;\">CONTRATO N\u00ba 213\/13, que entre si celebram o ESTADO DE GOI\u00c1S por meio da SECRETARIA DE ESTADO DA EDUCA\u00c7\u00c3O, CULTURA E ESPORTE e MARCOS AUR\u00c9LIO VIANA DA CUNHA e CAMILA ORIGA VIANA DA CUNHA.<\/td><td style=\"color: #000000; background-color: #FFFFFF;\">Rua 12, Qd. 31, Lotes 25\/26\/35\/36\/37\/38\/39, Residencial Camp Clube, \u00c1guas Lindas de Goi\u00e1s\/GO<\/td><td style=\"color: #000000; background-color: #FFFFFF;\">\u00c1guas Lindas de Goi\u00e1s\/GO<\/td><td style=\"color: #000000; background-color: #FFFFFF;\">Im\u00f3vel comercial, contendo 01 varanda, 06 salas de aula, 01 biblioteca, 01 sala de inform\u00e1tica, 01 secretaria, 01 sala dos professores, 01 cantina, 02 dep\u00f3sitos,  01 corredor, 03 banheiros privados, 02 banheiros coletivos, 01 p\u00e1tio coberto, 02 p\u00e1tios descobertos. \u00e0rea 1750 metros.<\/td><td style=\"color: #000000; background-color: #FFFFFF;\"> Instala\u00e7\u00f5es do Col\u00e9gio Estadual, Piaget.<\/td><td style=\"color: #000000; background-color: #FFFFFF;\">\u00a0loca\u00e7\u00e3o do im\u00f3vel que abriga as instala\u00e7\u00f5es do Col\u00e9gio Estadual, Piaget<\/td><td style=\"color: #000000; background-color: #FFFFFF;\">R$ 5.631,88<\/td><td style=\"color: #000000; background-color: #FFFFFF;\">24 meses<\/td><td style=\"color: #000000; background-color: #FFFFFF;\">21\/01\/2021<\/td><td style=\"color: #000000; background-color: #FFFFFF;\">20\/01\/2024<\/td><td style=\"color: #000000; background-color: #FFFFFF;\">R$ 0,00<\/td><\/tr><tr><td style=\"color: #000000; background-color: #FFFFFF;\">2021<\/td><td style=\"color: #000000; background-color: #FFFFFF;\">CRE \u00c1guas Lindas<\/td><td style=\"color: #000000; background-color: #FFFFFF;\">CONTRATO N\u00ba 213\/13, que entre si celebram o ESTADO DE GOI\u00c1S por meio da SECRETARIA DE ESTADO DA EDUCA\u00c7\u00c3O, CULTURA E ESPORTE e MARCOS AUR\u00c9LIO VIANA DA CUNHA e CAMILA ORIGA VIANA DA CUNHA.<\/td><td style=\"color: #000000; background-color: #FFFFFF;\">Rua 12, Qd. 31, Lotes 25\/26\/35\/36\/37\/38\/39, Residencial Camp Clube, \u00c1guas Lindas de Goi\u00e1s\/GO<\/td><td style=\"color: #000000; background-color: #FFFFFF;\">\u00c1guas Lindas de Goi\u00e1s\/GO<\/td><td style=\"color: #000000; background-color: #FFFFFF;\">Im\u00f3vel comercial, contendo 01 varanda, 06 salas de aula, 01 biblioteca, 01 sala de inform\u00e1tica, 01 secretaria, 01 sala dos professores, 01 cantina, 02 dep\u00f3sitos,  01 corredor, 03 banheiros privados, 02 banheiros coletivos, 01 p\u00e1tio coberto, 02 p\u00e1tios descobertos. \u00e0rea 1750 metros.<\/td><td style=\"color: #000000; background-color: #FFFFFF;\"> Instala\u00e7\u00f5es do Col\u00e9gio Estadual, Piaget.<\/td><td style=\"color: #000000; background-color: #FFFFFF;\">\u00a0loca\u00e7\u00e3o do im\u00f3vel que abriga as instala\u00e7\u00f5es do Col\u00e9gio Estadual, Piaget<\/td><td style=\"color: #000000; background-color: #FFFFFF;\">R$ 5.631,88<\/td><td style=\"color: #000000; background-color: #FFFFFF;\">36 meses<\/td><td style=\"color: #000000; background-color: #FFFFFF;\">21\/01\/2021<\/td><td style=\"color: #000000; background-color: #FFFFFF;\">20\/01\/2024<\/td><td style=\"color: #000000; background-color: #FFFFFF;\">R$ 0,00<\/td><\/tr><tr><td style=\"color: #000000; background-color: #FFFFFF;\">2021<\/td><td style=\"color: #000000; background-color: #FFFFFF;\">CRE \u00c1guas Lindas<\/td><td style=\"color: #000000; background-color: #FFFFFF;\"> CONTRATO N\u00ba 157\/09, que entre si celebram o ESTADO DE GOI\u00c1S por meio da SECRETARIA DE ESTADO DA EDUCA\u00c7\u00c3O, CULTURA E ESPORTE e LE\u00d4NIDAS PIRES RIBEIRO GON\u00c7ALVES.<\/td><td style=\"color: #000000; background-color: #FFFFFF;\">Quadra 44, conjunto B, Lotes 41, 43, 45, 47, 49 e 51 - Parque Barragem- Setor 2 - \u00c1guas Lindas de Goi\u00e1s<\/td><td style=\"color: #000000; background-color: #FFFFFF;\">\u00c1guas Lindas de Goi\u00e1s\/GO<\/td><td style=\"color: #000000; background-color: #FFFFFF;\">im\u00f3vel com \u00e1rea do terreno de 3.348,00 m\u00b2 e \u00e1rea constru\u00edda de 1.454,40 m\u00b2, situado \u00e0 Rua Araguaia, Quadra 44, Conjunto B, Lotes 41, 43, 45, 47, 49 e 51 - Parque da Barragem, Setor 2, em \u00c1guas Lindas - GO<\/td><td style=\"color: #000000; background-color: #FFFFFF;\"> Instala\u00e7\u00f5es do Col\u00e9gio Estadual Rafael de Sousa<\/td><td style=\"color: #000000; background-color: #FFFFFF;\">loca\u00e7\u00e3o de im\u00f3vel consiste em\u00a0abrigar as instala\u00e7\u00f5es do Col\u00e9gio Estadual Rafael de Sousa<\/td><td style=\"color: #000000; background-color: #FFFFFF;\">R$ 14.429,34<\/td><td style=\"color: #000000; background-color: #FFFFFF;\">24 meses<\/td><td style=\"color: #000000; background-color: #FFFFFF;\">01\/01\/2021<\/td><td style=\"color: #000000; background-color: #FFFFFF;\">31\/12\/2022<\/td><td style=\"color: #000000; background-color: #FFFFFF;\">R$ 0,00<\/td><\/tr><tr><td style=\"color: #000000; background-color: #FFFFFF;\">2021<\/td><td style=\"color: #000000; background-color: #FFFFFF;\">CRE \u00c1guas Lindas<\/td><td style=\"color: #000000; background-color: #FFFFFF;\">Contrato n\u00ba 157\/2009, celebrado entre o Estado de Goi\u00e1s, por meio da Secretaria de Estado da Educa\u00e7\u00e3o, e o Sr. Marco Aur\u00e9lio Viana da Cunha e a Sr\u00aa Camila Origa Viana da Cunha, cujo objeto consiste na loca\u00e7\u00e3o de im\u00f3vel para abrigar as instala\u00e7\u00f5es do Col\u00e9gio Estadual Em\u00edlia Ferreira Branco, no munic\u00edpio de \u00c1guas Lindas\/GO.<\/td><td style=\"color: #000000; background-color: #FFFFFF;\">Rua 04, QD. N, LT. 04, Ch\u00e1cara Coimbra, \u00c1guas Lindas\/GO.<\/td><td style=\"color: #000000; background-color: #FFFFFF;\">\u00c1guas Lindas de Goi\u00e1s\/GO<\/td><td style=\"color: #000000; background-color: #FFFFFF;\">im\u00f3vel com \u00e1rea do terreno de 4.524,00 m\u00b2, \u00e1rea constru\u00edda de 1.182,96 m\u00b2, situado \u00e0 Rua 04, Quadra N, Lote 04, Ch\u00e1cara Coimbra, em \u00c1guas Lindas - GO<\/td><td style=\"color: #000000; background-color: #FFFFFF;\">s instala\u00e7\u00f5es do Col\u00e9gio Estadual Em\u00edlia Ferreira Branco.<\/td><td style=\"color: #000000; background-color: #FFFFFF;\">loca\u00e7\u00e3o do im\u00f3vel que abriga as instala\u00e7\u00f5es do Col\u00e9gio Estadual, Em\u00edlia Ferreira Branco, localizado no munic\u00edpio de \u00c1guas Lindas\/GO.<\/td><td style=\"color: #000000; background-color: #FFFFFF;\">R$ 9.964,34<\/td><td style=\"color: #000000; background-color: #FFFFFF;\">24 meses<\/td><td style=\"color: #000000; background-color: #FFFFFF;\">17\/12\/2020<\/td><td style=\"color: #000000; background-color: #FFFFFF;\">16\/12\/2022<\/td><td style=\"color: #000000; background-color: #FFFFFF;\">R$ 0,00<\/td><\/tr><tr><td style=\"color: #000000; background-color: #FFFFFF;\">2021<\/td><td style=\"color: #000000; background-color: #FFFFFF;\">CRE An\u00e1polis<\/td><td style=\"color: #000000; background-color: #FFFFFF;\">\nCONTRATO N\u00ba 088\/2008 que entre si celebram o\nESTADO DE GOI\u00c1S por meio da SECRETARIA\nDE ESTADO DA EDUCA\u00c7\u00c3O e EDUARDO\nPEREIRA LOBO e JOS\u00c9 ANANIAS LOBO\nJ\u00daNIOR.<\/td><td style=\"color: #000000; background-color: #FFFFFF;\">Rua 40, Lote 05 da QD. 54, Rua 39, Lote 25 da Qd. 54 - Alex\u00e2nia\/GO.<\/td><td style=\"color: #000000; background-color: #FFFFFF;\">An\u00e1polis\/Goi\u00e1s<\/td><td style=\"color: #000000; background-color: #FFFFFF;\">o im\u00f3vel com terreno de 820,02 m2 e \u00e1rea constru\u00edda de 231,12 m2 , situado \u00e0 Rua 40, Quadra 54, Lote 05 e Rua 39, Quadra 54, Lote 25, Setor Nova Florida, Alex\u00e2nia<\/td><td style=\"color: #000000; background-color: #FFFFFF;\">Iim\u00f3vel que abriga as instala\u00e7\u00f5es do Col\u00e9gio Estadual, Estadual 31 de Mar\u00e7o.<\/td><td style=\"color: #000000; background-color: #FFFFFF;\">Loca\u00e7\u00e3o do im\u00f3vel que abriga as instala\u00e7\u00f5es do Col\u00e9gio Estadual, Estadual 31 de Mar\u00e7o.<\/td><td style=\"color: #000000; background-color: #FFFFFF;\">R$ 1.407,89<\/td><td style=\"color: #000000; background-color: #FFFFFF;\">24 meses<\/td><td style=\"color: #000000; background-color: #FFFFFF;\">01\/01\/2021<\/td><td style=\"color: #000000; background-color: #FFFFFF;\">31\/12\/2022<\/td><td style=\"color: #000000; background-color: #FFFFFF;\">R$ 0,00<\/td><\/tr><tr><td style=\"color: #000000; background-color: #FFFFFF;\">2021<\/td><td style=\"color: #000000; background-color: #FFFFFF;\">CRE An\u00e1polis<\/td><td style=\"color: #000000; background-color: #FFFFFF;\">Contrato n\u00ba 071\/2021 de Loca\u00e7\u00e3o de im\u00f3vel\u00a0que entre si celebram o Estado de Goi\u00e1s, por interm\u00e9dio da\u00a0Secretaria de Estado da\u00a0Educa\u00e7\u00e3o\u00a0e a Diocese de\u00a0An\u00e1polis.<\/td><td style=\"color: #000000; background-color: #FFFFFF;\">Avenida Central, Qd 15, S\/n\u00ba, Setor Industrial Munir Calixto, An\u00e1polis \u2013 GO.<\/td><td style=\"color: #000000; background-color: #FFFFFF;\">An\u00e1polis\/Goi\u00e1s<\/td><td style=\"color: #000000; background-color: #FFFFFF;\">Im\u00f3vel com \u00e1rea total de 372,07 m\u00b2, Avenida Central, Qd 15, S\/n\u00ba, Setor Industrial Munir Calixto, An\u00e1polis \u2013 GO<\/td><td style=\"color: #000000; background-color: #FFFFFF;\">abrigar a extens\u00e3o do Col\u00e9gio Estadual General Curado,\u00a0situado no Setor Industrial Munir Calixto<\/td><td style=\"color: #000000; background-color: #FFFFFF;\"> Loca\u00e7\u00e3o do im\u00f3vel abrigar a extens\u00e3o do Col\u00e9gio Estadual General Curado,\u00a0situado no Setor Industrial Munir Calixto<\/td><td style=\"color: #000000; background-color: #FFFFFF;\">R$ 1.620,97<\/td><td style=\"color: #000000; background-color: #FFFFFF;\">24 meses<\/td><td style=\"color: #000000; background-color: #FFFFFF;\">21\/07\/2021<\/td><td style=\"color: #000000; background-color: #FFFFFF;\">20\/01\/2024<\/td><td style=\"color: #000000; background-color: #FFFFFF;\">R$ 0,00<\/td><\/tr><tr><td style=\"color: #000000; background-color: #FFFFFF;\">2021<\/td><td style=\"color: #000000; background-color: #FFFFFF;\">CRE An\u00e1polis<\/td><td style=\"color: #000000; background-color: #FFFFFF;\">Contrato n\u00ba 181\/2022 de Loca\u00e7\u00e3o  de im\u00f3vel que entre si celebram o Estado de Goi\u00e1s, por intermedio da SECRETARIA DE ESTADO DA EDUCA\u00c7\u00c3O e a DIOSECE DE GOI\u00c1S.<\/td><td style=\"color: #000000; background-color: #FFFFFF;\">Rua Jo\u00e3o Jos\u00e9 Do Nascimento, Quadra 05, Lote 02, no Distrito de Interl\u00e2ndia, localiza\u00e7\u00e3o rural no munic\u00edpio de An\u00e1polis \u2013 GO.<\/td><td style=\"color: #000000; background-color: #FFFFFF;\">An\u00e1polis\/Goi\u00e1s<\/td><td style=\"color: #000000; background-color: #FFFFFF;\">a Rua Jo\u00e3o Jos\u00e9 Do Nascimento, Quadra 05, Lote 02, no Distrito de Interl\u00e2ndia, localiza\u00e7\u00e3o rural, : \u00c1rea do terreno de 1.180,06 m\u00b2 e \u00e1rea edificada de 441,09 m\u00b2.\nTerreno de topografia plana e formato regular, im\u00f3vel de meio de quadra.<\/td><td style=\"color: #000000; background-color: #FFFFFF;\">abrigar as instala\u00e7\u00f5es do Col\u00e9gio Estadual Coronel Achiles de Pina, no Distrito de Interl\u00e2ndia, localizada na zona rural do munic\u00edpio de An\u00e1polis - GO.<\/td><td style=\"color: #000000; background-color: #FFFFFF;\"> Loca\u00e7\u00e3o do im\u00f3vel para abrigar as instala\u00e7\u00f5es do Col\u00e9gio Estadual Coronel Achiles de Pina, no Distrito de Interl\u00e2ndia, localizada na zona rural do munic\u00edpio de An\u00e1polis - GO.<\/td><td style=\"color: #000000; background-color: #FFFFFF;\">R$ 2.377,48<\/td><td style=\"color: #000000; background-color: #FFFFFF;\">24 meses<\/td><td style=\"color: #000000; background-color: #FFFFFF;\">06\/09\/2020<\/td><td style=\"color: #000000; background-color: #FFFFFF;\">05\/09\/2022<\/td><td style=\"color: #000000; background-color: #FFFFFF;\">R$ 0,00<\/td><\/tr><tr><td style=\"color: #000000; background-color: #FFFFFF;\">2021<\/td><td style=\"color: #000000; background-color: #FFFFFF;\">CRE Trindade<\/td><td style=\"color: #000000; background-color: #FFFFFF;\">\u00a0Contrato n\u00ba 191\/2009, celebrado entre o Estado de Goi\u00e1s por meio da Secretaria\u00a0de Estado de Educa\u00e7\u00e3o, Cultura e Esporte e o Sr. Milton da Luz, cujo objeto consiste na loca\u00e7\u00e3o de im\u00f3vel para abrigar o Col\u00e9gio Estadual Alfa \u00d4mega no Munic\u00edpio de Jata\u00ed<\/td><td style=\"color: #000000; background-color: #FFFFFF;\">Rua Concei\u00e7\u00e3o do Norte, Qd 02. Lt. 24, n\u00ba 380, Setor Jardim Ipanema, Trindade - GO.<\/td><td style=\"color: #000000; background-color: #FFFFFF;\">Trindade\/GO<\/td><td style=\"color: #000000; background-color: #FFFFFF;\">O im\u00f3vel \u00e9 composto por Hall de entrada, 15 (quinze) salas de aulas, 01 (uma) biblioteca, 01(uma) sala para professores, 01 (uma) sala da secretaria, 01 (uma) sala da diretoria e 01(uma) sala da coordena\u00e7\u00e3o, 02 (dois) almoxarifado, 01 (um) dep\u00f3sito, 03 (tr\u00eas) banheiros e 1 (um) p\u00e1tio. \u00c1rea Terreno (m\u00b2):\n\u00c1rea Edificada (m\u00b2):\n2.160,00\n1.469,42<\/td><td style=\"color: #000000; background-color: #FFFFFF;\"> Instala\u00e7\u00f5es do Col\u00e9gio Estadual Alfa e \u00d4mega, situado no munic\u00edpio de Trindade \u2013 Goi\u00e1s.<\/td><td style=\"color: #000000; background-color: #FFFFFF;\">Loca\u00e7\u00e3o do im\u00f3vel que abriga as instala\u00e7\u00f5es do\u00a0Col\u00e9gio Estadual Alfa e \u00d4mega, situado no munic\u00edpio de Trindade \u2013 Goi\u00e1s.<\/td><td style=\"color: #000000; background-color: #FFFFFF;\">R$ 11.437,94<\/td><td style=\"color: #000000; background-color: #FFFFFF;\">12 meses<\/td><td style=\"color: #000000; background-color: #FFFFFF;\">01\/01\/2021<\/td><td style=\"color: #000000; background-color: #FFFFFF;\">31\/12\/2021<\/td><td style=\"color: #000000; background-color: #FFFFFF;\">R$ 0,00<\/td><\/tr><\/tbody><\/table><div class=\"wp-block-file\"><a href=\"https:\/\/goias.gov.br\/educacao\/wp-content\/uploads\/sites\/40\/2024\/AcessoaInformacao\/LocacaoImoveis\/Contrato_Locacao_Imoveis.xlsx\">Contrato_Locacao_Imoveis.xlsx&nbsp; <span class=\"wp-block-file__button wp-element-button\">Baixar<\/span><\/a><\/div>\n","protected":false},"excerpt":{"rendered":"<p>Contratos de loca\u00e7\u00e3o de im\u00f3veis &#8211; Excel<\/p>\n","protected":false},"author":465,"featured_media":0,"comment_status":"closed","ping_status":"open","sticky":false,"template":"","format":"standard","meta":{"footnotes":""},"categories":[],"tags":[],"class_list":["post-100799","post","type-post","status-publish","format-standard","hentry"],"rttpg_featured_image_url":null,"rttpg_author":{"display_name":"laysmendes","author_link":"https:\/\/goias.gov.br\/educacao\/author\/laysmendes\/"},"rttpg_comment":0,"rttpg_category":"Sem categoria","rttpg_excerpt":"Contratos de loca\u00e7\u00e3o de im\u00f3veis &#8211; Excel","_links":{"self":[{"href":"https:\/\/goias.gov.br\/educacao\/wp-json\/wp\/v2\/posts\/100799","targetHints":{"allow":["GET"]}}],"collection":[{"href":"https:\/\/goias.gov.br\/educacao\/wp-json\/wp\/v2\/posts"}],"about":[{"href":"https:\/\/goias.gov.br\/educacao\/wp-json\/wp\/v2\/types\/post"}],"author":[{"embeddable":true,"href":"https:\/\/goias.gov.br\/educacao\/wp-json\/wp\/v2\/users\/465"}],"replies":[{"embeddable":true,"href":"https:\/\/goias.gov.br\/educacao\/wp-json\/wp\/v2\/comments?post=100799"}],"version-history":[{"count":2,"href":"https:\/\/goias.gov.br\/educacao\/wp-json\/wp\/v2\/posts\/100799\/revisions"}],"predecessor-version":[{"id":126315,"href":"https:\/\/goias.gov.br\/educacao\/wp-json\/wp\/v2\/posts\/100799\/revisions\/126315"}],"wp:attachment":[{"href":"https:\/\/goias.gov.br\/educacao\/wp-json\/wp\/v2\/media?parent=100799"}],"wp:term":[{"taxonomy":"category","embeddable":true,"href":"https:\/\/goias.gov.br\/educacao\/wp-json\/wp\/v2\/categories?post=100799"},{"taxonomy":"post_tag","embeddable":true,"href":"https:\/\/goias.gov.br\/educacao\/wp-json\/wp\/v2\/tags?post=100799"}],"curies":[{"name":"wp","href":"https:\/\/api.w.org\/{rel}","templated":true}]}}